{"id":16130,"date":"2014-01-23T18:50:11","date_gmt":"2014-01-23T17:50:11","guid":{"rendered":"http:\/\/www.granadablogs.com\/pateandoelmundo\/?p=16130"},"modified":"2014-01-23T18:50:11","modified_gmt":"2014-01-23T17:50:11","slug":"oriente-medio","status":"publish","type":"post","link":"https:\/\/www.granadablogs.com\/pateandoelmundo\/oriente-medio\/","title":{"rendered":"Oriente Medio"},"content":{"rendered":"<p><a href=\"http:\/\/www.granadablogs.com\/pateandoelmundo\/wp-content\/uploads\/2014\/01\/Damsco-y-L\u00edbano-Navidad-2008-149.jpg\"><img loading=\"lazy\" decoding=\"async\" class=\"aligncenter size-medium wp-image-16132\" alt=\"L\u00edbano\" src=\"http:\/\/www.granadablogs.com\/pateandoelmundo\/wp-content\/uploads\/2014\/01\/Damsco-y-L\u00edbano-Navidad-2008-149-300x225.jpg\" width=\"300\" height=\"225\" srcset=\"https:\/\/www.granadablogs.com\/pateandoelmundo\/wp-content\/uploads\/2014\/01\/Damsco-y-L\u00edbano-Navidad-2008-149-300x225.jpg 300w, https:\/\/www.granadablogs.com\/pateandoelmundo\/wp-content\/uploads\/2014\/01\/Damsco-y-L\u00edbano-Navidad-2008-149-1024x768.jpg 1024w\" sizes=\"auto, (max-width: 300px) 100vw, 300px\" \/><\/a><\/p>\n<p>&nbsp;<\/p>\n<p><a href=\"http:\/\/www.granadablogs.com\/pateandoelmundo\/wp-content\/uploads\/2014\/01\/Damsco-y-L\u00edbano-Navidad-2008-150.jpg\"><img loading=\"lazy\" decoding=\"async\" class=\"aligncenter size-medium wp-image-16133\" alt=\"L\u00edbano\" src=\"http:\/\/www.granadablogs.com\/pateandoelmundo\/wp-content\/uploads\/2014\/01\/Damsco-y-L\u00edbano-Navidad-2008-150-225x300.jpg\" width=\"225\" height=\"300\" srcset=\"https:\/\/www.granadablogs.com\/pateandoelmundo\/wp-content\/uploads\/2014\/01\/Damsco-y-L\u00edbano-Navidad-2008-150-225x300.jpg 225w, https:\/\/www.granadablogs.com\/pateandoelmundo\/wp-content\/uploads\/2014\/01\/Damsco-y-L\u00edbano-Navidad-2008-150-768x1024.jpg 768w\" sizes=\"auto, (max-width: 225px) 100vw, 225px\" \/><\/a><\/p>\n<p>&nbsp;<\/p>\n<p><a href=\"http:\/\/www.granadablogs.com\/pateandoelmundo\/wp-content\/uploads\/2014\/01\/Damsco-y-L\u00edbano-Navidad-2008-143.jpg\"><img loading=\"lazy\" decoding=\"async\" class=\"aligncenter size-medium wp-image-16134\" alt=\"Soldado L\u00edbano\" src=\"http:\/\/www.granadablogs.com\/pateandoelmundo\/wp-content\/uploads\/2014\/01\/Damsco-y-L\u00edbano-Navidad-2008-143-225x300.jpg\" width=\"225\" height=\"300\" srcset=\"https:\/\/www.granadablogs.com\/pateandoelmundo\/wp-content\/uploads\/2014\/01\/Damsco-y-L\u00edbano-Navidad-2008-143-225x300.jpg 225w, https:\/\/www.granadablogs.com\/pateandoelmundo\/wp-content\/uploads\/2014\/01\/Damsco-y-L\u00edbano-Navidad-2008-143-768x1024.jpg 768w\" sizes=\"auto, (max-width: 225px) 100vw, 225px\" \/><\/a><\/p>\n<p>&nbsp;<\/p>\n<p>De estas fotos que hice en el L\u00edbano hace unos a\u00f1os, <a href=\"http:\/\/www.granadablogs.com\/pateandoelmundo\/navidades-en-guerra\/\" target=\"_blank\">en relaci\u00f3n a este art\u00edculo que publiqu\u00e9 hace unas semanas en IDEAL<\/a> (y que me gustar\u00eda que leyeses) y al libro que acabo de leer, quisiera yo escribir.<\/p>\n<p>&nbsp;<\/p>\n<p>Ya solo me falta el tiempo.<\/p>\n<p>&nbsp;<\/p>\n<p>Gracias y&#8230; \u00a1seguimos!<\/p>\n<p>&nbsp;<\/p>\n<p>Jes\u00fas Lens<\/p>\n<p><a href=\"https:\/\/twitter.com\/Jesus_Lens\" target=\"_blank\"><img loading=\"lazy\" decoding=\"async\" class=\"size-full wp-image-15979 alignleft\" alt=\"Firma Twitter\" src=\"http:\/\/www.granadablogs.com\/pateandoelmundo\/wp-content\/uploads\/2014\/01\/Firma-Twitter.jpg\" width=\"196\" height=\"47\" \/><\/a><\/p>\n","protected":false},"excerpt":{"rendered":"<p>&nbsp; &nbsp; &nbsp; De estas fotos que hice en el L\u00edbano hace unos a\u00f1os, en relaci\u00f3n a este art\u00edculo que publiqu\u00e9 hace unas semanas en IDEAL (y que me gustar\u00eda que leyeses) y al libro que acabo de leer, quisiera yo escribir. &nbsp; Ya solo me falta el tiempo. &nbsp; Gracias y&#8230; \u00a1seguimos! &nbsp; Jes\u00fas [&hellip;]<\/p>\n","protected":false},"author":1,"featured_media":0,"comment_status":"open","ping_status":"open","sticky":false,"template":"","format":"standard","meta":{"jetpack_post_was_ever_published":false,"_jetpack_newsletter_access":"","_jetpack_dont_email_post_to_subs":false,"_jetpack_newsletter_tier_id":0,"_jetpack_memberships_contains_paywalled_content":false,"_jetpack_memberships_contains_paid_content":false,"footnotes":""},"categories":[6],"tags":[9878,212,9877,24],"class_list":["post-16130","post","type-post","status-publish","format-standard","hentry","category-opinion","tag-paz-oriente-medio","tag-siria","tag-viajar-oriente-medio","tag-viajes"],"jetpack_featured_media_url":"","jetpack_sharing_enabled":true,"_links":{"self":[{"href":"https:\/\/www.granadablogs.com\/pateandoelmundo\/wp-json\/wp\/v2\/posts\/16130","targetHints":{"allow":["GET"]}}],"collection":[{"href":"https:\/\/www.granadablogs.com\/pateandoelmundo\/wp-json\/wp\/v2\/posts"}],"about":[{"href":"https:\/\/www.granadablogs.com\/pateandoelmundo\/wp-json\/wp\/v2\/types\/post"}],"author":[{"embeddable":true,"href":"https:\/\/www.granadablogs.com\/pateandoelmundo\/wp-json\/wp\/v2\/users\/1"}],"replies":[{"embeddable":true,"href":"https:\/\/www.granadablogs.com\/pateandoelmundo\/wp-json\/wp\/v2\/comments?post=16130"}],"version-history":[{"count":1,"href":"https:\/\/www.granadablogs.com\/pateandoelmundo\/wp-json\/wp\/v2\/posts\/16130\/revisions"}],"predecessor-version":[{"id":16135,"href":"https:\/\/www.granadablogs.com\/pateandoelmundo\/wp-json\/wp\/v2\/posts\/16130\/revisions\/16135"}],"wp:attachment":[{"href":"https:\/\/www.granadablogs.com\/pateandoelmundo\/wp-json\/wp\/v2\/media?parent=16130"}],"wp:term":[{"taxonomy":"category","embeddable":true,"href":"https:\/\/www.granadablogs.com\/pateandoelmundo\/wp-json\/wp\/v2\/categories?post=16130"},{"taxonomy":"post_tag","embeddable":true,"href":"https:\/\/www.granadablogs.com\/pateandoelmundo\/wp-json\/wp\/v2\/tags?post=16130"}],"curies":[{"name":"wp","href":"https:\/\/api.w.org\/{rel}","templated":true}]}}