{"id":16019,"date":"2014-01-10T17:50:32","date_gmt":"2014-01-10T16:50:32","guid":{"rendered":"http:\/\/www.granadablogs.com\/pateandoelmundo\/?p=16019"},"modified":"2014-01-10T13:18:25","modified_gmt":"2014-01-10T12:18:25","slug":"la-habitacion-al-fondo-de-la-casa","status":"publish","type":"post","link":"https:\/\/www.granadablogs.com\/pateandoelmundo\/la-habitacion-al-fondo-de-la-casa\/","title":{"rendered":"La habitaci\u00f3n al fondo de la casa"},"content":{"rendered":"<p style=\"text-align: justify;\">Yo creo que ha sido la Crisis, que sigue campando por sus respetos, ense\u00f1oreada en esta nuestra sociedad, la que ha contribuido a hacer de la lectura de \u201cLa habitaci\u00f3n al fondo de la casa\u201d algo tan apasionante y enriquecedor.<\/p>\n<p style=\"text-align: justify;\">\u00a0<a href=\"http:\/\/www.granadablogs.com\/pateandoelmundo\/wp-content\/uploads\/2014\/01\/La-habitaci\u00f3n-al-otro-lado-de-la-casa.jpg\"><img loading=\"lazy\" decoding=\"async\" class=\"aligncenter size-full wp-image-16020\" alt=\"La habitaci\u00f3n al otro lado de la casa\" src=\"http:\/\/www.granadablogs.com\/pateandoelmundo\/wp-content\/uploads\/2014\/01\/La-habitaci\u00f3n-al-otro-lado-de-la-casa.jpg\" width=\"264\" height=\"334\" srcset=\"https:\/\/www.granadablogs.com\/pateandoelmundo\/wp-content\/uploads\/2014\/01\/La-habitaci\u00f3n-al-otro-lado-de-la-casa.jpg 264w, https:\/\/www.granadablogs.com\/pateandoelmundo\/wp-content\/uploads\/2014\/01\/La-habitaci\u00f3n-al-otro-lado-de-la-casa-237x300.jpg 237w\" sizes=\"auto, (max-width: 264px) 100vw, 264px\" \/><\/a><\/p>\n<p style=\"text-align: justify;\">Porque, cuando todo va mal, una buena dosis de realismo m\u00e1gico ayuda a sobrellevar el peso de la existencia. Y la novela de Jorge Gal\u00e1n es puro realismo m\u00e1gico, por los cuatro costados, desde que comienza hasta que termina.<\/p>\n<p style=\"text-align: justify;\">\n<p style=\"text-align: justify;\">No es necesario, en este caso, que el autor nos lleve a Macondo. No hace falta. Porque El Salvador est\u00e1 ah\u00ed. Y Panam\u00e1. \u00a1Impresionante, Centroam\u00e9rica! Una Centroam\u00e9rica que, habitualmente ignorada por Espa\u00f1a -salvo cuando se trata de excavar en el Canal y ganar mucho dinero- rezuma vida. Y calor. Y color. Porque es m\u00e1gica. A la vez que real.<\/p>\n<p style=\"text-align: justify;\">\n<p style=\"text-align: justify;\">Tratar de explicar de qu\u00e9 va una novela como \u201cLa habitaci\u00f3n al fondo de la casa\u201d ser\u00eda un ejercicio de futilidad. Ser\u00eda como tratar de explicar el calor del sol, los colores de los cuadros de Van Gogh o los decibelios de un concierto de RATM: son experiencias sensoriales que hay que disfrutar, en primera persona, para apreciarlas.<\/p>\n<p style=\"text-align: justify;\">\u00a0<a href=\"http:\/\/www.granadablogs.com\/pateandoelmundo\/wp-content\/uploads\/2014\/01\/La-habitaci\u00f3n-al-otro-lado-de-la-casa-autor.jpg\"><img loading=\"lazy\" decoding=\"async\" class=\"aligncenter size-medium wp-image-16021\" alt=\"La habitaci\u00f3n al otro lado de la casa autor\" src=\"http:\/\/www.granadablogs.com\/pateandoelmundo\/wp-content\/uploads\/2014\/01\/La-habitaci\u00f3n-al-otro-lado-de-la-casa-autor-200x300.jpg\" width=\"200\" height=\"300\" srcset=\"https:\/\/www.granadablogs.com\/pateandoelmundo\/wp-content\/uploads\/2014\/01\/La-habitaci\u00f3n-al-otro-lado-de-la-casa-autor-200x300.jpg 200w, https:\/\/www.granadablogs.com\/pateandoelmundo\/wp-content\/uploads\/2014\/01\/La-habitaci\u00f3n-al-otro-lado-de-la-casa-autor-682x1024.jpg 682w, https:\/\/www.granadablogs.com\/pateandoelmundo\/wp-content\/uploads\/2014\/01\/La-habitaci\u00f3n-al-otro-lado-de-la-casa-autor.jpg 900w\" sizes=\"auto, (max-width: 200px) 100vw, 200px\" \/><\/a><\/p>\n<p style=\"text-align: justify;\">En esta novela hay, claro, vidas extremas y tempestuosas. Hay grandes amores, pasiones y tragedias. Hay sue\u00f1os que se convierten en pesadillas y pesadillas que se hacen realidad. Realidades que se sue\u00f1an y sue\u00f1os m\u00e1s reales que la propia existencia. Deseos apasionados y pasiones ardientes. Inundaciones. Crecidas de los r\u00edos. Y lluvias tan espesas que no se podr\u00edan cortar con un cuchillo. Hay vientos que traen rumores y rumores que viajan con el viento.<\/p>\n<p style=\"text-align: justify;\">\n<p style=\"text-align: justify;\">Hay ancianos proteicos y j\u00f3venes tan mayores que parecen viejos. Hay misterios, desapariciones y un etc\u00e9tera tan largo como todas y cada una de las hermosas 216 p\u00e1ginas que componen \u201cLa habitaci\u00f3n al fondo de la casa\u201d.<\/p>\n<p style=\"text-align: justify;\">\n<p style=\"text-align: justify;\">Su autor, Jorge Gal\u00e1n, viene del mundo de la poes\u00eda y su prosa est\u00e1 impregnada de la sonoridad del verso, de la plasticidad y la cadencia de un lenguaje destinado a transmitir sensaciones al lector.<\/p>\n<p style=\"text-align: justify;\">\u00a0<a href=\"http:\/\/www.granadablogs.com\/pateandoelmundo\/wp-content\/uploads\/2014\/01\/La-habitaci\u00f3n-al-otro-lado-de-la-casa-contraportada.jpg\"><img loading=\"lazy\" decoding=\"async\" class=\"aligncenter size-medium wp-image-16022\" alt=\"La habitaci\u00f3n al otro lado de la casa contraportada\" src=\"http:\/\/www.granadablogs.com\/pateandoelmundo\/wp-content\/uploads\/2014\/01\/La-habitaci\u00f3n-al-otro-lado-de-la-casa-contraportada-300x184.jpg\" width=\"300\" height=\"184\" srcset=\"https:\/\/www.granadablogs.com\/pateandoelmundo\/wp-content\/uploads\/2014\/01\/La-habitaci\u00f3n-al-otro-lado-de-la-casa-contraportada-300x184.jpg 300w, https:\/\/www.granadablogs.com\/pateandoelmundo\/wp-content\/uploads\/2014\/01\/La-habitaci\u00f3n-al-otro-lado-de-la-casa-contraportada.jpg 800w\" sizes=\"auto, (max-width: 300px) 100vw, 300px\" \/><\/a><\/p>\n<p style=\"text-align: justify;\">Hay, por supuesto, una historia. Y unos personajes a los que les pasan cosas; y unos secundarios de lo m\u00e1s jugoso e interesante. Pero el punto fuerte de \u201cLa habitaci\u00f3n al fondo de la casa\u201d es su lenguaje, que se disfruta y se paladea con cada p\u00e1gina que se lee.<\/p>\n<p style=\"text-align: justify;\">\n<p style=\"text-align: justify;\">Hay que dar la enhorabuena a la editorial granadina Valpara\u00edso por publicar la obra de autores como Jorge Gal\u00e1n, dotados de un lenguaje personal, propio, personal, \u00fanico y diferente.<\/p>\n<p style=\"text-align: justify;\">\n<p style=\"text-align: justify;\">Porque en los tiempos de las franquicias, la globalizaci\u00f3n y la uniformizaci\u00f3n, son necesarias estas ventanas a otras realidades, mundos y formas de entender la vida y la literatura. Como ejemplo, un bot\u00f3n: <a href=\"http:\/\/www.granadablogs.com\/pateandoelmundo\/cosas-que-se-dicen-en-voz-baja\/\" target=\"_blank\">atenci\u00f3n a esta joya de poes\u00eda balc\u00e1nica<\/a> de la que hablaba hace unos meses&#8230;<\/p>\n<p style=\"text-align: justify;\">\u00a0<a href=\"http:\/\/www.granadablogs.com\/pateandoelmundo\/wp-content\/uploads\/2014\/01\/La-habitaci\u00f3n-al-otro-lado-de-la-casa-balcanes.jpg\"><img loading=\"lazy\" decoding=\"async\" class=\"aligncenter size-medium wp-image-16023\" alt=\"La habitaci\u00f3n al otro lado de la casa balcanes\" src=\"http:\/\/www.granadablogs.com\/pateandoelmundo\/wp-content\/uploads\/2014\/01\/La-habitaci\u00f3n-al-otro-lado-de-la-casa-balcanes-193x300.jpg\" width=\"193\" height=\"300\" srcset=\"https:\/\/www.granadablogs.com\/pateandoelmundo\/wp-content\/uploads\/2014\/01\/La-habitaci\u00f3n-al-otro-lado-de-la-casa-balcanes-193x300.jpg 193w, https:\/\/www.granadablogs.com\/pateandoelmundo\/wp-content\/uploads\/2014\/01\/La-habitaci\u00f3n-al-otro-lado-de-la-casa-balcanes-660x1024.jpg 660w, https:\/\/www.granadablogs.com\/pateandoelmundo\/wp-content\/uploads\/2014\/01\/La-habitaci\u00f3n-al-otro-lado-de-la-casa-balcanes.jpg 798w\" sizes=\"auto, (max-width: 193px) 100vw, 193px\" \/><\/a><\/p>\n<p style=\"text-align: justify;\">Jes\u00fas Lens<\/p>\n<p><a href=\"https:\/\/twitter.com\/Jesus_Lens\" target=\"_blank\"><img loading=\"lazy\" decoding=\"async\" class=\"size-full wp-image-15979 alignleft\" alt=\"Firma Twitter\" src=\"http:\/\/www.granadablogs.com\/pateandoelmundo\/wp-content\/uploads\/2014\/01\/Firma-Twitter.jpg\" width=\"196\" height=\"47\" \/><\/a><\/p>\n","protected":false},"excerpt":{"rendered":"<p>Yo creo que ha sido la Crisis, que sigue campando por sus respetos, ense\u00f1oreada en esta nuestra sociedad, la que ha contribuido a hacer de la lectura de \u201cLa habitaci\u00f3n al fondo de la casa\u201d algo tan apasionante y enriquecedor. \u00a0 Porque, cuando todo va mal, una buena dosis de realismo m\u00e1gico ayuda a sobrellevar [&hellip;]<\/p>\n","protected":false},"author":1,"featured_media":0,"comment_status":"open","ping_status":"open","sticky":false,"template":"","format":"standard","meta":{"jetpack_post_was_ever_published":false,"_jetpack_newsletter_access":"","_jetpack_dont_email_post_to_subs":false,"_jetpack_newsletter_tier_id":0,"_jetpack_memberships_contains_paywalled_content":false,"_jetpack_memberships_contains_paid_content":false,"footnotes":""},"categories":[9],"tags":[9792,9791,9790,49,9,5673,5198],"class_list":["post-16019","post","type-post","status-publish","format-standard","hentry","category-literarios","tag-editorial-valparaiso","tag-jorge-galan","tag-la-habitacion-al-fondo-de-la-casa","tag-libros","tag-literarios","tag-que-leer","tag-realismo-magico"],"jetpack_featured_media_url":"","jetpack_sharing_enabled":true,"_links":{"self":[{"href":"https:\/\/www.granadablogs.com\/pateandoelmundo\/wp-json\/wp\/v2\/posts\/16019","targetHints":{"allow":["GET"]}}],"collection":[{"href":"https:\/\/www.granadablogs.com\/pateandoelmundo\/wp-json\/wp\/v2\/posts"}],"about":[{"href":"https:\/\/www.granadablogs.com\/pateandoelmundo\/wp-json\/wp\/v2\/types\/post"}],"author":[{"embeddable":true,"href":"https:\/\/www.granadablogs.com\/pateandoelmundo\/wp-json\/wp\/v2\/users\/1"}],"replies":[{"embeddable":true,"href":"https:\/\/www.granadablogs.com\/pateandoelmundo\/wp-json\/wp\/v2\/comments?post=16019"}],"version-history":[{"count":1,"href":"https:\/\/www.granadablogs.com\/pateandoelmundo\/wp-json\/wp\/v2\/posts\/16019\/revisions"}],"predecessor-version":[{"id":16024,"href":"https:\/\/www.granadablogs.com\/pateandoelmundo\/wp-json\/wp\/v2\/posts\/16019\/revisions\/16024"}],"wp:attachment":[{"href":"https:\/\/www.granadablogs.com\/pateandoelmundo\/wp-json\/wp\/v2\/media?parent=16019"}],"wp:term":[{"taxonomy":"category","embeddable":true,"href":"https:\/\/www.granadablogs.com\/pateandoelmundo\/wp-json\/wp\/v2\/categories?post=16019"},{"taxonomy":"post_tag","embeddable":true,"href":"https:\/\/www.granadablogs.com\/pateandoelmundo\/wp-json\/wp\/v2\/tags?post=16019"}],"curies":[{"name":"wp","href":"https:\/\/api.w.org\/{rel}","templated":true}]}}