{"id":15204,"date":"2013-10-05T18:59:21","date_gmt":"2013-10-05T17:59:21","guid":{"rendered":"http:\/\/www.granadablogs.com\/pateandoelmundo\/?p=15204"},"modified":"2013-10-05T18:59:21","modified_gmt":"2013-10-05T17:59:21","slug":"de-moviles-narraciones-y-crimenes","status":"publish","type":"post","link":"https:\/\/www.granadablogs.com\/pateandoelmundo\/de-moviles-narraciones-y-crimenes\/","title":{"rendered":"De m\u00f3viles, narraciones y cr\u00edmenes"},"content":{"rendered":"<p style=\"text-align: justify;\">La estupenda interpretaci\u00f3n que Katha hizo de \u201cEl m\u00f3vil del crimen\u201d me recuerda una vieja duda literaria.<\/p>\n<p style=\"text-align: justify;\">\u00a0<a href=\"http:\/\/www.granadablogs.com\/pateandoelmundo\/wp-content\/uploads\/2013\/10\/m\u00f3vil-del-crimen.jpg\"><img loading=\"lazy\" decoding=\"async\" class=\"aligncenter size-medium wp-image-15205\" alt=\"m\u00f3vil del crimen\" src=\"http:\/\/www.granadablogs.com\/pateandoelmundo\/wp-content\/uploads\/2013\/10\/m\u00f3vil-del-crimen-300x300.jpg\" width=\"300\" height=\"300\" srcset=\"https:\/\/www.granadablogs.com\/pateandoelmundo\/wp-content\/uploads\/2013\/10\/m\u00f3vil-del-crimen-300x300.jpg 300w, https:\/\/www.granadablogs.com\/pateandoelmundo\/wp-content\/uploads\/2013\/10\/m\u00f3vil-del-crimen-150x150.jpg 150w, https:\/\/www.granadablogs.com\/pateandoelmundo\/wp-content\/uploads\/2013\/10\/m\u00f3vil-del-crimen.jpg 960w\" sizes=\"auto, (max-width: 300px) 100vw, 300px\" \/><\/a><\/p>\n<p style=\"text-align: justify;\">Y es que la irrupci\u00f3n de los m\u00f3viles quiz\u00e1 nos ha facilitado la vida, pero ha hecho m\u00e1s complicada la credibilidad de las narraciones negras y criminales. Antes era f\u00e1cil soslayar las cabinas y los tel\u00e9fonos p\u00fablicos, pero con los m\u00f3viles, la cosa cambia.<\/p>\n<p style=\"text-align: justify;\">\n<p style=\"text-align: justify;\">Porque hay ocasiones en que un personaje tiene que quedar incomunicado, en aras de verosimilitud de la trama. S\u00ed o tambi\u00e9n.<\/p>\n<p style=\"text-align: justify;\">\n<p style=\"text-align: justify;\">As\u00ed las cosas, \u00bfcu\u00e1l de estas opciones te parece mejor (o menos mala) para incomunicar al alguien?<\/p>\n<p style=\"text-align: justify;\">\n<p style=\"text-align: justify;\"><em><strong>A.- Que se quede sin bater\u00eda<\/strong><\/em><\/p>\n<p style=\"text-align: justify;\"><em><strong>\u00a0<\/strong><\/em><\/p>\n<p style=\"text-align: justify;\"><em><strong>B.- Que pierda la cobertura<\/strong><\/em><\/p>\n<p style=\"text-align: justify;\"><em><strong>\u00a0<\/strong><\/em><\/p>\n<p style=\"text-align: justify;\"><em><strong>C.- Que pierda el m\u00f3vil, se le caiga o se le rompa<\/strong><\/em><\/p>\n<p style=\"text-align: justify;\"><em><strong>\u00a0<\/strong><\/em><\/p>\n<p style=\"text-align: justify;\"><em><strong>D.- Que se lo olvide al salir de casa\/oficina<\/strong><\/em><\/p>\n<p style=\"text-align: justify;\"><em><strong>\u00a0<\/strong><\/em><\/p>\n<p style=\"text-align: justify;\"><em><strong>E.- Que sea tan guay que no tenga m\u00f3vil<\/strong><\/em><\/p>\n<p style=\"text-align: justify;\">\n<p style=\"text-align: justify;\">No s\u00e9 si me dejo alguna posibilidad en el tintero, el cuyo caso, te agradecer\u00eda que lo se\u00f1alaras.<\/p>\n<p style=\"text-align: justify;\">\u00a0<a href=\"http:\/\/www.granadablogs.com\/pateandoelmundo\/wp-content\/uploads\/2013\/10\/Moviles.jpg\"><img loading=\"lazy\" decoding=\"async\" class=\"aligncenter size-full wp-image-15206\" alt=\"Moviles\" src=\"http:\/\/www.granadablogs.com\/pateandoelmundo\/wp-content\/uploads\/2013\/10\/Moviles.jpg\" width=\"203\" height=\"248\" \/><\/a><\/p>\n<p style=\"text-align: justify;\">M\u00e1s que nada, por si me hace falta usarla en alg\u00fan momento. Cit\u00e1ndote y acredit\u00e1ndote, claro.<\/p>\n<p style=\"text-align: justify;\">\n<p style=\"text-align: justify;\">Adem\u00e1s, lo convertimos en encuesta, que es m\u00e1s f\u00e1cil votar que escribir un comentario, \u00bfverdad?<\/p>\n<p style=\"text-align: justify;\">\n<p style=\"text-align: justify;\">Jes\u00fas Lens<\/p>\n<p style=\"text-align: justify;\">\n<p style=\"text-align: justify;\">En Twitter: @Jesus_Lens<\/p>\n","protected":false},"excerpt":{"rendered":"<p>La estupenda interpretaci\u00f3n que Katha hizo de \u201cEl m\u00f3vil del crimen\u201d me recuerda una vieja duda literaria. \u00a0 Y es que la irrupci\u00f3n de los m\u00f3viles quiz\u00e1 nos ha facilitado la vida, pero ha hecho m\u00e1s complicada la credibilidad de las narraciones negras y criminales. Antes era f\u00e1cil soslayar las cabinas y los tel\u00e9fonos p\u00fablicos, [&hellip;]<\/p>\n","protected":false},"author":1,"featured_media":0,"comment_status":"open","ping_status":"open","sticky":false,"template":"","format":"standard","meta":{"jetpack_post_was_ever_published":false,"_jetpack_newsletter_access":"","_jetpack_dont_email_post_to_subs":false,"_jetpack_newsletter_tier_id":0,"_jetpack_memberships_contains_paywalled_content":false,"_jetpack_memberships_contains_paid_content":false,"footnotes":""},"categories":[21],"tags":[9237,2883,9236,9235],"class_list":["post-15204","post","type-post","status-publish","format-standard","hentry","category-negra-y-criminal","tag-inutilizar-moviles","tag-movil","tag-movil-del-crimen","tag-moviles"],"jetpack_featured_media_url":"","jetpack_sharing_enabled":true,"_links":{"self":[{"href":"https:\/\/www.granadablogs.com\/pateandoelmundo\/wp-json\/wp\/v2\/posts\/15204","targetHints":{"allow":["GET"]}}],"collection":[{"href":"https:\/\/www.granadablogs.com\/pateandoelmundo\/wp-json\/wp\/v2\/posts"}],"about":[{"href":"https:\/\/www.granadablogs.com\/pateandoelmundo\/wp-json\/wp\/v2\/types\/post"}],"author":[{"embeddable":true,"href":"https:\/\/www.granadablogs.com\/pateandoelmundo\/wp-json\/wp\/v2\/users\/1"}],"replies":[{"embeddable":true,"href":"https:\/\/www.granadablogs.com\/pateandoelmundo\/wp-json\/wp\/v2\/comments?post=15204"}],"version-history":[{"count":1,"href":"https:\/\/www.granadablogs.com\/pateandoelmundo\/wp-json\/wp\/v2\/posts\/15204\/revisions"}],"predecessor-version":[{"id":15207,"href":"https:\/\/www.granadablogs.com\/pateandoelmundo\/wp-json\/wp\/v2\/posts\/15204\/revisions\/15207"}],"wp:attachment":[{"href":"https:\/\/www.granadablogs.com\/pateandoelmundo\/wp-json\/wp\/v2\/media?parent=15204"}],"wp:term":[{"taxonomy":"category","embeddable":true,"href":"https:\/\/www.granadablogs.com\/pateandoelmundo\/wp-json\/wp\/v2\/categories?post=15204"},{"taxonomy":"post_tag","embeddable":true,"href":"https:\/\/www.granadablogs.com\/pateandoelmundo\/wp-json\/wp\/v2\/tags?post=15204"}],"curies":[{"name":"wp","href":"https:\/\/api.w.org\/{rel}","templated":true}]}}