{"id":14988,"date":"2013-09-17T12:50:59","date_gmt":"2013-09-17T11:50:59","guid":{"rendered":"http:\/\/www.granadablogs.com\/pateandoelmundo\/?p=14988"},"modified":"2013-09-17T12:52:41","modified_gmt":"2013-09-17T11:52:41","slug":"esta-noche-ardera-el-cielo","status":"publish","type":"post","link":"https:\/\/www.granadablogs.com\/pateandoelmundo\/esta-noche-ardera-el-cielo\/","title":{"rendered":"Esta noche arder\u00e1 el cielo"},"content":{"rendered":"<p style=\"text-align: justify;\"><em><strong>\u201cLa foto de una escena que est\u00e1 a siete mil a\u00f1os luz de la Tierra, cortes\u00eda del tir\u00e1nico, cicl\u00f3peo, telescopio Hubble. El ojo de vidrio m\u00e1s poderoso de la humanidad, mirando por el co\u00f1o del cosmos. El quinto co\u00f1o. Que, en rigor, anda por la regi\u00f3n astron\u00f3mica NGC6611\u201d.<\/strong><\/em><\/p>\n<p style=\"text-align: justify;\">Esto es as\u00ed.<\/p>\n<p style=\"text-align: justify;\">Lo tomas o lo dejas.<\/p>\n<p style=\"text-align: justify;\">\u00bfQuieres jugar? \u00bfQuieres entrar en la partida? Pues \u00e9sas son las reglas y Emilio Bueso, el crupier, tras barajar concienzudamente las cartas, ya ha empezado a repartirlas. \u00bfHas pedido las tuyas?<\/p>\n<p style=\"text-align: justify;\">Pues que sepas que \u201cEsta noche arder\u00e1 el cielo\u201d, la nueva obra del dos veces ganador del Premio Celsius de Semana Negra a la mejor novela de ciencia ficci\u00f3n con <a href=\"http:\/\/www.granadablogs.com\/pateandoelmundo\/cenital\/\" target=\"_blank\">\u00abCenital\u00bb<\/a> y <a href=\"http:\/\/www.granadablogs.com\/pateandoelmundo\/diastole\/\" target=\"_blank\">\u00abDi\u00e1stole\u00bb<\/a>, tambi\u00e9n publicada por la editorial Salto de P\u00e1gina; parte de esas premisas.<\/p>\n<p style=\"text-align: justify;\">\u00a0<a href=\"http:\/\/www.granadablogs.com\/pateandoelmundo\/wp-content\/uploads\/2013\/09\/esta-noche-arder\u00e1-el-cielo-Bueso.jpg\"><img loading=\"lazy\" decoding=\"async\" class=\"aligncenter size-medium wp-image-14989\" alt=\"esta noche arder\u00e1 el cielo Bueso\" src=\"http:\/\/www.granadablogs.com\/pateandoelmundo\/wp-content\/uploads\/2013\/09\/esta-noche-arder\u00e1-el-cielo-Bueso-264x300.jpg\" width=\"264\" height=\"300\" srcset=\"https:\/\/www.granadablogs.com\/pateandoelmundo\/wp-content\/uploads\/2013\/09\/esta-noche-arder\u00e1-el-cielo-Bueso-264x300.jpg 264w, https:\/\/www.granadablogs.com\/pateandoelmundo\/wp-content\/uploads\/2013\/09\/esta-noche-arder\u00e1-el-cielo-Bueso.jpg 567w\" sizes=\"auto, (max-width: 264px) 100vw, 264px\" \/><\/a><\/p>\n<p style=\"text-align: justify;\">\u00bfPremisas? \u00bfQu\u00e9 premisas?<\/p>\n<p style=\"text-align: justify;\">Tres. Tres premisas, tres: Ciencia, ficci\u00f3n y humor macarra.<\/p>\n<p style=\"text-align: justify;\">La parte cient\u00edfica de la novela tiene que ver con la astronom\u00eda. Con los cielos en movimiento. Con las estrellas en ebullici\u00f3n. Al estilo de aquello que se preguntaba Siniestro Total, sobre si el universo es c\u00f3ncavo o convexo.<\/p>\n<p style=\"text-align: justify;\">Nunca antes hab\u00eda sentido tan cerca el cielo tan explosivo, tan aterrador, tan magn\u00e9tico y tan hermoso como en la narraci\u00f3n de Bueso. Y no hablamos de un cielo cualquiera. Hablamos del cielo m\u00e1s puro que se puede contemplar. El cielo que cubre una de las zonas m\u00e1s especiales del mundo: la del norte de Canad\u00e1, all\u00e1 donde la aurora boreal demuestra que Dios, entre otras cosas, puede ser un maravilloso artista.<\/p>\n<p style=\"text-align: justify;\">\u00a0<a href=\"http:\/\/www.granadablogs.com\/pateandoelmundo\/wp-content\/uploads\/2013\/09\/esta-noche-arder\u00e1-el-cielo-Trans-Taiga.jpg\"><img loading=\"lazy\" decoding=\"async\" class=\"aligncenter size-full wp-image-14990\" alt=\"esta noche arder\u00e1 el cielo Trans Taiga\" src=\"http:\/\/www.granadablogs.com\/pateandoelmundo\/wp-content\/uploads\/2013\/09\/esta-noche-arder\u00e1-el-cielo-Trans-Taiga.jpg\" width=\"590\" height=\"262\" srcset=\"https:\/\/www.granadablogs.com\/pateandoelmundo\/wp-content\/uploads\/2013\/09\/esta-noche-arder\u00e1-el-cielo-Trans-Taiga.jpg 590w, https:\/\/www.granadablogs.com\/pateandoelmundo\/wp-content\/uploads\/2013\/09\/esta-noche-arder\u00e1-el-cielo-Trans-Taiga-300x133.jpg 300w\" sizes=\"auto, (max-width: 590px) 100vw, 590px\" \/><\/a><\/p>\n<p style=\"text-align: justify;\">Bajo un cielo tempestuoso en el que el sol anda enredando con sus explosiones, provocando tormentas magn\u00e9ticas que inutilizan cualquier sistema de comunicaci\u00f3n; dos tipos circulan en moto. Y tampoco son dos tipos cualquiera. O s\u00ed. Depende de lo que entendamos por \u201ctipos cualquiera\u201d. \u00bfPueden ser cualquiera, dos tipos que circulan por la m\u00edtica Trans-Taiga, la carretera m\u00e1s larga y solitaria del norte de Canad\u00e1, cuyos seiscientos kil\u00f3metros de longitud terminan por llegar a\u2026 ning\u00fan sitio?<\/p>\n<p style=\"text-align: justify;\">Tambi\u00e9n circulan por all\u00e1 un padre y un hijo. En una camioneta. Y un avi\u00f3n. Aunque lleva las luces apagadas. Y, claro, est\u00e1n los indios. Los originales. Los de verdad. Los Cree. Y, en el bosque, los animales. Animales amenazadores, salvajes; cuyos rugidos congelan la sangre.<\/p>\n<p style=\"text-align: justify;\">Entonces, cae la noche. Y comienza la ficci\u00f3n. Y la acci\u00f3n.<\/p>\n<p style=\"text-align: justify;\">\u00a0<a href=\"http:\/\/www.granadablogs.com\/pateandoelmundo\/wp-content\/uploads\/2013\/09\/esta-noche-arder\u00e1-el-cielo-portada.jpg\"><img loading=\"lazy\" decoding=\"async\" class=\"aligncenter size-medium wp-image-14991\" alt=\"esta noche arder\u00e1 el cielo portada\" src=\"http:\/\/www.granadablogs.com\/pateandoelmundo\/wp-content\/uploads\/2013\/09\/esta-noche-arder\u00e1-el-cielo-portada-300x133.jpg\" width=\"300\" height=\"133\" srcset=\"https:\/\/www.granadablogs.com\/pateandoelmundo\/wp-content\/uploads\/2013\/09\/esta-noche-arder\u00e1-el-cielo-portada-300x133.jpg 300w, https:\/\/www.granadablogs.com\/pateandoelmundo\/wp-content\/uploads\/2013\/09\/esta-noche-arder\u00e1-el-cielo-portada-1024x456.jpg 1024w, https:\/\/www.granadablogs.com\/pateandoelmundo\/wp-content\/uploads\/2013\/09\/esta-noche-arder\u00e1-el-cielo-portada.jpg 1600w\" sizes=\"auto, (max-width: 300px) 100vw, 300px\" \/><\/a><\/p>\n<p style=\"text-align: justify;\">Una acci\u00f3n trepidante que, a trav\u00e9s de los recuerdos de los protagonistas, nos permite conocer sus diferentes historias. Biograf\u00edas complicadas. Como las de tantas y tantas personas. Y, quiz\u00e1 por eso, toda la narraci\u00f3n est\u00e1 impregnada de un humor macarra que habr\u00e1 a qui\u00e9n le guste m\u00e1s y habr\u00e1 a qui\u00e9n le guste menos. Pero que es el que es. Y punto.<\/p>\n<p style=\"text-align: justify;\">Puede parecer raro, bizarro incluso, que en mitad de la Taiga canadiense, se ponga a uno de los personajes mirando a Cuenca. Pero as\u00ed es Emilio Bueso. As\u00ed es su prosa. As\u00ed es su estilo. Como si el protagonista de su novela fuera el \u201cSnake\u201d Plissken al que Kurt Russell diera vida en las pel\u00edculas fuguistas de John Carpenter.<\/p>\n<p style=\"text-align: justify;\">\u00a0<a href=\"http:\/\/www.granadablogs.com\/pateandoelmundo\/wp-content\/uploads\/2013\/09\/esta-noche-ardera-el-cielo.jpg\"><img loading=\"lazy\" decoding=\"async\" class=\"aligncenter size-full wp-image-14992\" alt=\"esta noche ardera el cielo\" src=\"http:\/\/www.granadablogs.com\/pateandoelmundo\/wp-content\/uploads\/2013\/09\/esta-noche-ardera-el-cielo.jpg\" width=\"500\" height=\"759\" srcset=\"https:\/\/www.granadablogs.com\/pateandoelmundo\/wp-content\/uploads\/2013\/09\/esta-noche-ardera-el-cielo.jpg 500w, https:\/\/www.granadablogs.com\/pateandoelmundo\/wp-content\/uploads\/2013\/09\/esta-noche-ardera-el-cielo-197x300.jpg 197w\" sizes=\"auto, (max-width: 500px) 100vw, 500px\" \/><\/a><\/p>\n<p style=\"text-align: justify;\">La apuesta de Bueso con \u201cEsta noche arder\u00e1 el cielo\u201d, como no pod\u00eda ser de otra forma, es fuerte. Muy fuerte. Y arriesgada. Desde luego, ahora mismo no hay otra voz como la suya en las letras espa\u00f1olas. Unas letras en las que la fantas\u00eda y la ciencia ficci\u00f3n cada vez tienen m\u00e1s importancia. Y, en dichos g\u00e9neros, Bueso es uno de los putos amos.<\/p>\n<p style=\"text-align: justify;\">Desde luego, el m\u00e1s canalla, c\u00ednico y deslenguado.<\/p>\n<p style=\"text-align: justify;\">Cuando leas la novela, ver\u00e1s que me das la raz\u00f3n.<\/p>\n<p style=\"text-align: justify;\">Jes\u00fas Lens, <em><strong>mirando al cielo y esperando verlo arder<\/strong><\/em>.<\/p>\n<p style=\"text-align: justify;\">En Twitter: <em><strong>@Jesus_Lens<\/strong><\/em><\/p>\n","protected":false},"excerpt":{"rendered":"<p>\u201cLa foto de una escena que est\u00e1 a siete mil a\u00f1os luz de la Tierra, cortes\u00eda del tir\u00e1nico, cicl\u00f3peo, telescopio Hubble. El ojo de vidrio m\u00e1s poderoso de la humanidad, mirando por el co\u00f1o del cosmos. El quinto co\u00f1o. Que, en rigor, anda por la regi\u00f3n astron\u00f3mica NGC6611\u201d. Esto es as\u00ed. Lo tomas o lo [&hellip;]<\/p>\n","protected":false},"author":1,"featured_media":0,"comment_status":"open","ping_status":"open","sticky":false,"template":"","format":"standard","meta":{"jetpack_post_was_ever_published":false,"_jetpack_newsletter_access":"","_jetpack_dont_email_post_to_subs":false,"_jetpack_newsletter_tier_id":0,"_jetpack_memberships_contains_paywalled_content":false,"_jetpack_memberships_contains_paid_content":false,"footnotes":""},"categories":[9],"tags":[9124,9126,9127,2589,9125,184],"class_list":["post-14988","post","type-post","status-publish","format-standard","hentry","category-literarios","tag-amilio-bueso","tag-bueso","tag-cielo-bueso","tag-editorial-salto-de-pagina","tag-esta-noche-ardera-el-cielo","tag-salto-de-pagina"],"jetpack_featured_media_url":"","jetpack_sharing_enabled":true,"_links":{"self":[{"href":"https:\/\/www.granadablogs.com\/pateandoelmundo\/wp-json\/wp\/v2\/posts\/14988","targetHints":{"allow":["GET"]}}],"collection":[{"href":"https:\/\/www.granadablogs.com\/pateandoelmundo\/wp-json\/wp\/v2\/posts"}],"about":[{"href":"https:\/\/www.granadablogs.com\/pateandoelmundo\/wp-json\/wp\/v2\/types\/post"}],"author":[{"embeddable":true,"href":"https:\/\/www.granadablogs.com\/pateandoelmundo\/wp-json\/wp\/v2\/users\/1"}],"replies":[{"embeddable":true,"href":"https:\/\/www.granadablogs.com\/pateandoelmundo\/wp-json\/wp\/v2\/comments?post=14988"}],"version-history":[{"count":3,"href":"https:\/\/www.granadablogs.com\/pateandoelmundo\/wp-json\/wp\/v2\/posts\/14988\/revisions"}],"predecessor-version":[{"id":14995,"href":"https:\/\/www.granadablogs.com\/pateandoelmundo\/wp-json\/wp\/v2\/posts\/14988\/revisions\/14995"}],"wp:attachment":[{"href":"https:\/\/www.granadablogs.com\/pateandoelmundo\/wp-json\/wp\/v2\/media?parent=14988"}],"wp:term":[{"taxonomy":"category","embeddable":true,"href":"https:\/\/www.granadablogs.com\/pateandoelmundo\/wp-json\/wp\/v2\/categories?post=14988"},{"taxonomy":"post_tag","embeddable":true,"href":"https:\/\/www.granadablogs.com\/pateandoelmundo\/wp-json\/wp\/v2\/tags?post=14988"}],"curies":[{"name":"wp","href":"https:\/\/api.w.org\/{rel}","templated":true}]}}