{"id":14916,"date":"2013-09-11T18:44:08","date_gmt":"2013-09-11T17:44:08","guid":{"rendered":"http:\/\/www.granadablogs.com\/pateandoelmundo\/?p=14916"},"modified":"2013-09-11T18:44:08","modified_gmt":"2013-09-11T17:44:08","slug":"el-verdugo","status":"publish","type":"post","link":"https:\/\/www.granadablogs.com\/pateandoelmundo\/el-verdugo\/","title":{"rendered":"El verdugo"},"content":{"rendered":"<p style=\"text-align: justify;\">50 a\u00f1os. 50 a\u00f1itos de nada cumple una pel\u00edcula m\u00edtica de la historia del cine. \u00abEl verdugo\u00bb, de Luis Garc\u00eda Berlanga.<\/p>\n<p style=\"text-align: justify;\"><a href=\"http:\/\/www.granadablogs.com\/pateandoelmundo\/wp-content\/uploads\/2013\/09\/El-Verdugo.jpg\"><img loading=\"lazy\" decoding=\"async\" class=\"aligncenter size-full wp-image-14917\" alt=\"El Verdugo\" src=\"http:\/\/www.granadablogs.com\/pateandoelmundo\/wp-content\/uploads\/2013\/09\/El-Verdugo.jpg\" width=\"196\" height=\"257\" \/><\/a><\/p>\n<p style=\"text-align: justify;\">Hace unos a\u00f1os, <a href=\"http:\/\/www.ideal.es\/granada\/pg060331\/prensa\/noticias\/Vivir\/200603\/31\/ALM-SOC-057.html\" target=\"_blank\">escrib\u00ed este art\u00edculo en IDEAL<\/a>, recordando el origen de la historia escrita por Azcona y dirigida por uno de los grandes genios del cine mundial.<\/p>\n<p style=\"text-align: justify;\"><a href=\"http:\/\/www.granadablogs.com\/pateandoelmundo\/wp-content\/uploads\/2013\/09\/El-verdugo-Berlanga.jpg\"><img loading=\"lazy\" decoding=\"async\" class=\"aligncenter size-full wp-image-14918\" alt=\"El verdugo Berlanga\" src=\"http:\/\/www.granadablogs.com\/pateandoelmundo\/wp-content\/uploads\/2013\/09\/El-verdugo-Berlanga.jpg\" width=\"560\" height=\"280\" srcset=\"https:\/\/www.granadablogs.com\/pateandoelmundo\/wp-content\/uploads\/2013\/09\/El-verdugo-Berlanga.jpg 560w, https:\/\/www.granadablogs.com\/pateandoelmundo\/wp-content\/uploads\/2013\/09\/El-verdugo-Berlanga-300x150.jpg 300w\" sizes=\"auto, (max-width: 560px) 100vw, 560px\" \/><\/a><\/p>\n<p style=\"text-align: justify;\">A ver qu\u00e9 te parece, pero yo creo que no han perdido vigencia. Ni el art\u00edculo ni, por supuesto, la pel\u00edcula, cl\u00e1sico imperecedero per secula seculorum. Y am\u00e9n.<\/p>\n<p style=\"text-align: justify;\"><a href=\"http:\/\/www.granadablogs.com\/pateandoelmundo\/wp-content\/uploads\/2013\/09\/El-verdugo-cartel.jpg\"><img loading=\"lazy\" decoding=\"async\" class=\"aligncenter size-full wp-image-14919\" alt=\"El verdugo cartel\" src=\"http:\/\/www.granadablogs.com\/pateandoelmundo\/wp-content\/uploads\/2013\/09\/El-verdugo-cartel.jpg\" width=\"599\" height=\"471\" srcset=\"https:\/\/www.granadablogs.com\/pateandoelmundo\/wp-content\/uploads\/2013\/09\/El-verdugo-cartel.jpg 599w, https:\/\/www.granadablogs.com\/pateandoelmundo\/wp-content\/uploads\/2013\/09\/El-verdugo-cartel-300x235.jpg 300w\" sizes=\"auto, (max-width: 599px) 100vw, 599px\" \/><\/a><\/p>\n<p style=\"text-align: justify;\">Jes\u00fas Lens<\/p>\n<p style=\"text-align: justify;\">\n<p style=\"text-align: justify;\">En Twitter: @Jesus_Lens<\/p>\n","protected":false},"excerpt":{"rendered":"<p>50 a\u00f1os. 50 a\u00f1itos de nada cumple una pel\u00edcula m\u00edtica de la historia del cine. \u00abEl verdugo\u00bb, de Luis Garc\u00eda Berlanga. Hace unos a\u00f1os, escrib\u00ed este art\u00edculo en IDEAL, recordando el origen de la historia escrita por Azcona y dirigida por uno de los grandes genios del cine mundial. A ver qu\u00e9 te parece, pero [&hellip;]<\/p>\n","protected":false},"author":1,"featured_media":0,"comment_status":"open","ping_status":"open","sticky":false,"template":"","format":"standard","meta":{"jetpack_post_was_ever_published":false,"_jetpack_newsletter_access":"","_jetpack_dont_email_post_to_subs":false,"_jetpack_newsletter_tier_id":0,"_jetpack_memberships_contains_paywalled_content":false,"_jetpack_memberships_contains_paid_content":false,"footnotes":""},"categories":[10],"tags":[9072,9073,10,309,9071,1802],"class_list":["post-14916","post","type-post","status-publish","format-standard","hentry","category-cine","tag-50-anos-el-verdugo","tag-cincuenta-aniversario-el-verdugo","tag-cine","tag-cine-espanol","tag-el-verdugo","tag-luis-garcia-berlanga"],"jetpack_featured_media_url":"","jetpack_sharing_enabled":true,"_links":{"self":[{"href":"https:\/\/www.granadablogs.com\/pateandoelmundo\/wp-json\/wp\/v2\/posts\/14916","targetHints":{"allow":["GET"]}}],"collection":[{"href":"https:\/\/www.granadablogs.com\/pateandoelmundo\/wp-json\/wp\/v2\/posts"}],"about":[{"href":"https:\/\/www.granadablogs.com\/pateandoelmundo\/wp-json\/wp\/v2\/types\/post"}],"author":[{"embeddable":true,"href":"https:\/\/www.granadablogs.com\/pateandoelmundo\/wp-json\/wp\/v2\/users\/1"}],"replies":[{"embeddable":true,"href":"https:\/\/www.granadablogs.com\/pateandoelmundo\/wp-json\/wp\/v2\/comments?post=14916"}],"version-history":[{"count":1,"href":"https:\/\/www.granadablogs.com\/pateandoelmundo\/wp-json\/wp\/v2\/posts\/14916\/revisions"}],"predecessor-version":[{"id":14920,"href":"https:\/\/www.granadablogs.com\/pateandoelmundo\/wp-json\/wp\/v2\/posts\/14916\/revisions\/14920"}],"wp:attachment":[{"href":"https:\/\/www.granadablogs.com\/pateandoelmundo\/wp-json\/wp\/v2\/media?parent=14916"}],"wp:term":[{"taxonomy":"category","embeddable":true,"href":"https:\/\/www.granadablogs.com\/pateandoelmundo\/wp-json\/wp\/v2\/categories?post=14916"},{"taxonomy":"post_tag","embeddable":true,"href":"https:\/\/www.granadablogs.com\/pateandoelmundo\/wp-json\/wp\/v2\/tags?post=14916"}],"curies":[{"name":"wp","href":"https:\/\/api.w.org\/{rel}","templated":true}]}}