{"id":14818,"date":"2013-09-01T20:40:59","date_gmt":"2013-09-01T19:40:59","guid":{"rendered":"http:\/\/www.granadablogs.com\/pateandoelmundo\/?p=14818"},"modified":"2013-09-02T11:24:02","modified_gmt":"2013-09-02T10:24:02","slug":"las-vueltas-de-septiembre","status":"publish","type":"post","link":"https:\/\/www.granadablogs.com\/pateandoelmundo\/las-vueltas-de-septiembre\/","title":{"rendered":"Las vueltas de septiembre"},"content":{"rendered":"<p style=\"text-align: justify;\">El gran drama de septiembre es que todo lo suyo que nos gusta suele ser, a priori, lo que vuelve.<\/p>\n<p style=\"text-align: justify;\">Sin \u00e1nimo de ser prolijo, en septiembre llegan los Festivales de Cine de Venecia y Donosti; comienza un nuevo Eurob\u00e1sket y el Festival de Rock del Zaid\u00edn marca la vuelta de los eventos musicales y culturales de la ciudad. (Tambi\u00e9n vuelven los kilos de m\u00e1s, al pesarnos en la b\u00e1scula. Pero esos no cuentan ya que NO nos gustan) \ud83d\ude09<\/p>\n<p style=\"text-align: justify;\">Vuelve la gente de vacaciones. Sobre todo vuelve mi Cuate, cuya ausencia se ha hecho sentir, muy especialmente, a lo largo de estas semanas. Semanas muy calurosas, ahora m\u00e1s llevaderas. Y, sin embargo, la vuelta del Veranillo de los Membrillos nos volver\u00e1 a hacer arder.<\/p>\n<figure id=\"attachment_14819\" aria-describedby=\"caption-attachment-14819\" style=\"width: 300px\" class=\"wp-caption aligncenter\"><a href=\"http:\/\/www.granadablogs.com\/pateandoelmundo\/wp-content\/uploads\/2013\/09\/Septiembre-m\u00fasica.jpg\"><img loading=\"lazy\" decoding=\"async\" class=\"size-medium wp-image-14819\" alt=\"Foto de Jos\u00e9 Hern\u00e1ndez Lechuga, Mi Cuate, en Bostwana\" src=\"http:\/\/www.granadablogs.com\/pateandoelmundo\/wp-content\/uploads\/2013\/09\/Septiembre-m\u00fasica-300x224.jpg\" width=\"300\" height=\"224\" srcset=\"https:\/\/www.granadablogs.com\/pateandoelmundo\/wp-content\/uploads\/2013\/09\/Septiembre-m\u00fasica-300x224.jpg 300w, https:\/\/www.granadablogs.com\/pateandoelmundo\/wp-content\/uploads\/2013\/09\/Septiembre-m\u00fasica.jpg 960w\" sizes=\"auto, (max-width: 300px) 100vw, 300px\" \/><\/a><figcaption id=\"caption-attachment-14819\" class=\"wp-caption-text\">Foto de Jos\u00e9 Hern\u00e1ndez Lechuga, Mi Cuate, en Bostwana<\/figcaption><\/figure>\n<p style=\"text-align: justify;\">Este a\u00f1o, adem\u00e1s\u2026 \u00a1vuelven los Garabatos Digitales! Los de Colin Bertholet y los de otros varios artistas m\u00e1s. Y vuelven a un espacio tan especial como es la Sala de Exposiciones de CajaGRANADA en Puerta Real.<\/p>\n<p style=\"text-align: justify;\">Vuelven los lanzamientos literarios m\u00e1s importantes del a\u00f1o, comandados por una legi\u00f3n de autores negros y criminales que nos va a obligar a rebuscar hasta debajo de las piedras. Para sacar tiempo. Y recursos. Para leer.<\/p>\n<p style=\"text-align: justify;\">Vuelve a reunirse mi pe\u00f1a de baloncesto, los mi\u00e9rcoles. Vuelve, claro, la Vuelta Ciclista a Espa\u00f1a. Y vuelve el Circuito de Fondo de Diputaci\u00f3n, con las Medias Maratones. Vuelven a abrir esos bares, algunos de nuestros favoritos, que han estado cerrados por vacaciones. Y las librer\u00edas. Y las tiendas. Las buenas.<\/p>\n<p style=\"text-align: justify;\">\u00a0<a href=\"http:\/\/www.granadablogs.com\/pateandoelmundo\/wp-content\/uploads\/2013\/09\/Septiembre-correr.jpg\"><img loading=\"lazy\" decoding=\"async\" class=\"aligncenter size-medium wp-image-14820\" alt=\"Septiembre correr\" src=\"http:\/\/www.granadablogs.com\/pateandoelmundo\/wp-content\/uploads\/2013\/09\/Septiembre-correr-262x300.jpg\" width=\"262\" height=\"300\" srcset=\"https:\/\/www.granadablogs.com\/pateandoelmundo\/wp-content\/uploads\/2013\/09\/Septiembre-correr-262x300.jpg 262w, https:\/\/www.granadablogs.com\/pateandoelmundo\/wp-content\/uploads\/2013\/09\/Septiembre-correr.jpg 640w\" sizes=\"auto, (max-width: 262px) 100vw, 262px\" \/><\/a><\/p>\n<p style=\"text-align: justify;\">Vuelven los presentadores estrella de las radios y esos columnistas de referencia que, en los peri\u00f3dicos, han estado de vacaciones. Vuelven las vi\u00f1etas de El Roto.<\/p>\n<p style=\"text-align: justify;\">Vuelven las grandes series de televisi\u00f3n. Homeland. Boardwalk Empire.<\/p>\n<p style=\"text-align: justify;\">Para ti, \u00bfqu\u00e9 es lo que m\u00e1s te gusta de las Vueltas de Septiembre?<\/p>\n<p style=\"text-align: justify;\">\u00a0<a href=\"http:\/\/www.granadablogs.com\/pateandoelmundo\/wp-content\/uploads\/2013\/09\/Septiembre-boardwalk.jpg\"><img loading=\"lazy\" decoding=\"async\" class=\"aligncenter size-medium wp-image-14821\" alt=\"Septiembre boardwalk\" src=\"http:\/\/www.granadablogs.com\/pateandoelmundo\/wp-content\/uploads\/2013\/09\/Septiembre-boardwalk-300x111.jpg\" width=\"300\" height=\"111\" srcset=\"https:\/\/www.granadablogs.com\/pateandoelmundo\/wp-content\/uploads\/2013\/09\/Septiembre-boardwalk-300x111.jpg 300w, https:\/\/www.granadablogs.com\/pateandoelmundo\/wp-content\/uploads\/2013\/09\/Septiembre-boardwalk.jpg 851w\" sizes=\"auto, (max-width: 300px) 100vw, 300px\" \/><\/a><\/p>\n<p style=\"text-align: justify;\">Pero claro, en realidad, todo esto ya lo sabemos. O lo damos por sabido.<\/p>\n<p style=\"text-align: justify;\">La siguiente pregunta ser\u00eda, por tanto: \u00bfqu\u00e9 novedades nos traer\u00e1, de verdad, septiembre? \u00bfSe sacar\u00e1 algo realmente nuevo, distinto y diferente de la chistera?<\/p>\n<p style=\"text-align: justify;\">\u00a1Ese es el reto! Descubrir lo que hay de nuevo en el mes m\u00e1s repetitivo y reiterativo del a\u00f1o.<\/p>\n<p style=\"text-align: justify;\">\u00bfNos lo vamos contando?<\/p>\n<p style=\"text-align: justify;\">Tambi\u00e9n en Twitter: @Jesus_Lens<\/p>\n","protected":false},"excerpt":{"rendered":"<p>El gran drama de septiembre es que todo lo suyo que nos gusta suele ser, a priori, lo que vuelve. Sin \u00e1nimo de ser prolijo, en septiembre llegan los Festivales de Cine de Venecia y Donosti; comienza un nuevo Eurob\u00e1sket y el Festival de Rock del Zaid\u00edn marca la vuelta de los eventos musicales y [&hellip;]<\/p>\n","protected":false},"author":1,"featured_media":0,"comment_status":"open","ping_status":"open","sticky":false,"template":"","format":"standard","meta":{"jetpack_post_was_ever_published":false,"_jetpack_newsletter_access":"","_jetpack_dont_email_post_to_subs":false,"_jetpack_newsletter_tier_id":0,"_jetpack_memberships_contains_paywalled_content":false,"_jetpack_memberships_contains_paid_content":false,"footnotes":""},"categories":[6],"tags":[9000,9003,9001,8999,9002],"class_list":["post-14818","post","type-post","status-publish","format-standard","hentry","category-opinion","tag-fin-vacaciones","tag-garabatos-digitales-cajagranada","tag-septiembre","tag-volver-de-vaciones","tag-vuelve-septiembre"],"jetpack_featured_media_url":"","jetpack_sharing_enabled":true,"_links":{"self":[{"href":"https:\/\/www.granadablogs.com\/pateandoelmundo\/wp-json\/wp\/v2\/posts\/14818","targetHints":{"allow":["GET"]}}],"collection":[{"href":"https:\/\/www.granadablogs.com\/pateandoelmundo\/wp-json\/wp\/v2\/posts"}],"about":[{"href":"https:\/\/www.granadablogs.com\/pateandoelmundo\/wp-json\/wp\/v2\/types\/post"}],"author":[{"embeddable":true,"href":"https:\/\/www.granadablogs.com\/pateandoelmundo\/wp-json\/wp\/v2\/users\/1"}],"replies":[{"embeddable":true,"href":"https:\/\/www.granadablogs.com\/pateandoelmundo\/wp-json\/wp\/v2\/comments?post=14818"}],"version-history":[{"count":5,"href":"https:\/\/www.granadablogs.com\/pateandoelmundo\/wp-json\/wp\/v2\/posts\/14818\/revisions"}],"predecessor-version":[{"id":14826,"href":"https:\/\/www.granadablogs.com\/pateandoelmundo\/wp-json\/wp\/v2\/posts\/14818\/revisions\/14826"}],"wp:attachment":[{"href":"https:\/\/www.granadablogs.com\/pateandoelmundo\/wp-json\/wp\/v2\/media?parent=14818"}],"wp:term":[{"taxonomy":"category","embeddable":true,"href":"https:\/\/www.granadablogs.com\/pateandoelmundo\/wp-json\/wp\/v2\/categories?post=14818"},{"taxonomy":"post_tag","embeddable":true,"href":"https:\/\/www.granadablogs.com\/pateandoelmundo\/wp-json\/wp\/v2\/tags?post=14818"}],"curies":[{"name":"wp","href":"https:\/\/api.w.org\/{rel}","templated":true}]}}