{"id":14676,"date":"2013-08-14T13:14:26","date_gmt":"2013-08-14T12:14:26","guid":{"rendered":"http:\/\/www.granadablogs.com\/pateandoelmundo\/?p=14676"},"modified":"2013-08-14T13:14:26","modified_gmt":"2013-08-14T12:14:26","slug":"jazzs-monkey","status":"publish","type":"post","link":"https:\/\/www.granadablogs.com\/pateandoelmundo\/jazzs-monkey\/","title":{"rendered":"Jazz&#8217;s Monkey"},"content":{"rendered":"<p style=\"text-align: justify;\">\u00a1Tengo mono! \u00a1Tengo mono de jazz! Y ese mono que tengo, me lo voy a quitar. Empezando, el jueves, por la cita semanal que la Asociaci\u00f3n de Jazz de Jazz de Granada Ool Ya Koo y CajaGRANADA organizamos en la Plaza de las Culturas.<\/p>\n<p style=\"text-align: justify;\">\n<p style=\"text-align: justify;\">En esta ocasi\u00f3n, en una fecha tan improbable como la 15 de agosto, recibimos al pianista gaditano Javier Galiana, que presenta a un tr\u00edo completado por Bori Albero al contrabajo y Sergio D\u00edaz a la bater\u00eda; reunido para homenajear el m\u00edtico disco \u201cMoney Jungle\u201d, grabado en septiembre de 1962 y publicado en febrero de 1963 y del que, por tanto, se conmemora su cincuenta aniversario.<\/p>\n<p style=\"text-align: justify;\">\u00a0<a href=\"http:\/\/www.granadablogs.com\/pateandoelmundo\/wp-content\/uploads\/2013\/08\/Money-Jungle.jpg\"><img loading=\"lazy\" decoding=\"async\" class=\"aligncenter size-full wp-image-14677\" alt=\"Money Jungle\" src=\"http:\/\/www.granadablogs.com\/pateandoelmundo\/wp-content\/uploads\/2013\/08\/Money-Jungle.jpg\" width=\"225\" height=\"225\" srcset=\"https:\/\/www.granadablogs.com\/pateandoelmundo\/wp-content\/uploads\/2013\/08\/Money-Jungle.jpg 225w, https:\/\/www.granadablogs.com\/pateandoelmundo\/wp-content\/uploads\/2013\/08\/Money-Jungle-150x150.jpg 150w\" sizes=\"auto, (max-width: 225px) 100vw, 225px\" \/><\/a><\/p>\n<p style=\"text-align: justify;\">\u201cMoney jungle\u201d es un disco muy especial ya que reuni\u00f3 a una leyenda viva del jazz como Duke Ellington, compositor de la mayor\u00eda de temas que lo componen y que ten\u00eda 63 a\u00f1os de edad, con dos j\u00f3venes talentos: el bajista Charles Mingus (40 a\u00f1os) y el bater\u00eda Max Roach (38 a\u00f1os).<\/p>\n<p style=\"text-align: justify;\">\n<p style=\"text-align: justify;\">La grabaci\u00f3n de \u201cMoney Jungle\u201d, realizada el lunes 17 de septiembre, fue muy especial ya que Ellington apenas dio a sus m\u00fasicos unos esbozos de cada una de las canciones que compondr\u00edan el disco. Una melod\u00eda b\u00e1sica y unos apuntes mel\u00f3dicos sobre los que los m\u00fasicos tendr\u00edan que improvisar\u2026 de acuerdo a una imagen visual descrita por Ellington para cada canci\u00f3n. Por ejemplo: <em><strong>\u201cReptando por las calles, encontramos a unas serpientes que avanzan con sus cabezas erguidas; se trata de agentes y de esas otras personas que explotan a los artistas\u201d<\/strong><\/em>. Y, a partir de ah\u00ed, a tocar.<\/p>\n<p style=\"text-align: justify;\">\u00a0<a href=\"http:\/\/www.granadablogs.com\/pateandoelmundo\/wp-content\/uploads\/2013\/08\/Money-Jungle-cover.jpg\"><img loading=\"lazy\" decoding=\"async\" class=\"aligncenter size-full wp-image-14678\" alt=\"Money Jungle cover\" src=\"http:\/\/www.granadablogs.com\/pateandoelmundo\/wp-content\/uploads\/2013\/08\/Money-Jungle-cover.jpg\" width=\"255\" height=\"198\" \/><\/a><\/p>\n<p style=\"text-align: justify;\">Seg\u00fan los cr\u00edticos, la juventud y el empuje de Mingus y Roach consiguieron llevar al maestro Ellington a territorios musicales por los que, hasta entonces, no hab\u00eda transitado y, de esta forma, \u201cMoney Jungle\u201d no solo pas\u00f3 a la historia del jazz sino que ha servido de inspiraci\u00f3n a decenas y decenas de m\u00fasicos desde entonces.<\/p>\n<p style=\"text-align: justify;\">\n<p style=\"text-align: justify;\">El jueves, CajaGRANADA y la Asociaci\u00f3n de jazz de Granada Ool Ya Koo te ofrecemos la posibilidad de revivir uno de esos momentos fundacionales y esenciales en la historia de la m\u00fasica.<\/p>\n<p style=\"text-align: justify;\">\u00a0<a href=\"http:\/\/www.granadablogs.com\/pateandoelmundo\/wp-content\/uploads\/2013\/08\/Money-Jungle-provocative-in-blue.jpg\"><img loading=\"lazy\" decoding=\"async\" class=\"aligncenter size-medium wp-image-14679\" alt=\"Money Jungle provocative in blue\" src=\"http:\/\/www.granadablogs.com\/pateandoelmundo\/wp-content\/uploads\/2013\/08\/Money-Jungle-provocative-in-blue-300x300.jpg\" width=\"300\" height=\"300\" srcset=\"https:\/\/www.granadablogs.com\/pateandoelmundo\/wp-content\/uploads\/2013\/08\/Money-Jungle-provocative-in-blue-300x300.jpg 300w, https:\/\/www.granadablogs.com\/pateandoelmundo\/wp-content\/uploads\/2013\/08\/Money-Jungle-provocative-in-blue-150x150.jpg 150w, https:\/\/www.granadablogs.com\/pateandoelmundo\/wp-content\/uploads\/2013\/08\/Money-Jungle-provocative-in-blue.jpg 600w\" sizes=\"auto, (max-width: 300px) 100vw, 300px\" \/><\/a><\/p>\n<p style=\"text-align: justify;\">Y el viernes, en Motril, en la Casa de los Bates (pron\u00fanciese al estilo hitchockiano) nuestros queridos e imprescindibles Fusiones, Concha y Paco, llevan a Ana Cisneros a su \u201cJazz en los jardines\u201d, en un concierto que promete ser un prodigio de delicadeza y sensibilidad.<\/p>\n<p style=\"text-align: justify;\">\u00a0<a href=\"http:\/\/www.granadablogs.com\/pateandoelmundo\/wp-content\/uploads\/2013\/08\/Jazz-en-los-Jardines.jpg\"><img loading=\"lazy\" decoding=\"async\" class=\"aligncenter size-medium wp-image-14680\" alt=\"Jazz en los Jardines\" src=\"http:\/\/www.granadablogs.com\/pateandoelmundo\/wp-content\/uploads\/2013\/08\/Jazz-en-los-Jardines-203x300.jpg\" width=\"203\" height=\"300\" srcset=\"https:\/\/www.granadablogs.com\/pateandoelmundo\/wp-content\/uploads\/2013\/08\/Jazz-en-los-Jardines-203x300.jpg 203w, https:\/\/www.granadablogs.com\/pateandoelmundo\/wp-content\/uploads\/2013\/08\/Jazz-en-los-Jardines.jpg 651w\" sizes=\"auto, (max-width: 203px) 100vw, 203px\" \/><\/a><\/p>\n<p style=\"text-align: justify;\">Es momento, tambi\u00e9n y por supuesto, de ver a los amigos, saludar a la pe\u00f1a y recomenzar la normalidad de una vida que, tras el viaje a Escandinavia, se derrite por culpa de este letal Ferroagosto.<\/p>\n<p style=\"text-align: justify;\">\n<p style=\"text-align: justify;\">Y es que ya sabemos que si ma\u00f1ana es jueves y pasado es viernes\u2026 \u00a1toca jazz!<\/p>\n<p style=\"text-align: justify;\">\n<p style=\"text-align: justify;\">Nos vemos o, en otro caso, nos seguimos en Twitter: @Jesus_Lens<\/p>\n","protected":false},"excerpt":{"rendered":"<p>\u00a1Tengo mono! \u00a1Tengo mono de jazz! Y ese mono que tengo, me lo voy a quitar. Empezando, el jueves, por la cita semanal que la Asociaci\u00f3n de Jazz de Jazz de Granada Ool Ya Koo y CajaGRANADA organizamos en la Plaza de las Culturas. En esta ocasi\u00f3n, en una fecha tan improbable como la 15 [&hellip;]<\/p>\n","protected":false},"author":1,"featured_media":0,"comment_status":"open","ping_status":"open","sticky":false,"template":"","format":"standard","meta":{"jetpack_post_was_ever_published":false,"_jetpack_newsletter_access":"","_jetpack_dont_email_post_to_subs":false,"_jetpack_newsletter_tier_id":0,"_jetpack_memberships_contains_paywalled_content":false,"_jetpack_memberships_contains_paid_content":false,"footnotes":""},"categories":[17],"tags":[8909,8908,8903,8906,8907,8901,8898,1595,8902,8905,8904,8900,8899,8107,8556],"class_list":["post-14676","post","type-post","status-publish","format-standard","hentry","category-musica","tag-ana-cisneros","tag-aniversario-money-jungle","tag-bori-albero","tag-casa-de-los-bates","tag-casa-de-los-bates-motril","tag-charles-mingus","tag-duke-ellington","tag-fusion","tag-javier-galiana","tag-jazz-en-los-jardines","tag-jazz-fusion","tag-max-roach","tag-monkey-jungle","tag-ool-ya-koo","tag-sergio-diaz"],"jetpack_featured_media_url":"","jetpack_sharing_enabled":true,"_links":{"self":[{"href":"https:\/\/www.granadablogs.com\/pateandoelmundo\/wp-json\/wp\/v2\/posts\/14676","targetHints":{"allow":["GET"]}}],"collection":[{"href":"https:\/\/www.granadablogs.com\/pateandoelmundo\/wp-json\/wp\/v2\/posts"}],"about":[{"href":"https:\/\/www.granadablogs.com\/pateandoelmundo\/wp-json\/wp\/v2\/types\/post"}],"author":[{"embeddable":true,"href":"https:\/\/www.granadablogs.com\/pateandoelmundo\/wp-json\/wp\/v2\/users\/1"}],"replies":[{"embeddable":true,"href":"https:\/\/www.granadablogs.com\/pateandoelmundo\/wp-json\/wp\/v2\/comments?post=14676"}],"version-history":[{"count":1,"href":"https:\/\/www.granadablogs.com\/pateandoelmundo\/wp-json\/wp\/v2\/posts\/14676\/revisions"}],"predecessor-version":[{"id":14681,"href":"https:\/\/www.granadablogs.com\/pateandoelmundo\/wp-json\/wp\/v2\/posts\/14676\/revisions\/14681"}],"wp:attachment":[{"href":"https:\/\/www.granadablogs.com\/pateandoelmundo\/wp-json\/wp\/v2\/media?parent=14676"}],"wp:term":[{"taxonomy":"category","embeddable":true,"href":"https:\/\/www.granadablogs.com\/pateandoelmundo\/wp-json\/wp\/v2\/categories?post=14676"},{"taxonomy":"post_tag","embeddable":true,"href":"https:\/\/www.granadablogs.com\/pateandoelmundo\/wp-json\/wp\/v2\/tags?post=14676"}],"curies":[{"name":"wp","href":"https:\/\/api.w.org\/{rel}","templated":true}]}}