{"id":14662,"date":"2013-08-14T08:52:40","date_gmt":"2013-08-14T07:52:40","guid":{"rendered":"http:\/\/www.granadablogs.com\/pateandoelmundo\/?p=14662"},"modified":"2013-08-14T09:54:00","modified_gmt":"2013-08-14T08:54:00","slug":"libros-del-verano","status":"publish","type":"post","link":"https:\/\/www.granadablogs.com\/pateandoelmundo\/libros-del-verano\/","title":{"rendered":"Libros del verano"},"content":{"rendered":"<p style=\"text-align: justify;\">Cuando me voy de viaje y estoy preparando el macuto, una de las elecciones m\u00e1s dif\u00edciles es la de qu\u00e9 libros a\u00f1adir al equipaje. Tengo un E-reader de esos, pero no termino de pillarle el punto. Un libro de papel, de los de siempre, me sirve como ancla a algunas de esas costumbres que forman parte de mi esencia y que me hacen ser como soy. Y que no me gusta perder ni aun estando de viaje, cuando suelo olvidarme de todas mis rutinas, costumbres y aficiones.<\/p>\n<p style=\"text-align: justify;\">Si viajas a zonas de habla hispana, la decisi\u00f3n de qu\u00e9 libros llevarte no es tan arriesgada ya que siempre podr\u00e1s encontrar otros t\u00edtulos que te apetezca leer. De hecho, visitar librer\u00edas es algo que me encanta, cuando viajo. Pero si te marchas a Noruega, Suecia y Finlandia&#8230; \u00a1m\u00e1s te vale acertar!<\/p>\n<p style=\"text-align: justify;\">En esta ocasi\u00f3n, me decid\u00ed por tres libros gordos. Muy gordos. Que me permitieran disfrutar de una lectura continuada en los aviones, las terminales, la furgoneta o, llegado el caso, en los refugios, si el tiempo se pon\u00eda tonto. Tres libros que me permitieran sumergirme en \u00e9pocas, ambientes y personajes muy distintos. Dos de ellos, reci\u00e9n publicados. El tercero, con algunos meses ya, en los anaqueles.<\/p>\n<p style=\"text-align: justify;\">Estas han sido mis lecturas de verano escandinavo:<\/p>\n<p style=\"text-align: justify;\"><a href=\"http:\/\/www.granadablogs.com\/pateandoelmundo\/wp-content\/uploads\/2013\/08\/Libros-El-anarquista-que-se-llamaba-como-yo.jpg\"><img loading=\"lazy\" decoding=\"async\" class=\"aligncenter size-medium wp-image-14663\" alt=\"El anarquista que se llamaba como yo\" src=\"http:\/\/www.granadablogs.com\/pateandoelmundo\/wp-content\/uploads\/2013\/08\/Libros-El-anarquista-que-se-llamaba-como-yo-186x300.jpg\" width=\"186\" height=\"300\" srcset=\"https:\/\/www.granadablogs.com\/pateandoelmundo\/wp-content\/uploads\/2013\/08\/Libros-El-anarquista-que-se-llamaba-como-yo-186x300.jpg 186w, https:\/\/www.granadablogs.com\/pateandoelmundo\/wp-content\/uploads\/2013\/08\/Libros-El-anarquista-que-se-llamaba-como-yo-637x1024.jpg 637w, https:\/\/www.granadablogs.com\/pateandoelmundo\/wp-content\/uploads\/2013\/08\/Libros-El-anarquista-que-se-llamaba-como-yo.jpg 945w\" sizes=\"auto, (max-width: 186px) 100vw, 186px\" \/><\/a> <a href=\"http:\/\/www.granadablogs.com\/pateandoelmundo\/wp-content\/uploads\/2013\/08\/Libros-Karoo.jpg\"><img loading=\"lazy\" decoding=\"async\" class=\"aligncenter size-medium wp-image-14664\" alt=\"Libros Karoo\" src=\"http:\/\/www.granadablogs.com\/pateandoelmundo\/wp-content\/uploads\/2013\/08\/Libros-Karoo-177x300.jpg\" width=\"177\" height=\"300\" srcset=\"https:\/\/www.granadablogs.com\/pateandoelmundo\/wp-content\/uploads\/2013\/08\/Libros-Karoo-177x300.jpg 177w, https:\/\/www.granadablogs.com\/pateandoelmundo\/wp-content\/uploads\/2013\/08\/Libros-Karoo-606x1024.jpg 606w, https:\/\/www.granadablogs.com\/pateandoelmundo\/wp-content\/uploads\/2013\/08\/Libros-Karoo.jpg 650w\" sizes=\"auto, (max-width: 177px) 100vw, 177px\" \/><\/a> <a href=\"http:\/\/www.granadablogs.com\/pateandoelmundo\/wp-content\/uploads\/2013\/08\/Libros-Vivir-de-noche.jpg\"><img loading=\"lazy\" decoding=\"async\" class=\"aligncenter size-medium wp-image-14665\" alt=\"Libros Vivir de noche\" src=\"http:\/\/www.granadablogs.com\/pateandoelmundo\/wp-content\/uploads\/2013\/08\/Libros-Vivir-de-noche-197x300.jpg\" width=\"197\" height=\"300\" srcset=\"https:\/\/www.granadablogs.com\/pateandoelmundo\/wp-content\/uploads\/2013\/08\/Libros-Vivir-de-noche-197x300.jpg 197w, https:\/\/www.granadablogs.com\/pateandoelmundo\/wp-content\/uploads\/2013\/08\/Libros-Vivir-de-noche.jpg 300w\" sizes=\"auto, (max-width: 197px) 100vw, 197px\" \/><\/a><\/p>\n<p style=\"text-align: justify;\">Y s\u00ed. Las tres son muy recomendables, como iremos exponiendo en los pr\u00f3ximos d\u00edas&#8230; Para empezar, una declaraci\u00f3n de principios de Karoo: <em><strong>\u00abLa vida no se puede reescribir. Avanza por medio de corrientes al azar, caprichos y estados de \u00e1nimo&#8230; m\u00e1s por cambios de humor que por un argumento\u00bb.<\/strong><\/em><\/p>\n<p style=\"text-align: justify;\">Estamos en Twitter. \u00bfNos seguimos? @Jesus_Lens<\/p>\n","protected":false},"excerpt":{"rendered":"<p>Cuando me voy de viaje y estoy preparando el macuto, una de las elecciones m\u00e1s dif\u00edciles es la de qu\u00e9 libros a\u00f1adir al equipaje. Tengo un E-reader de esos, pero no termino de pillarle el punto. Un libro de papel, de los de siempre, me sirve como ancla a algunas de esas costumbres que forman [&hellip;]<\/p>\n","protected":false},"author":1,"featured_media":0,"comment_status":"open","ping_status":"open","sticky":false,"template":"","format":"standard","meta":{"jetpack_post_was_ever_published":false,"_jetpack_newsletter_access":"","_jetpack_dont_email_post_to_subs":false,"_jetpack_newsletter_tier_id":0,"_jetpack_memberships_contains_paywalled_content":false,"_jetpack_memberships_contains_paid_content":false,"footnotes":""},"categories":[9],"tags":[2490,8889,8890,8892,8887,8895,875,8894,49,8893,8891,8888],"class_list":["post-14662","post","type-post","status-publish","format-standard","hentry","category-literarios","tag-dennis-lehane","tag-el-anarquista-que-se-llamaba-como-yo","tag-karoo","tag-karro-tesich","tag-lecturas-de-verano","tag-lecturas-verano-2013","tag-leer","tag-leer-leer-2013","tag-libros","tag-pablo-martin-sanchez","tag-steve-tesich","tag-vivir-de-noche"],"jetpack_featured_media_url":"","jetpack_sharing_enabled":true,"_links":{"self":[{"href":"https:\/\/www.granadablogs.com\/pateandoelmundo\/wp-json\/wp\/v2\/posts\/14662","targetHints":{"allow":["GET"]}}],"collection":[{"href":"https:\/\/www.granadablogs.com\/pateandoelmundo\/wp-json\/wp\/v2\/posts"}],"about":[{"href":"https:\/\/www.granadablogs.com\/pateandoelmundo\/wp-json\/wp\/v2\/types\/post"}],"author":[{"embeddable":true,"href":"https:\/\/www.granadablogs.com\/pateandoelmundo\/wp-json\/wp\/v2\/users\/1"}],"replies":[{"embeddable":true,"href":"https:\/\/www.granadablogs.com\/pateandoelmundo\/wp-json\/wp\/v2\/comments?post=14662"}],"version-history":[{"count":3,"href":"https:\/\/www.granadablogs.com\/pateandoelmundo\/wp-json\/wp\/v2\/posts\/14662\/revisions"}],"predecessor-version":[{"id":14667,"href":"https:\/\/www.granadablogs.com\/pateandoelmundo\/wp-json\/wp\/v2\/posts\/14662\/revisions\/14667"}],"wp:attachment":[{"href":"https:\/\/www.granadablogs.com\/pateandoelmundo\/wp-json\/wp\/v2\/media?parent=14662"}],"wp:term":[{"taxonomy":"category","embeddable":true,"href":"https:\/\/www.granadablogs.com\/pateandoelmundo\/wp-json\/wp\/v2\/categories?post=14662"},{"taxonomy":"post_tag","embeddable":true,"href":"https:\/\/www.granadablogs.com\/pateandoelmundo\/wp-json\/wp\/v2\/tags?post=14662"}],"curies":[{"name":"wp","href":"https:\/\/api.w.org\/{rel}","templated":true}]}}