{"id":14656,"date":"2013-08-13T13:57:23","date_gmt":"2013-08-13T12:57:23","guid":{"rendered":"http:\/\/www.granadablogs.com\/pateandoelmundo\/?p=14656"},"modified":"2013-08-13T13:57:23","modified_gmt":"2013-08-13T12:57:23","slug":"vikingos","status":"publish","type":"post","link":"https:\/\/www.granadablogs.com\/pateandoelmundo\/vikingos\/","title":{"rendered":"Vikingos"},"content":{"rendered":"<p style=\"text-align: justify;\">Quiso la casualidad que decidi\u00e9ramos irnos de viaje a Escandinavia justo antes de que la TNT empezara a emitir \u201cVikingos\u201d, una serie producida por The History Channel que ahora mismo ha empezado a emitir Antena 3.<\/p>\n<p style=\"text-align: justify;\"><a href=\"http:\/\/www.granadablogs.com\/pateandoelmundo\/wp-content\/uploads\/2013\/08\/Vikingos-serie.jpg\"><img loading=\"lazy\" decoding=\"async\" class=\"aligncenter size-medium wp-image-14657\" alt=\"Vikingos serie\" src=\"http:\/\/www.granadablogs.com\/pateandoelmundo\/wp-content\/uploads\/2013\/08\/Vikingos-serie-300x218.jpg\" width=\"300\" height=\"218\" srcset=\"https:\/\/www.granadablogs.com\/pateandoelmundo\/wp-content\/uploads\/2013\/08\/Vikingos-serie-300x218.jpg 300w, https:\/\/www.granadablogs.com\/pateandoelmundo\/wp-content\/uploads\/2013\/08\/Vikingos-serie.jpg 440w\" sizes=\"auto, (max-width: 300px) 100vw, 300px\" \/><\/a><\/p>\n<p style=\"text-align: justify;\">Y quiso la buena fortuna que pudi\u00e9ramos ver los primeros seis episodios de la serie antes de viajar a las tierras vikingas y los tres \u00faltimos, a la vuelta.<\/p>\n<p style=\"text-align: justify;\">Los muy cin\u00e9filos (o seri\u00e9filos, que para la cuesti\u00f3n es casi lo mismo) somos muy dados a buscar, cuando viajamos, paisajes, personas o situaciones que nos recuerden nuestras pel\u00edculas o series favoritas. Y, desde luego, \u201cVikingos\u201d y Escandinavia van bien cogidos de la mano. \u00a1Esos fiordos! \u00a1Ese Museo del barco vikingo de Oslo! Esos tipos rubios y tit\u00e1nicos de casi dos metros, encantados de haberse conocido\u2026 Aunque la serie se haya filmado entre Irlanda y Canad\u00e1, los paisajes y el dise\u00f1o de producci\u00f3n te trasladan a los mares del norte con absoluta fidelidad.<\/p>\n<p style=\"text-align: justify;\"><a href=\"http:\/\/www.granadablogs.com\/pateandoelmundo\/wp-content\/uploads\/2013\/08\/Vikingos-ataque.jpg\"><img loading=\"lazy\" decoding=\"async\" class=\"aligncenter size-medium wp-image-14658\" alt=\"Vikingos ataque\" src=\"http:\/\/www.granadablogs.com\/pateandoelmundo\/wp-content\/uploads\/2013\/08\/Vikingos-ataque-300x200.jpg\" width=\"300\" height=\"200\" srcset=\"https:\/\/www.granadablogs.com\/pateandoelmundo\/wp-content\/uploads\/2013\/08\/Vikingos-ataque-300x200.jpg 300w, https:\/\/www.granadablogs.com\/pateandoelmundo\/wp-content\/uploads\/2013\/08\/Vikingos-ataque.jpg 600w\" sizes=\"auto, (max-width: 300px) 100vw, 300px\" \/><\/a><\/p>\n<p style=\"text-align: justify;\">La serie, dig\u00e1moslo ya, es excepcional. Desde un punto de vista puramente narrativo y, tambi\u00e9n, desde lo hist\u00f3rico e historicista. As\u00ed, mientras los primeros episodios son m\u00e1s din\u00e1micos, repletos de acci\u00f3n, muerte, pillaje y destrucci\u00f3n; los \u00faltimos son m\u00e1s oscuros, calmados e introspectivos. El n\u00famero ocho, en concreto, titulado \u201cEl sacrificio\u201d, en el que se muestran los rituales m\u00e1gicos y religiosos de los vikingos, es inquietante, atractivo, oscuro, m\u00edstico y, por encima de todo, impresionante.<\/p>\n<p style=\"text-align: justify;\">Desde la ropa a los sistemas de navegaci\u00f3n, pasando por los barcos, las costumbres, el orden social, las relaciones sexuales, el papel de la mujer\u2026 todo ello est\u00e1 excepcionalmente mostrado y magistralmente narrado, en una de esas series que se paladean a cada fotograma.<\/p>\n<p style=\"text-align: justify;\">El personaje principal es Ragnar Lodbrok, uno de los h\u00e9roes m\u00e1s famosos de la cultura n\u00f3rdica, conocido por haber saqueado Inglaterra, Francia y Breta\u00f1a y cuyas haza\u00f1as est\u00e1n bien documentadas. Cuando le ve\u00e1is, caer\u00e9is rendidos a sus pies. Tipo duro y carism\u00e1tico. Decidido. Cruel. Curioso e inquisitivo. Y su gente, a la altura. Y su esposa\u2026 \u00a1ay, su esposa! Y sus enemigos, claro. \u00a1Si hasta los ni\u00f1os est\u00e1n bien y resultan cre\u00edbles!<\/p>\n<p style=\"text-align: justify;\"><a href=\"http:\/\/www.granadablogs.com\/pateandoelmundo\/wp-content\/uploads\/2013\/08\/Vikingos-Ragnar.jpg\"><img loading=\"lazy\" decoding=\"async\" class=\"aligncenter size-medium wp-image-14659\" alt=\"Vikingos Ragnar\" src=\"http:\/\/www.granadablogs.com\/pateandoelmundo\/wp-content\/uploads\/2013\/08\/Vikingos-Ragnar-268x300.jpg\" width=\"268\" height=\"300\" srcset=\"https:\/\/www.granadablogs.com\/pateandoelmundo\/wp-content\/uploads\/2013\/08\/Vikingos-Ragnar-268x300.jpg 268w, https:\/\/www.granadablogs.com\/pateandoelmundo\/wp-content\/uploads\/2013\/08\/Vikingos-Ragnar.jpg 500w\" sizes=\"auto, (max-width: 268px) 100vw, 268px\" \/><\/a><\/p>\n<p style=\"text-align: justify;\">Pero mi personaje favorito es el inquieto y ambiguo Floki. Un constructor de barcos con conocimientos m\u00e9dicos e \u00ednfulas m\u00edsticas que a veces parece actuar como un buf\u00f3n mientras que, en otras ocasiones, es el m\u00e1s cruel de los vikingos. Aliado fiel de Ragnar, cuando se sienta a la mesa de los ingleses no dejar\u00e1 de admirarse por lo bien tallados que est\u00e1n sus muebles y de disfrutar de la cer\u00e1mica con que fabrican sus platos y vasos\u2026 aunque termine rompi\u00e9ndolos a cabezazos antes de romper a re\u00edr desaforadamente. \u00a1Un crack, Floki!<\/p>\n<p style=\"text-align: justify;\"><a href=\"http:\/\/www.granadablogs.com\/pateandoelmundo\/wp-content\/uploads\/2013\/08\/Vikingos-Floki.jpg\"><img loading=\"lazy\" decoding=\"async\" class=\"aligncenter size-medium wp-image-14660\" alt=\"Vikingos Floki\" src=\"http:\/\/www.granadablogs.com\/pateandoelmundo\/wp-content\/uploads\/2013\/08\/Vikingos-Floki-300x200.jpg\" width=\"300\" height=\"200\" srcset=\"https:\/\/www.granadablogs.com\/pateandoelmundo\/wp-content\/uploads\/2013\/08\/Vikingos-Floki-300x200.jpg 300w, https:\/\/www.granadablogs.com\/pateandoelmundo\/wp-content\/uploads\/2013\/08\/Vikingos-Floki.jpg 640w\" sizes=\"auto, (max-width: 300px) 100vw, 300px\" \/><\/a><\/p>\n<p style=\"text-align: justify;\">La primera temporada ha sido un \u00e9xito clamoroso. Firmada por Michael Hirst, de quien se recuerda su extraordinaria adaptaci\u00f3n de la historia de \u201cLos Tudor\u201d, ya hay una segunda tanda de episodios comprometida. Pero el objetivo de Hirst es llegar hasta las siete temporadas, dado que la historia de los hijos de Lodbrok tambi\u00e9n resulta interesante, larga y jugosa.<\/p>\n<p style=\"text-align: justify;\">\u00a1Bienvenida esta nueva serie, esta saga de Vikingos que tan buenos ratos promete darnos!<\/p>\n<p style=\"text-align: justify;\">Yo que t\u00fa no me la perder\u00eda.<\/p>\n<p style=\"text-align: justify;\">Y pronto hablaremos del otro gran estreno del verano: \u201cThe Bridge\u201d. Mientras, ve sigui\u00e9ndola.<\/p>\n<p style=\"text-align: justify;\">Adem\u00e1s de seguirnos en Twitter, claro: @Jesus_Lens<\/p>\n","protected":false},"excerpt":{"rendered":"<p>Quiso la casualidad que decidi\u00e9ramos irnos de viaje a Escandinavia justo antes de que la TNT empezara a emitir \u201cVikingos\u201d, una serie producida por The History Channel que ahora mismo ha empezado a emitir Antena 3. Y quiso la buena fortuna que pudi\u00e9ramos ver los primeros seis episodios de la serie antes de viajar a [&hellip;]<\/p>\n","protected":false},"author":1,"featured_media":0,"comment_status":"open","ping_status":"open","sticky":false,"template":"","format":"standard","meta":{"jetpack_post_was_ever_published":false,"_jetpack_newsletter_access":"","_jetpack_dont_email_post_to_subs":false,"_jetpack_newsletter_tier_id":0,"_jetpack_memberships_contains_paywalled_content":false,"_jetpack_memberships_contains_paid_content":false,"footnotes":""},"categories":[12],"tags":[8875,8885,8879,8884,8870,8880,8886,8871,8882,8883,8881,8878,8872,8874,8868,8876,8877,8869,8867,8873,8864,1930,8866,8865],"class_list":["post-14656","post","type-post","status-publish","format-standard","hentry","category-television","tag-abadia-de-lindisfarne","tag-barco-vikingo","tag-eric-el-rojo","tag-floki","tag-gabriel-byrne","tag-george-blagden","tag-gustaf-skarsgard","tag-history-channel","tag-horik","tag-horik-i","tag-katheryn-winnick","tag-lodbrok","tag-los-tudor","tag-los-vikingos","tag-michael-hirst","tag-ragnar","tag-ragnar-lodbrok","tag-religion-vikinga","tag-serie-vikingos","tag-the-tudor","tag-travis-fimmel","tag-vikingos","tag-vikings","tag-vikings-serie"],"jetpack_featured_media_url":"","jetpack_sharing_enabled":true,"_links":{"self":[{"href":"https:\/\/www.granadablogs.com\/pateandoelmundo\/wp-json\/wp\/v2\/posts\/14656","targetHints":{"allow":["GET"]}}],"collection":[{"href":"https:\/\/www.granadablogs.com\/pateandoelmundo\/wp-json\/wp\/v2\/posts"}],"about":[{"href":"https:\/\/www.granadablogs.com\/pateandoelmundo\/wp-json\/wp\/v2\/types\/post"}],"author":[{"embeddable":true,"href":"https:\/\/www.granadablogs.com\/pateandoelmundo\/wp-json\/wp\/v2\/users\/1"}],"replies":[{"embeddable":true,"href":"https:\/\/www.granadablogs.com\/pateandoelmundo\/wp-json\/wp\/v2\/comments?post=14656"}],"version-history":[{"count":1,"href":"https:\/\/www.granadablogs.com\/pateandoelmundo\/wp-json\/wp\/v2\/posts\/14656\/revisions"}],"predecessor-version":[{"id":14661,"href":"https:\/\/www.granadablogs.com\/pateandoelmundo\/wp-json\/wp\/v2\/posts\/14656\/revisions\/14661"}],"wp:attachment":[{"href":"https:\/\/www.granadablogs.com\/pateandoelmundo\/wp-json\/wp\/v2\/media?parent=14656"}],"wp:term":[{"taxonomy":"category","embeddable":true,"href":"https:\/\/www.granadablogs.com\/pateandoelmundo\/wp-json\/wp\/v2\/categories?post=14656"},{"taxonomy":"post_tag","embeddable":true,"href":"https:\/\/www.granadablogs.com\/pateandoelmundo\/wp-json\/wp\/v2\/tags?post=14656"}],"curies":[{"name":"wp","href":"https:\/\/api.w.org\/{rel}","templated":true}]}}