{"id":14215,"date":"2013-05-15T12:43:59","date_gmt":"2013-05-15T11:43:59","guid":{"rendered":"http:\/\/www.granadablogs.com\/pateandoelmundo\/?p=14215"},"modified":"2013-05-15T12:43:59","modified_gmt":"2013-05-15T11:43:59","slug":"la-senda-trazada","status":"publish","type":"post","link":"https:\/\/www.granadablogs.com\/pateandoelmundo\/la-senda-trazada\/","title":{"rendered":"La senda trazada"},"content":{"rendered":"<p style=\"text-align: justify;\">Vaya por delante una confesi\u00f3n que tampoco sorprender\u00e1 a nadie: los libros con libro, me arrebatan.<\/p>\n<p style=\"text-align: justify;\">Es l\u00f3gico, \u00bfverdad?<\/p>\n<p style=\"text-align: justify;\">El caso es que una novela en la que aparezca un libro misterioso, perdido, extra\u00f1o o desconocido y que forme parte importante de la trama, ya tiene mucho camino ganado para conquistarme.<\/p>\n<p style=\"text-align: justify;\">Este a\u00f1o, entre las adquisiciones de la ya lejana Semana Negra 2012, figuraba \u201cLa senda trazada\u201d, de Pedro de Paz, un autor que adem\u00e1s es m\u00fasico.<\/p>\n<p style=\"text-align: justify;\"><em><strong>\u201cEl camino es largo y duro, compa\u00f1ero \u2013musit\u00f3-, por m\u00e1s que, al final del trayecto, todos acabemos en el mismo lugar. Todos tenemos la senda trazada y te aseguro que no nos queda m\u00e1s remedio que seguir sus pasos, nos guste o no\u201d.<\/strong><\/em><\/p>\n<p style=\"text-align: justify;\"><a href=\"http:\/\/www.granadablogs.com\/pateandoelmundo\/wp-content\/uploads\/2013\/05\/La-sensa-trazada.jpg\"><img loading=\"lazy\" decoding=\"async\" class=\"aligncenter size-medium wp-image-14216\" alt=\"La senda trazada\" src=\"http:\/\/www.granadablogs.com\/pateandoelmundo\/wp-content\/uploads\/2013\/05\/La-sensa-trazada-199x300.jpg\" width=\"199\" height=\"300\" srcset=\"https:\/\/www.granadablogs.com\/pateandoelmundo\/wp-content\/uploads\/2013\/05\/La-sensa-trazada-199x300.jpg 199w, https:\/\/www.granadablogs.com\/pateandoelmundo\/wp-content\/uploads\/2013\/05\/La-sensa-trazada.jpg 586w\" sizes=\"auto, (max-width: 199px) 100vw, 199px\" \/><\/a><\/p>\n<p style=\"text-align: justify;\">Me encant\u00f3 esta frase, de uno de los primeros cap\u00edtulos de \u201cLa senda trazada\u201d, cuando Alfonso Heredia, un fot\u00f3grafo de prensa en horas bajas, acababa de adquirir un extra\u00f1o libro, antiguo, manuscrito con caracteres g\u00f3ticos en una librer\u00eda de viejo del Madrid de toda la vida.<\/p>\n<p style=\"text-align: justify;\"><em>Y si quieres seguir leyendo, <a href=\"http:\/\/revistacalibre38.wordpress.com\/2013\/04\/11\/la-senda-trazada-de-pedro-de-paz-por-jesus-lens\/\" target=\"_blank\">tendr\u00e1s que darte un garbeo por nuestra p\u00e1gina hermana<\/a>, que la Banda del 38 tiene mucho que contar&#8230;<\/em><\/p>\n<p style=\"text-align: justify;\">En Twitter, soy @Jesus_Lens<\/p>\n","protected":false},"excerpt":{"rendered":"<p>Vaya por delante una confesi\u00f3n que tampoco sorprender\u00e1 a nadie: los libros con libro, me arrebatan. Es l\u00f3gico, \u00bfverdad? El caso es que una novela en la que aparezca un libro misterioso, perdido, extra\u00f1o o desconocido y que forme parte importante de la trama, ya tiene mucho camino ganado para conquistarme. Este a\u00f1o, entre las [&hellip;]<\/p>\n","protected":false},"author":1,"featured_media":0,"comment_status":"open","ping_status":"open","sticky":false,"template":"","format":"standard","meta":{"jetpack_post_was_ever_published":false,"_jetpack_newsletter_access":"","_jetpack_dont_email_post_to_subs":false,"_jetpack_newsletter_tier_id":0,"_jetpack_memberships_contains_paywalled_content":false,"_jetpack_memberships_contains_paid_content":false,"footnotes":""},"categories":[21],"tags":[8510,8511,8512,21,2668,28,6997],"class_list":["post-14215","post","type-post","status-publish","format-standard","hentry","category-negra-y-criminal","tag-la-senda-trazada","tag-libros-con-libro","tag-libros-de-libros","tag-negra-y-criminal","tag-pedro-de-paz","tag-semana-negra","tag-semana-negra-2013"],"jetpack_featured_media_url":"","jetpack_sharing_enabled":true,"_links":{"self":[{"href":"https:\/\/www.granadablogs.com\/pateandoelmundo\/wp-json\/wp\/v2\/posts\/14215","targetHints":{"allow":["GET"]}}],"collection":[{"href":"https:\/\/www.granadablogs.com\/pateandoelmundo\/wp-json\/wp\/v2\/posts"}],"about":[{"href":"https:\/\/www.granadablogs.com\/pateandoelmundo\/wp-json\/wp\/v2\/types\/post"}],"author":[{"embeddable":true,"href":"https:\/\/www.granadablogs.com\/pateandoelmundo\/wp-json\/wp\/v2\/users\/1"}],"replies":[{"embeddable":true,"href":"https:\/\/www.granadablogs.com\/pateandoelmundo\/wp-json\/wp\/v2\/comments?post=14215"}],"version-history":[{"count":2,"href":"https:\/\/www.granadablogs.com\/pateandoelmundo\/wp-json\/wp\/v2\/posts\/14215\/revisions"}],"predecessor-version":[{"id":14218,"href":"https:\/\/www.granadablogs.com\/pateandoelmundo\/wp-json\/wp\/v2\/posts\/14215\/revisions\/14218"}],"wp:attachment":[{"href":"https:\/\/www.granadablogs.com\/pateandoelmundo\/wp-json\/wp\/v2\/media?parent=14215"}],"wp:term":[{"taxonomy":"category","embeddable":true,"href":"https:\/\/www.granadablogs.com\/pateandoelmundo\/wp-json\/wp\/v2\/categories?post=14215"},{"taxonomy":"post_tag","embeddable":true,"href":"https:\/\/www.granadablogs.com\/pateandoelmundo\/wp-json\/wp\/v2\/tags?post=14215"}],"curies":[{"name":"wp","href":"https:\/\/api.w.org\/{rel}","templated":true}]}}