{"id":14164,"date":"2013-05-05T19:50:10","date_gmt":"2013-05-05T18:50:10","guid":{"rendered":"http:\/\/www.granadablogs.com\/pateandoelmundo\/?p=14164"},"modified":"2013-05-06T07:50:42","modified_gmt":"2013-05-06T06:50:42","slug":"salobrena","status":"publish","type":"post","link":"https:\/\/www.granadablogs.com\/pateandoelmundo\/salobrena\/","title":{"rendered":"Salobre\u00f1a: estado mental"},"content":{"rendered":"<p style=\"text-align: justify;\">Hubo un momento en que me puse las gafas, durante la presentaci\u00f3n en la librer\u00eda 1616 Books de mi querido Antonio Fuentes, un templo de la sabidur\u00eda y un monumento a la cultura del compromiso y la resistencia literaria. Las gafas de ver. Y vi a tantas personas, a tantos amigos; sentados y de pie, que r\u00e1pidamente me las volv\u00ed a quitar, para mantener aplacados los nervios.<\/p>\n<p style=\"text-align: justify;\">\u00a0<a href=\"http:\/\/www.granadablogs.com\/pateandoelmundo\/wp-content\/uploads\/2013\/05\/Librer\u00eda-1616.jpg\"><img loading=\"lazy\" decoding=\"async\" class=\"aligncenter size-medium wp-image-14165\" alt=\"Librer\u00eda 1616\" src=\"http:\/\/www.granadablogs.com\/pateandoelmundo\/wp-content\/uploads\/2013\/05\/Librer\u00eda-1616-300x225.jpg\" width=\"300\" height=\"225\" srcset=\"https:\/\/www.granadablogs.com\/pateandoelmundo\/wp-content\/uploads\/2013\/05\/Librer\u00eda-1616-300x225.jpg 300w, https:\/\/www.granadablogs.com\/pateandoelmundo\/wp-content\/uploads\/2013\/05\/Librer\u00eda-1616-1024x768.jpg 1024w, https:\/\/www.granadablogs.com\/pateandoelmundo\/wp-content\/uploads\/2013\/05\/Librer\u00eda-1616.jpg 2048w\" sizes=\"auto, (max-width: 300px) 100vw, 300px\" \/><\/a><\/p>\n<p style=\"text-align: justify;\">O la tensi\u00f3n, m\u00e1s bien, como le dec\u00eda a Panchy cuando me coment\u00f3 que estaba m\u00e1s nervioso en Salobre\u00f1a que en la presentaci\u00f3n granadina. Y es que, una vez publicado \u201cCineasta Blanco, Coraz\u00f3n Negro\u201d, tener el libro en las manos, hojearlo y releerlo, me hace revivir momentos muy intensos de estos \u00faltimos meses. Y muchas de las vivencias que, en los \u00faltimos a\u00f1os, he disfrutado en \u00c1frica.<\/p>\n<p style=\"text-align: justify;\">\u201cVuelvo a Salobre\u00f1a. Vuelvo al hogar\u201d. As\u00ed titulaba una de las \u00faltimas entradas de este Blog. Y m\u00e1xime porque, esta vez, me qued\u00e9 en casa de Encarny, Colin y Dominique, que me tienen ya literalmente adoptado. Y all\u00ed, en el Casco Antiguo de Salobre\u00f1a, compartiendo espacio con Tint\u00edn y rodeado de Garabatos Digitales, he pasado uno m\u00e1s de esos fines de semana memorables que empezaron el viernes a mediod\u00eda, con el at\u00fan del Trasmallo, una de esas delicias gastron\u00f3micas que nadie deber\u00eda perderse, seguido que una visita al Sunem, para ver la Cruz decorada por Luis Villaescusa y disfrutar de los extraordinarios combinados que preparan en uno de los garitos con m\u00e1s encanto y m\u00e1s clase de la Costa granadina.<\/p>\n<p style=\"text-align: justify;\">\u00a0<a href=\"http:\/\/www.granadablogs.com\/pateandoelmundo\/wp-content\/uploads\/2013\/05\/Lens-Tint\u00edn.jpg\"><img loading=\"lazy\" decoding=\"async\" class=\"aligncenter size-medium wp-image-14166\" alt=\"Lens Tint\u00edn\" src=\"http:\/\/www.granadablogs.com\/pateandoelmundo\/wp-content\/uploads\/2013\/05\/Lens-Tint\u00edn-225x300.jpg\" width=\"225\" height=\"300\" srcset=\"https:\/\/www.granadablogs.com\/pateandoelmundo\/wp-content\/uploads\/2013\/05\/Lens-Tint\u00edn-225x300.jpg 225w, https:\/\/www.granadablogs.com\/pateandoelmundo\/wp-content\/uploads\/2013\/05\/Lens-Tint\u00edn.jpg 480w\" sizes=\"auto, (max-width: 225px) 100vw, 225px\" \/><\/a><\/p>\n<p style=\"text-align: justify;\">Y despu\u00e9s, al cine. A ver \u201cLooper\u201d, en ese Cineclub Mediterr\u00e1neo tan vinculado a la Obra Social de mi CajaGRANADA, una pel\u00edcula complicada, extra\u00f1a y fant\u00e1stica, sobre viajes en el tiempo, el azar, la necesidad, la casualidad, la causalidad, y el destino. Y la\u00a0importancia de tomar las mejores decisiones, en cada momento, de acuerdo con la informaci\u00f3n de la que disponemos y pensando en las consecuencias de las mismas,\u00a0de cara\u00a0al futuro, inmediato y mediato. Una pel\u00edcula con uno de esos finales sorprendentes, duros e imprevisibles. Un final que, sin embargo, no pod\u00eda ser otro.<\/p>\n<p style=\"text-align: justify;\">El viernes sigui\u00f3 entre ca\u00f1as y tapas, por Motril, y una \u00faltima visita al Studio JA de Salobre\u00f1a, donde oficia Mariano, mi presentador oficial de libros en Salobre\u00f1a, y cuyo saludo fue una maravillosa confesi\u00f3n: que este \u00faltimo es mi mejor libro, algo con lo que estoy absolutamente de acuerdo, sin desmerecer a mis trabajos anteriores.\u00a0Lo repetir\u00eda en su maravillosa y sentida presentaci\u00f3n del s\u00e1bado. Y es que, como dir\u00eda durante la misma, \u201cCineasta Blanco, Coraz\u00f3n Negro\u201d lleva mucho de m\u00ed en sus p\u00e1ginas. Es una declaraci\u00f3n de amor a un continente, \u00c1frica, que me da la vida. Un libro escrito con las tripas, las entra\u00f1as y el coraz\u00f3n.<\/p>\n<p style=\"text-align: justify;\">\u00a0<a href=\"http:\/\/www.granadablogs.com\/pateandoelmundo\/wp-content\/uploads\/2013\/05\/Cineasta-Blanco-Coraz\u00f3n-Negro-contraportada.jpg\"><img loading=\"lazy\" decoding=\"async\" class=\"aligncenter size-medium wp-image-14167\" alt=\"Cineasta Blanco Coraz\u00f3n Negro contraportada\" src=\"http:\/\/www.granadablogs.com\/pateandoelmundo\/wp-content\/uploads\/2013\/05\/Cineasta-Blanco-Coraz\u00f3n-Negro-contraportada-261x300.jpg\" width=\"261\" height=\"300\" srcset=\"https:\/\/www.granadablogs.com\/pateandoelmundo\/wp-content\/uploads\/2013\/05\/Cineasta-Blanco-Coraz\u00f3n-Negro-contraportada-261x300.jpg 261w, https:\/\/www.granadablogs.com\/pateandoelmundo\/wp-content\/uploads\/2013\/05\/Cineasta-Blanco-Coraz\u00f3n-Negro-contraportada.jpg 876w\" sizes=\"auto, (max-width: 261px) 100vw, 261px\" \/><\/a><\/p>\n<p style=\"text-align: justify;\">Ve\u00eda a mi Cuate y a Panchy en primera fila. A Antonio, en el lateral, con su mujer y sus dos preciosas hijas. Y all\u00ed estaba Conchi, la primera en llegar. Y camuflada, Reyes, con una compi, yo creo que un poco sorprendida por reencontrarse con un viejo amigo, tan cerca de aquella Chucha nuestra, pero a la vez, tan lejos de aquellos a\u00f1os en que \u00e9ramos poco m\u00e1s que ni\u00f1os, con todo el futuro por descubrir. Y es que la vida, por fortuna, te da sorpresas\u2026<\/p>\n<p style=\"text-align: justify;\">Y a Concha y Paco, cuyo Pub Fusi\u00f3n es uno de los\u00a0locales que deber\u00edan estar en la Enciclopedia de los Mejores Garitos de Espa\u00f1a; y que me hicieron un regalo que, a la vez, es una provocaci\u00f3n, una invitaci\u00f3n, un desaf\u00edo: un buen pu\u00f1ado de pel\u00edculas africanas que me van a permitir (re)conocer ese maravilloso continente, desde dentro, por dentro. Y contado por los propios africanos. \u00a1Casi nada al aparato!<\/p>\n<p style=\"text-align: justify;\">Y, tambi\u00e9n, en primera fila, Gonzalo Fern\u00e1ndez Pulido, con su hijo, cari\u00f1oso, atento y participativo. Me gusta Gonzalo, y el compromiso que, como alcalde de la villa, mantiene por la cultura, el deporte y la educaci\u00f3n en Salobre\u00f1a. Y Mar\u00eda Eugenia, la concejal de cultura. \u00a1Que est\u00e9n un s\u00e1bado, en plenas cruces, en la presentaci\u00f3n de un libro sobre cine y \u00c1frica, dice mucho y bueno de ellos!<\/p>\n<p style=\"text-align: justify;\">Como encontrar a \u00c1ngel D\u00edaz Sol, el fact\u00f3tum de Puerto de Motril, cuyo crecimiento es fruto de una sensatez y discreci\u00f3n que <a href=\"http:\/\/www.granadablogs.com\/pateandoelmundo\/el-milagro-del-puerto\/\" target=\"_blank\">alabamos en este art\u00edculo de IDEAL<\/a>.<\/p>\n<p style=\"text-align: justify;\">\u00a0<a href=\"http:\/\/www.granadablogs.com\/pateandoelmundo\/wp-content\/uploads\/2013\/05\/Gonzalo-Pulido.jpg\"><br \/>\n<\/a><a href=\"http:\/\/www.granadablogs.com\/pateandoelmundo\/wp-content\/uploads\/2013\/05\/Firmando-con-\u00c1ngel-D\u00edaz-Sol.jpg\"><img loading=\"lazy\" decoding=\"async\" class=\"aligncenter size-medium wp-image-14169\" alt=\"Firmando con \u00c1ngel D\u00edaz Sol\" src=\"http:\/\/www.granadablogs.com\/pateandoelmundo\/wp-content\/uploads\/2013\/05\/Firmando-con-\u00c1ngel-D\u00edaz-Sol-225x300.jpg\" width=\"225\" height=\"300\" srcset=\"https:\/\/www.granadablogs.com\/pateandoelmundo\/wp-content\/uploads\/2013\/05\/Firmando-con-\u00c1ngel-D\u00edaz-Sol-225x300.jpg 225w, https:\/\/www.granadablogs.com\/pateandoelmundo\/wp-content\/uploads\/2013\/05\/Firmando-con-\u00c1ngel-D\u00edaz-Sol-768x1024.jpg 768w, https:\/\/www.granadablogs.com\/pateandoelmundo\/wp-content\/uploads\/2013\/05\/Firmando-con-\u00c1ngel-D\u00edaz-Sol.jpg 1536w\" sizes=\"auto, (max-width: 225px) 100vw, 225px\" \/><\/a><\/p>\n<p style=\"text-align: justify;\">Y estaban Clarissa. Y Marisa. Y Cristina. Y Encarny. Y Dominique. Y mi compi de CajaGRANADA, la directora de la sucursal de Salobre\u00f1a, con su hijo. Y la gente de la Asociaci\u00f3n Cultural 18600. Y estaban\u2026 me perdon\u00e1is que no nombre a todos, pero llegamos a coincidir casi 50 personas en la librer\u00eda de Antonio.<\/p>\n<p style=\"text-align: justify;\">\u00bfC\u00f3mo no voy a adorar a Salobre\u00f1a, donde no es que me sienta como en casa; si no que estoy en casa?<\/p>\n<p style=\"text-align: justify;\">Despu\u00e9s lleg\u00f3 la visita a La Vinater\u00eda. Y al Mes\u00f3n de la Villa. Y a Carne a la Piedra, en la playa, donde brindamos con Antonio, el due\u00f1o, de una forma tan abrupta como sentida: <em><strong>\u201c\u00a1Salud! Y el que no nos quiera, que se muera\u201d<\/strong><\/em>. As\u00ed, el whiskey sabe mejor.<\/p>\n<p style=\"text-align: justify;\">Pero no quiero dejarme en el tintero, este pedazo de\u00a0sorpresa que me depar\u00f3 IDEAL por la ma\u00f1ana. El art\u00edculo de Federico Garc\u00eda Fern\u00e1ndez, \u00edntegro y titulado \u00abLens el Africano\u00bb, <a href=\"http:\/\/www.federicogarciafernandez.es\/wordpress\/articulos\/lens-el-africano\/\" target=\"_blank\">lo puedes leer aqu\u00ed<\/a>. Pero estas palabras me conmueven hasta las entra\u00f1as. \u00bfQu\u00e9 puedo decir, sabiendo que no hay un \u201cgracias\u201d lo suficientemente grande como para recompensar un art\u00edculo escrito con tanto cari\u00f1o, pasi\u00f3n y fuerza?<\/p>\n<p style=\"text-align: justify;\"><a href=\"http:\/\/www.granadablogs.com\/pateandoelmundo\/wp-content\/uploads\/2013\/05\/Rese\u00f1a-Federico.jpg\"><img loading=\"lazy\" decoding=\"async\" class=\"aligncenter size-medium wp-image-14174\" alt=\"Rese\u00f1a Federico\" src=\"http:\/\/www.granadablogs.com\/pateandoelmundo\/wp-content\/uploads\/2013\/05\/Rese\u00f1a-Federico-225x300.jpg\" width=\"225\" height=\"300\" srcset=\"https:\/\/www.granadablogs.com\/pateandoelmundo\/wp-content\/uploads\/2013\/05\/Rese\u00f1a-Federico-225x300.jpg 225w, https:\/\/www.granadablogs.com\/pateandoelmundo\/wp-content\/uploads\/2013\/05\/Rese\u00f1a-Federico.jpg 720w\" sizes=\"auto, (max-width: 225px) 100vw, 225px\" \/><\/a><\/p>\n<p style=\"text-align: justify;\">\u00a1GRA-CIAS!<\/p>\n<p style=\"text-align: justify;\">Por \u00faltimo, el s\u00e1bado nos llev\u00f3 a disfrutar de la melodiosa y envolvente voz de Ana Cisneros, en el Fusi\u00f3n. Un concierto \u00edntimo, repleto de momentos tan hermosos como el \u201cI remember you\u201d. Ana toca la bater\u00eda y canta,\u00a0acompa\u00f1ada por\u00a0un \u00f3rgano Hammond. Y, solo con esos elementos, consiguen llenar un escenario con tanta personalidad como\u00a0la que derrocha uno\u00a0de esos locales que, como dec\u00eda antes, exuda pasi\u00f3n, calor, color y que le dan sentido a nuestra vida musical.<\/p>\n<figure id=\"attachment_14170\" aria-describedby=\"caption-attachment-14170\" style=\"width: 225px\" class=\"wp-caption aligncenter\"><a href=\"http:\/\/www.granadablogs.com\/pateandoelmundo\/wp-content\/uploads\/2013\/05\/The-Godark-Cuates.jpg\"><img loading=\"lazy\" decoding=\"async\" class=\"size-medium wp-image-14170\" alt=\"The Godark Cuates\" src=\"http:\/\/www.granadablogs.com\/pateandoelmundo\/wp-content\/uploads\/2013\/05\/The-Godark-Cuates-225x300.jpg\" width=\"225\" height=\"300\" srcset=\"https:\/\/www.granadablogs.com\/pateandoelmundo\/wp-content\/uploads\/2013\/05\/The-Godark-Cuates-225x300.jpg 225w, https:\/\/www.granadablogs.com\/pateandoelmundo\/wp-content\/uploads\/2013\/05\/The-Godark-Cuates-768x1024.jpg 768w, https:\/\/www.granadablogs.com\/pateandoelmundo\/wp-content\/uploads\/2013\/05\/The-Godark-Cuates.jpg 1536w\" sizes=\"auto, (max-width: 225px) 100vw, 225px\" \/><\/a><figcaption id=\"caption-attachment-14170\" class=\"wp-caption-text\">The Godark Cuates<\/figcaption><\/figure>\n<p style=\"text-align: justify;\">Y casi sin dormir, me present\u00e9 en la l\u00ednea de salida de la carrera de Salobre\u00f1a, donde me reencontr\u00e9 con Flor y donde, contra todo pron\u00f3stico, me sali\u00f3 una gran carrera, corriendo\u00a0a 4,28 minutos el kil\u00f3metro, aunque en el 7 me pegara un flato fuerte y tuviera que relajarme un tanto.<\/p>\n<p style=\"text-align: justify;\">Ahora, en casa, viendo la NBA, tengo que deshacer la maleta y reordenar los libros, discos y pel\u00edculas que me he tra\u00eddo. Y los proyectos, las ideas y los planes de futuro que tenemos por delante. Muchos. Y variados. Desde los conciertos y las exposiciones a los viajes y los libros. Las fotograf\u00edas, los discos, los textos\u2026<\/p>\n<p style=\"text-align: justify;\">Pero no nos adelantemos.<\/p>\n<p style=\"text-align: justify;\">Disfrutemos del recuerdo de un fin de semana tan especial como todos los que transcurren en Salobre\u00f1a. Y con un recuerdo muy especial para esas personas que quisieron estar, pero no pudieron, por razones y circunstancias distintas.<\/p>\n<figure id=\"attachment_14171\" aria-describedby=\"caption-attachment-14171\" style=\"width: 225px\" class=\"wp-caption aligncenter\"><a href=\"http:\/\/www.granadablogs.com\/pateandoelmundo\/wp-content\/uploads\/2013\/05\/Corriendo-x-\u00c1frica.jpg\"><img loading=\"lazy\" decoding=\"async\" class=\"size-medium wp-image-14171\" alt=\"Dorsal, tras la carrera\" src=\"http:\/\/www.granadablogs.com\/pateandoelmundo\/wp-content\/uploads\/2013\/05\/Corriendo-x-\u00c1frica-225x300.jpg\" width=\"225\" height=\"300\" srcset=\"https:\/\/www.granadablogs.com\/pateandoelmundo\/wp-content\/uploads\/2013\/05\/Corriendo-x-\u00c1frica-225x300.jpg 225w, https:\/\/www.granadablogs.com\/pateandoelmundo\/wp-content\/uploads\/2013\/05\/Corriendo-x-\u00c1frica.jpg 480w\" sizes=\"auto, (max-width: 225px) 100vw, 225px\" \/><\/a><figcaption id=\"caption-attachment-14171\" class=\"wp-caption-text\">Dorsal, tras la carrera<\/figcaption><\/figure>\n<p style=\"text-align: justify;\">Porque Salobre\u00f1a no es solo un pueblo precioso, sino un aut\u00e9ntico estado mental, una provocaci\u00f3n intelectual, emocional y sensorial que invita a volver, una y otra vez.<\/p>\n<p style=\"text-align: justify;\">\u00a1Gracias, Frente Salobre\u00f1ero!<\/p>\n<p style=\"text-align: justify;\">En Twitter: @Jesus_Lens<\/p>\n","protected":false},"excerpt":{"rendered":"<p>Hubo un momento en que me puse las gafas, durante la presentaci\u00f3n en la librer\u00eda 1616 Books de mi querido Antonio Fuentes, un templo de la sabidur\u00eda y un monumento a la cultura del compromiso y la resistencia literaria. Las gafas de ver. Y vi a tantas personas, a tantos amigos; sentados y de pie, [&hellip;]<\/p>\n","protected":false},"author":1,"featured_media":0,"comment_status":"open","ping_status":"open","sticky":false,"template":"","format":"standard","meta":{"jetpack_post_was_ever_published":false,"_jetpack_newsletter_access":"","_jetpack_dont_email_post_to_subs":false,"_jetpack_newsletter_tier_id":0,"_jetpack_memberships_contains_paywalled_content":false,"_jetpack_memberships_contains_paid_content":false,"footnotes":""},"categories":[36,7018],"tags":[7967,1603,8486,8457,1601],"class_list":["post-14164","post","type-post","status-publish","format-standard","hentry","category-africa","category-africacine","tag-cineasta-blanco-corazon-negro","tag-colin-bertholet","tag-libreria-1616","tag-presentacion-cineasta-blanco-corazon-negro","tag-salobrena"],"jetpack_featured_media_url":"","jetpack_sharing_enabled":true,"_links":{"self":[{"href":"https:\/\/www.granadablogs.com\/pateandoelmundo\/wp-json\/wp\/v2\/posts\/14164","targetHints":{"allow":["GET"]}}],"collection":[{"href":"https:\/\/www.granadablogs.com\/pateandoelmundo\/wp-json\/wp\/v2\/posts"}],"about":[{"href":"https:\/\/www.granadablogs.com\/pateandoelmundo\/wp-json\/wp\/v2\/types\/post"}],"author":[{"embeddable":true,"href":"https:\/\/www.granadablogs.com\/pateandoelmundo\/wp-json\/wp\/v2\/users\/1"}],"replies":[{"embeddable":true,"href":"https:\/\/www.granadablogs.com\/pateandoelmundo\/wp-json\/wp\/v2\/comments?post=14164"}],"version-history":[{"count":6,"href":"https:\/\/www.granadablogs.com\/pateandoelmundo\/wp-json\/wp\/v2\/posts\/14164\/revisions"}],"predecessor-version":[{"id":14173,"href":"https:\/\/www.granadablogs.com\/pateandoelmundo\/wp-json\/wp\/v2\/posts\/14164\/revisions\/14173"}],"wp:attachment":[{"href":"https:\/\/www.granadablogs.com\/pateandoelmundo\/wp-json\/wp\/v2\/media?parent=14164"}],"wp:term":[{"taxonomy":"category","embeddable":true,"href":"https:\/\/www.granadablogs.com\/pateandoelmundo\/wp-json\/wp\/v2\/categories?post=14164"},{"taxonomy":"post_tag","embeddable":true,"href":"https:\/\/www.granadablogs.com\/pateandoelmundo\/wp-json\/wp\/v2\/tags?post=14164"}],"curies":[{"name":"wp","href":"https:\/\/api.w.org\/{rel}","templated":true}]}}