{"id":14022,"date":"2013-04-11T09:23:50","date_gmt":"2013-04-11T08:23:50","guid":{"rendered":"http:\/\/www.granadablogs.com\/pateandoelmundo\/?p=14022"},"modified":"2013-04-11T09:27:01","modified_gmt":"2013-04-11T08:27:01","slug":"el-cine-en-tiempo-real","status":"publish","type":"post","link":"https:\/\/www.granadablogs.com\/pateandoelmundo\/el-cine-en-tiempo-real\/","title":{"rendered":"El cine en tiempo real. Parte II"},"content":{"rendered":"<p style=\"text-align: justify;\"><em><strong>Vamos con la segunda parte del reportaje sobre cine \u201cEn tiempo real\u201d <a href=\"http:\/\/www.granadablogs.com\/pateandoelmundo\/en-tiempo-real\/\" target=\"_blank\">que empezamos hace un par de d\u00edas<\/a>. \u00bfOs gustan estas pel\u00edculas basadas en hechos tan pr\u00f3ximos en el tiempo que la realidad se ve entreverada de ficci\u00f3n?<\/strong><\/em><\/p>\n<p style=\"text-align: justify;\">Volviendo a la pel\u00edcula sobre la caza de Bin Laden, una de las pol\u00e9micas m\u00e1s agrias que la misma ha suscitado viene dada por mostrar las torturas que los agentes de la CIA inflig\u00edan a los sospechosos de ser terroristas islamistas. Detenidos, encadenados, encapuchados y ataviados con esos monos naranjas que ya pudimos ver en \u201cThe road to Guantanamo\u201d, una pel\u00edcula impresionante, con hechuras documentales, de Michael Winterbottom, filmada en 2006 y en la que se contaba la odisea de tres ciudadanos ingleses de origen asi\u00e1tico, detenidos por error, en Afganist\u00e1n, en 2001.<\/p>\n<p style=\"text-align: justify;\">\u00a0<a href=\"http:\/\/www.granadablogs.com\/pateandoelmundo\/wp-content\/uploads\/2013\/04\/Alhambra-19251.jpg\"><img loading=\"lazy\" decoding=\"async\" class=\"aligncenter size-medium wp-image-14023\" alt=\"The road to Guantanamo\" src=\"http:\/\/www.granadablogs.com\/pateandoelmundo\/wp-content\/uploads\/2013\/04\/Alhambra-19251-300x150.jpg\" width=\"300\" height=\"150\" srcset=\"https:\/\/www.granadablogs.com\/pateandoelmundo\/wp-content\/uploads\/2013\/04\/Alhambra-19251-300x150.jpg 300w, https:\/\/www.granadablogs.com\/pateandoelmundo\/wp-content\/uploads\/2013\/04\/Alhambra-19251.jpg 600w\" sizes=\"auto, (max-width: 300px) 100vw, 300px\" \/><\/a><\/p>\n<p style=\"text-align: justify;\">Como impresionante es la pel\u00edcula que, un a\u00f1o despu\u00e9s, rod\u00f3 el propio Winterbottom, \u201cUn coraz\u00f3n invencible\u201d, en la que se narra el secuestro del periodista Danny Pearl, corresponsal del Wall Street Journal, por un grupo de talibanes, en Pakist\u00e1n, en 2002. Contada desde la \u00f3ptica de su batalladora esposa, interpretada por la mejor Angelina Jolie que se ha visto nunca en pantalla, la pel\u00edcula resulta especialmente sobrecogedora porque, al verla, a\u00fan ten\u00edamos clavadas en la retina las im\u00e1genes de la decapitaci\u00f3n de Pearl, retransmitidas urbi et orbe a trav\u00e9s de Internet. (Esta pel\u00edcula, <a href=\"http:\/\/www.granadablogs.com\/pateandoelmundo\/13944\/\" target=\"_blank\">la proyectamos en el ciclo Cine y Periodismo, en CajaGRANADA.)<\/a><\/p>\n<p style=\"text-align: justify;\">\u00a0<a href=\"http:\/\/www.granadablogs.com\/pateandoelmundo\/wp-content\/uploads\/2013\/04\/black-mirror.jpg\"><img loading=\"lazy\" decoding=\"async\" class=\"aligncenter size-medium wp-image-14024\" alt=\"Un coraz\u00f3n invencible\" src=\"http:\/\/www.granadablogs.com\/pateandoelmundo\/wp-content\/uploads\/2013\/04\/black-mirror-226x300.jpg\" width=\"226\" height=\"300\" srcset=\"https:\/\/www.granadablogs.com\/pateandoelmundo\/wp-content\/uploads\/2013\/04\/black-mirror-226x300.jpg 226w, https:\/\/www.granadablogs.com\/pateandoelmundo\/wp-content\/uploads\/2013\/04\/black-mirror.jpg 275w\" sizes=\"auto, (max-width: 226px) 100vw, 226px\" \/><\/a><\/p>\n<p style=\"text-align: justify;\">En su momento, un veterano William Randolph Hearst trat\u00f3 de impedir la proyecci\u00f3n de la m\u00edtica \u201cCiudadano Kane\u201d, ap\u00f3crifamente basada en su larga y procelosa biograf\u00eda. Hoy, existe una l\u00f3gica expectaci\u00f3n por la pel\u00edcula que, sobre la figura de Julian Assange, se est\u00e1 filmando en estos momentos, en la que el cerebro, creador y art\u00edfice de la famosa p\u00e1gina Wikileaks es interpretado por el brit\u00e1nico Benedict Cumberbatch. Expectaci\u00f3n porque Assange, adem\u00e1s de ser reclamado por la justicia de diversos pa\u00edses y encontrarse refugiado en la embajada de Ecuador en Londres, ha anunciado su intenci\u00f3n de presentarse como candidato a senador en Australia. \u00a1Hasta el mism\u00edsimo Steven Spielberg se ha mostrado interesado en filmar una historia sobre Wikileaks!<\/p>\n<p style=\"text-align: justify;\">\u00a0<a href=\"http:\/\/www.granadablogs.com\/pateandoelmundo\/wp-content\/uploads\/2013\/04\/Assange.jpg\"><img loading=\"lazy\" decoding=\"async\" class=\"aligncenter size-medium wp-image-14025\" alt=\"Life through a lens \u0085 Benedict Cumberbatch and Julian Assange.\" src=\"http:\/\/www.granadablogs.com\/pateandoelmundo\/wp-content\/uploads\/2013\/04\/Assange-300x180.jpg\" width=\"300\" height=\"180\" srcset=\"https:\/\/www.granadablogs.com\/pateandoelmundo\/wp-content\/uploads\/2013\/04\/Assange-300x180.jpg 300w, https:\/\/www.granadablogs.com\/pateandoelmundo\/wp-content\/uploads\/2013\/04\/Assange.jpg 460w\" sizes=\"auto, (max-width: 300px) 100vw, 300px\" \/><\/a><\/p>\n<p style=\"text-align: justify;\">Y es que la actualidad manda. As\u00ed, Martin Scorsese va a filmar un documental sobre la presidencia de Bill Clinton, a quien John Travolta ya consigui\u00f3 sacar sus \u201cPrimary colors\u201d; y no ser\u00e1 de extra\u00f1ar que, apenas llevemos un par de a\u00f1os del segundo mandato de Obama, Spike Lee anuncie su intenci\u00f3n de llevar su vida a la gran pantalla, como pudimos ver en el caso de Margaret Thacher y \u201cLa dama de hierro\u201d.<\/p>\n<p style=\"text-align: justify;\">\u00a0<\/p>\n<figure id=\"attachment_14026\" aria-describedby=\"caption-attachment-14026\" style=\"width: 300px\" class=\"wp-caption aligncenter\"><a href=\"http:\/\/www.granadablogs.com\/pateandoelmundo\/wp-content\/uploads\/2013\/04\/black-mirror-cerdo.jpg\"><img loading=\"lazy\" decoding=\"async\" class=\"size-medium wp-image-14026\" alt=\"Ese dedo...\" src=\"http:\/\/www.granadablogs.com\/pateandoelmundo\/wp-content\/uploads\/2013\/04\/black-mirror-cerdo-300x199.jpg\" width=\"300\" height=\"199\" srcset=\"https:\/\/www.granadablogs.com\/pateandoelmundo\/wp-content\/uploads\/2013\/04\/black-mirror-cerdo-300x199.jpg 300w, https:\/\/www.granadablogs.com\/pateandoelmundo\/wp-content\/uploads\/2013\/04\/black-mirror-cerdo.jpg 550w\" sizes=\"auto, (max-width: 300px) 100vw, 300px\" \/><\/a><figcaption id=\"caption-attachment-14026\" class=\"wp-caption-text\">Ese dedo&#8230;<\/figcaption><\/figure>\n<p style=\"text-align: justify;\">En Europa tambi\u00e9n estamos empezando a reaccionar con id\u00e9ntica agilidad de reflejos y si Austria asiste, conmocionada, al estreno de \u201c3.096 d\u00edas\u201d, en la que se cuenta el secuestro de Natascha Kampusch, entre 1988 y 2006; el arrollador \u00e9xito de \u201cLo imposible\u201d acredita que lo actual, que lo moderno y lo contempor\u00e1neo; arrasa.<\/p>\n<p style=\"text-align: justify;\">\u00a0<\/p>\n<p style=\"text-align: justify;\">Adem\u00e1s, estos meses hemos podido ver series de televisi\u00f3n con personajes como Mario Conde o el mism\u00edsimo Rey como protagonistas, aunque la mejor de todas ellas sigue siendo la que Benito Zambrano film\u00f3 sobre la historia del \u201cPadre Coraje\u201d, que se infiltr\u00f3 en las mafias de la droga para descubrir y desenmascarar a los asesinos de su hijo.<\/p>\n<p style=\"text-align: justify;\">\u00a0<\/p>\n<p style=\"text-align: justify;\">Si por algo se caracteriza el siglo XXI es por la torrencial velocidad a la que ocurren las cosas y por el inmediato eco y repercusi\u00f3n que tienen hasta en el conf\u00edn m\u00e1s rec\u00f3ndito del mundo. Las c\u00e1maras digitales, los m\u00f3viles de \u00faltima generaci\u00f3n, los tel\u00e9fonos inteligentes dotados de todos los gadgets imaginables (y algunos, hasta inimaginables) y el \u00e9xito de plataformas como Youtube; hacen que el consumo de im\u00e1genes e historias filmadas est\u00e9 creciendo exponencialmente.<\/p>\n<p style=\"text-align: justify;\">\u00a0<a href=\"http:\/\/www.granadablogs.com\/pateandoelmundo\/wp-content\/uploads\/2013\/04\/Cine-en-tiempo-Real-3.jpg\"><img loading=\"lazy\" decoding=\"async\" class=\"aligncenter size-medium wp-image-14027\" alt=\"Cine en tiempo Real 3\" src=\"http:\/\/www.granadablogs.com\/pateandoelmundo\/wp-content\/uploads\/2013\/04\/Cine-en-tiempo-Real-3-235x300.jpg\" width=\"235\" height=\"300\" srcset=\"https:\/\/www.granadablogs.com\/pateandoelmundo\/wp-content\/uploads\/2013\/04\/Cine-en-tiempo-Real-3-235x300.jpg 235w, https:\/\/www.granadablogs.com\/pateandoelmundo\/wp-content\/uploads\/2013\/04\/Cine-en-tiempo-Real-3-804x1024.jpg 804w\" sizes=\"auto, (max-width: 235px) 100vw, 235px\" \/><\/a><\/p>\n<p style=\"text-align: justify;\">Ello obliga al mundo del cine y la televisi\u00f3n a acelerar los procesos de producci\u00f3n de pel\u00edculas y series que cuenten lo que est\u00e1 pasando. El ejemplo m\u00e1s claro, para concluir este reportaje, lo tenemos con la actual crisis econ\u00f3mica que est\u00e1 asolando a medio mundo.<\/p>\n<p style=\"text-align: justify;\">\u00a0<\/p>\n<p style=\"text-align: justify;\">Miles y miles de art\u00edculos period\u00edsticos, densos reportajes en las revistas econ\u00f3micas m\u00e1s sesudas, los anaqueles de las librer\u00edas atestados con ensayos sobre el origen, las causas y las consecuencias de la crisis y, sin embargo, ve uno pel\u00edculas como la convencional \u201cEl fraude\u201d, la preclara \u201cEl capital\u201d, la estremecedora \u201cMargin Call\u201d o la m\u00e1s optimista \u201cThe Company men\u201d\u2026 y contextualiza perfectamente lo que est\u00e1 ocurriendo en nuestras sociedades.<\/p>\n<p style=\"text-align: justify;\">\u00a0<a href=\"http:\/\/www.granadablogs.com\/pateandoelmundo\/wp-content\/uploads\/2013\/04\/Los-lunes-al-sol.jpg\"><img loading=\"lazy\" decoding=\"async\" class=\"aligncenter size-medium wp-image-14028\" alt=\"Los lunes al sol\" src=\"http:\/\/www.granadablogs.com\/pateandoelmundo\/wp-content\/uploads\/2013\/04\/Los-lunes-al-sol-300x206.jpg\" width=\"300\" height=\"206\" srcset=\"https:\/\/www.granadablogs.com\/pateandoelmundo\/wp-content\/uploads\/2013\/04\/Los-lunes-al-sol-300x206.jpg 300w, https:\/\/www.granadablogs.com\/pateandoelmundo\/wp-content\/uploads\/2013\/04\/Los-lunes-al-sol.jpg 958w\" sizes=\"auto, (max-width: 300px) 100vw, 300px\" \/><\/a><\/p>\n<p style=\"text-align: justify;\">Lo que nos conduce a una triste reflexi\u00f3n final: \u00bfqui\u00e9n hubiera pensado, all\u00e1 por 2002, que \u201cLos lunes al sol\u201d, de Fernando Le\u00f3n de Aranoa, iba a ser una pel\u00edcula de anticipaci\u00f3n; el mejor y m\u00e1s conseguido reflejo de la Espa\u00f1a en que tratar\u00edamos de sobrevivir, una d\u00e9cada despu\u00e9s?<\/p>\n<p style=\"text-align: justify;\">\u00a0<\/p>\n<p style=\"text-align: justify;\">Jes\u00fas Lens<\/p>\n<p style=\"text-align: justify;\">S\u00edgueme en Twitter @Jesus_Lens<\/p>\n","protected":false},"excerpt":{"rendered":"<p>Vamos con la segunda parte del reportaje sobre cine \u201cEn tiempo real\u201d que empezamos hace un par de d\u00edas. \u00bfOs gustan estas pel\u00edculas basadas en hechos tan pr\u00f3ximos en el tiempo que la realidad se ve entreverada de ficci\u00f3n? Volviendo a la pel\u00edcula sobre la caza de Bin Laden, una de las pol\u00e9micas m\u00e1s agrias [&hellip;]<\/p>\n","protected":false},"author":1,"featured_media":0,"comment_status":"open","ping_status":"open","sticky":false,"template":"","format":"standard","meta":{"jetpack_post_was_ever_published":false,"_jetpack_newsletter_access":"","_jetpack_dont_email_post_to_subs":false,"_jetpack_newsletter_tier_id":0,"_jetpack_memberships_contains_paywalled_content":false,"_jetpack_memberships_contains_paid_content":false,"footnotes":""},"categories":[10],"tags":[10,8428,8431,2753,8430,8429,8371],"class_list":["post-14022","post","type-post","status-publish","format-standard","hentry","category-cine","tag-cine","tag-en-tiempo-real","tag-la-dama-de-hierro","tag-los-lunes-al-sol","tag-michael-winterbottom","tag-pelicula-assange","tag-un-corazon-invencible"],"jetpack_featured_media_url":"","jetpack_sharing_enabled":true,"_links":{"self":[{"href":"https:\/\/www.granadablogs.com\/pateandoelmundo\/wp-json\/wp\/v2\/posts\/14022","targetHints":{"allow":["GET"]}}],"collection":[{"href":"https:\/\/www.granadablogs.com\/pateandoelmundo\/wp-json\/wp\/v2\/posts"}],"about":[{"href":"https:\/\/www.granadablogs.com\/pateandoelmundo\/wp-json\/wp\/v2\/types\/post"}],"author":[{"embeddable":true,"href":"https:\/\/www.granadablogs.com\/pateandoelmundo\/wp-json\/wp\/v2\/users\/1"}],"replies":[{"embeddable":true,"href":"https:\/\/www.granadablogs.com\/pateandoelmundo\/wp-json\/wp\/v2\/comments?post=14022"}],"version-history":[{"count":4,"href":"https:\/\/www.granadablogs.com\/pateandoelmundo\/wp-json\/wp\/v2\/posts\/14022\/revisions"}],"predecessor-version":[{"id":14032,"href":"https:\/\/www.granadablogs.com\/pateandoelmundo\/wp-json\/wp\/v2\/posts\/14022\/revisions\/14032"}],"wp:attachment":[{"href":"https:\/\/www.granadablogs.com\/pateandoelmundo\/wp-json\/wp\/v2\/media?parent=14022"}],"wp:term":[{"taxonomy":"category","embeddable":true,"href":"https:\/\/www.granadablogs.com\/pateandoelmundo\/wp-json\/wp\/v2\/categories?post=14022"},{"taxonomy":"post_tag","embeddable":true,"href":"https:\/\/www.granadablogs.com\/pateandoelmundo\/wp-json\/wp\/v2\/tags?post=14022"}],"curies":[{"name":"wp","href":"https:\/\/api.w.org\/{rel}","templated":true}]}}