{"id":14004,"date":"2013-04-09T10:44:21","date_gmt":"2013-04-09T09:44:21","guid":{"rendered":"http:\/\/www.granadablogs.com\/pateandoelmundo\/?p=14004"},"modified":"2013-04-09T10:44:21","modified_gmt":"2013-04-09T09:44:21","slug":"en-tiempo-real","status":"publish","type":"post","link":"https:\/\/www.granadablogs.com\/pateandoelmundo\/en-tiempo-real\/","title":{"rendered":"En tiempo real"},"content":{"rendered":"<p style=\"text-align: justify;\"><em><strong>A ver si os gusta este reportaje, escrito para IDEAL y publicado hace un par de domingos. Lo partimos en dos, que es muy largo\u2026<\/strong><\/em><\/p>\n<p style=\"text-align: justify;\"><a href=\"http:\/\/www.granadablogs.com\/pateandoelmundo\/wp-content\/uploads\/2013\/04\/Cine-en-tiempo-Real-1.jpg\"><img loading=\"lazy\" decoding=\"async\" class=\"aligncenter size-medium wp-image-14005\" alt=\"Cine en tiempo Real\" src=\"http:\/\/www.granadablogs.com\/pateandoelmundo\/wp-content\/uploads\/2013\/04\/Cine-en-tiempo-Real-1-230x300.jpg\" width=\"230\" height=\"300\" srcset=\"https:\/\/www.granadablogs.com\/pateandoelmundo\/wp-content\/uploads\/2013\/04\/Cine-en-tiempo-Real-1-230x300.jpg 230w, https:\/\/www.granadablogs.com\/pateandoelmundo\/wp-content\/uploads\/2013\/04\/Cine-en-tiempo-Real-1-788x1024.jpg 788w\" sizes=\"auto, (max-width: 230px) 100vw, 230px\" \/><\/a><\/p>\n<p style=\"text-align: justify;\">Aunque le costara una rotura de fibras y terminara saliendo de la gala de entrega de los Goya con muletas, seguro que Juan Antonio Bayona no se arrepiente de la carrera que se peg\u00f3 desde el escenario hasta la platea del Palacio de Congresos de Madrid, justo cuando le acababan de entregar el Goya como mejor director del a\u00f1o por \u201cLo imposible\u201d, para regal\u00e1rselo a Mar\u00eda Bel\u00f3n.<\/p>\n<p style=\"text-align: justify;\">Mar\u00eda, a qui\u00e9n Naomi Watts dio vida en el cine, es la protagonista real de lo narrado en la pel\u00edcula m\u00e1s taquillera del cine espa\u00f1ol y que, como todos sabemos, se basa en los estragos provocados por el tsunami que asol\u00f3 las costas del \u00cdndico en 2004. Una historia real, que Mar\u00eda cont\u00f3 una noche en la radio y que, hoy, se ha convertido en uno de los hitos fundamentales del cine patrio.<\/p>\n<p style=\"text-align: justify;\">Con lo que tarda en ponerse en marcha una producci\u00f3n televisiva o cinematogr\u00e1fica de gran presupuesto, resulta muy sintom\u00e1tico y significativo que cada vez haya m\u00e1s pel\u00edculas y series basadas en hechos reales\u2026 acaecidos en un tiempo muy, muy cercano.<\/p>\n<p style=\"text-align: justify;\">Por ejemplo, cuando se estren\u00f3 la \u00faltima pel\u00edcula de Kathryn Bigelow, \u201cLa noche m\u00e1s oscura\u201d, corr\u00eda por las redes sociales un chascarrillo tan obvio como siniestramente divertido: al final, Bin Laden, muere.<\/p>\n<p style=\"text-align: justify;\"><a href=\"http:\/\/www.granadablogs.com\/pateandoelmundo\/wp-content\/uploads\/2013\/04\/Cine-en-tiempo-Real-2.jpg\"><img loading=\"lazy\" decoding=\"async\" class=\"aligncenter size-medium wp-image-14006\" alt=\"El Cine en Tiempo Real\" src=\"http:\/\/www.granadablogs.com\/pateandoelmundo\/wp-content\/uploads\/2013\/04\/Cine-en-tiempo-Real-2-223x300.jpg\" width=\"223\" height=\"300\" srcset=\"https:\/\/www.granadablogs.com\/pateandoelmundo\/wp-content\/uploads\/2013\/04\/Cine-en-tiempo-Real-2-223x300.jpg 223w, https:\/\/www.granadablogs.com\/pateandoelmundo\/wp-content\/uploads\/2013\/04\/Cine-en-tiempo-Real-2-764x1024.jpg 764w\" sizes=\"auto, (max-width: 223px) 100vw, 223px\" \/><\/a><\/p>\n<p style=\"text-align: justify;\">Parad\u00f3jicamente, dicha pel\u00edcula enlaza con una de las grandes series de esta temporada, \u201cThe Newsroom\u201d, creada por ese genio llamado Aaron Sorkin. Centrada en la vida de un pu\u00f1ado de profesionales de la comunicaci\u00f3n, responsables de uno de los noticieros estrella de la televisi\u00f3n por cable norteamericana, en cada uno de sus diez intensos episodios se cuenta alguno de los hechos de la actualidad m\u00e1s candente del a\u00f1o; del accidente en una plataforma petrol\u00edfera en el Golfo de M\u00e9xico a las manifestaciones en la plaza Tahir y la Primavera \u00c1rabe, pasando por el atentado contra una congresista dem\u00f3crata. Y, en concreto, uno de los cap\u00edtulos m\u00e1s emocionantes, tensos e intensos fue, precisamente, el que describ\u00eda la operaci\u00f3n contra Bin Laden, en Afganist\u00e1n.<\/p>\n<p style=\"text-align: justify;\">Hasta hace relativamente poco tiempo y ante un acontecimiento de trascendencia planetaria, lo normal era que empezara por escribirse uno o varios libros sobre el tema y, a partir de ah\u00ed y dependiendo del inter\u00e9s suscitado y de su mayor o menos \u00e9xito; que una productora de Hollywood comprara los derechos para iniciar la preproducci\u00f3n de una pel\u00edcula. Y todo ello consum\u00eda a\u00f1os y a\u00f1os.<\/p>\n<p style=\"text-align: justify;\">\u00a0<\/p>\n<figure id=\"attachment_14007\" aria-describedby=\"caption-attachment-14007\" style=\"width: 300px\" class=\"wp-caption aligncenter\"><a href=\"http:\/\/www.granadablogs.com\/pateandoelmundo\/wp-content\/uploads\/2013\/04\/Bradley-Cooper.jpg\"><img loading=\"lazy\" decoding=\"async\" class=\"size-medium wp-image-14007\" alt=\"Adivina, adivinanza: \u00bfEst\u00e1 saludando Bradley Cooper al respetable o...\" src=\"http:\/\/www.granadablogs.com\/pateandoelmundo\/wp-content\/uploads\/2013\/04\/Bradley-Cooper-300x157.jpg\" width=\"300\" height=\"157\" srcset=\"https:\/\/www.granadablogs.com\/pateandoelmundo\/wp-content\/uploads\/2013\/04\/Bradley-Cooper-300x157.jpg 300w, https:\/\/www.granadablogs.com\/pateandoelmundo\/wp-content\/uploads\/2013\/04\/Bradley-Cooper.jpg 630w\" sizes=\"auto, (max-width: 300px) 100vw, 300px\" \/><\/a><figcaption id=\"caption-attachment-14007\" class=\"wp-caption-text\">Adivina, adivinanza: \u00bfEst\u00e1 saludando Bradley Cooper al respetable o&#8230;<\/figcaption><\/figure>\n<p style=\"text-align: justify;\">Hoy, cuando un tipo como Mark Zuckerberg a\u00fan no ha cumplido los treinta a\u00f1os de edad, ya hay una fant\u00e1stica pel\u00edcula sobre su vida, obra y milagros: \u201cLa red social\u201d. Dirigida por David Fincher, el filme que cuenta el nacimiento y la popularizaci\u00f3n de Facebook gan\u00f3 tres \u00d3scar, incluyendo el de mejor guion. Un guion escrito, no por casualidad, por Aaron Sorkin. Y la cinta, en realidad, ya es antigua, al ser una producci\u00f3n de 2010.<\/p>\n<p style=\"text-align: justify;\">\u00a0<\/p>\n<p style=\"text-align: justify;\">Antes, cuando terminaba una pel\u00edcula biogr\u00e1fica, sol\u00edan aparecer en pantalla unos letreros que contaban el a\u00f1o de la muerte del protagonista, d\u00f3nde est\u00e1n enterrados sus restos y algunas notas sobre su legado. Sin embargo, ahora vemos la imagen del aut\u00e9ntico Zuckerberg en las revistas del coraz\u00f3n, con su pareja, o en los suplementos de negocios de los peri\u00f3dicos, cuando Facebook comenz\u00f3 a cotizar en Bolsa\u2026 y nos parece m\u00e1s falso, menos cre\u00edble que el Zuckerberg al que descubrimos y conocimos en \u201cLa red social\u201d.<\/p>\n<p style=\"text-align: justify;\">\u00a0<\/p>\n<p style=\"text-align: justify;\">Y es que, en ese sentido, el cine puede ser muy traicionero. Por ejemplo, pensemos en el b\u00e9isbol. Supongamos que un equipo de los que juegan en las Ligas Mayores ficha como manager a Billy Beane, un tipo nacido en 1962. \u00bfA qui\u00e9n esperar\u00edan encontrar sus directivos, cuando fueran a conocerlo? Pues nada menos que a Brad Pitt, el actor que encarn\u00f3 a Billy en pantalla y que naci\u00f3 en\u2026 1963.<\/p>\n<p style=\"text-align: justify;\">\u00a0<a href=\"http:\/\/www.granadablogs.com\/pateandoelmundo\/wp-content\/uploads\/2013\/04\/Pel\u00edcula-Lance-Armstrong.bmp\"><img decoding=\"async\" class=\"aligncenter size-medium wp-image-14008\" alt=\"... o se est\u00e1 postulando para interpretar a Lance?\" src=\"http:\/\/www.granadablogs.com\/pateandoelmundo\/wp-content\/uploads\/2013\/04\/Pel\u00edcula-Lance-Armstrong.bmp\" \/><\/a><\/p>\n<p style=\"text-align: justify;\">La pel\u00edcula \u201cMoneyball\u201d cuenta la historia de Billy Beane, cuando dirig\u00eda al equipo de b\u00e9isbol de la ciudad de Oakland en 2002. Al quedarse sin sus estrellas m\u00e1s rutilantes, contrata como refuerzo\u2026 a un joven, inexperto e imberbe economista que desarrolla un programa inform\u00e1tico de evaluaci\u00f3n de jugadores que, sobre el papel, contraven\u00eda cualquier l\u00f3gica o sensatez deportivas. Pero que se mostr\u00f3 infalible y que alter\u00f3, por completo, todo lo referente a los fichajes y la planificaci\u00f3n estrat\u00e9gica de los equipos deportivos de primer nivel mundial. Billy, por cierto, al que tentaron las mejores franquicias de los Estados Unidos con ofertas econ\u00f3micamente mareantes, sigue siendo el general manager de los Oakland Athletics, popularmente conocidos como The A\u2019s.<\/p>\n<p style=\"text-align: justify;\">\u00a0<\/p>\n<p style=\"text-align: justify;\">Y, sin alejarnos mucho del mundo de los ordenadores, en el pasado Festival de Sundance se present\u00f3 la primera de las pel\u00edculas que, sobre la vida de Steve Jobs, veremos pr\u00f3ximamente. En \u201cjOBS\u201d, el encargado de dar vida al gur\u00fa de Apple es Ashton Kutcher, una de las estrellas televisivas mejor pagadas del momento. \u00bfSer\u00e1 capaz, por ejemplo, de reproducir el famoso discurso de Steve en la Universidad Stanford, convertido en uno de los v\u00eddeos motivacionales m\u00e1s vistos en Youtube y estudiado en todas las Escuelas de Negocios del mundo?<\/p>\n<p style=\"text-align: justify;\">\u00a0<\/p>\n<figure id=\"attachment_14009\" aria-describedby=\"caption-attachment-14009\" style=\"width: 300px\" class=\"wp-caption aligncenter\"><a href=\"http:\/\/www.granadablogs.com\/pateandoelmundo\/wp-content\/uploads\/2013\/04\/Armstrong-Damon.jpg\"><img loading=\"lazy\" decoding=\"async\" class=\"size-medium wp-image-14009\" alt=\"Y, sin embargo, la suerte pare estar echada...\" src=\"http:\/\/www.granadablogs.com\/pateandoelmundo\/wp-content\/uploads\/2013\/04\/Armstrong-Damon-300x225.jpg\" width=\"300\" height=\"225\" srcset=\"https:\/\/www.granadablogs.com\/pateandoelmundo\/wp-content\/uploads\/2013\/04\/Armstrong-Damon-300x225.jpg 300w, https:\/\/www.granadablogs.com\/pateandoelmundo\/wp-content\/uploads\/2013\/04\/Armstrong-Damon.jpg 400w\" sizes=\"auto, (max-width: 300px) 100vw, 300px\" \/><\/a><figcaption id=\"caption-attachment-14009\" class=\"wp-caption-text\">Y, sin embargo, la suerte pare estar echada&#8230;<\/figcaption><\/figure>\n<p style=\"text-align: justify;\">Por su parte, el ubicuo Aaron Sorkin es el encargado del guion de la segunda pel\u00edcula sobre Jobs. Y su intenci\u00f3n es filmar tres bloques de treinta minutos cada uno, sin cortes ni interrupciones, en tiempo real. Tres bloques que contar\u00edan tres momentos b\u00e1sicos y fundacionales para comprender todo lo que Jobs supuso y sigue suponiendo, aun despu\u00e9s de su prematura muerte, en la sociedad del siglo XXI: la presentaci\u00f3n del Mac, la \u00e9poca de NeXT y, por fin, la conferencia de presentaci\u00f3n del iPod. Momentos que todos tenemos grabados en la memoria, no en vano, cada una de esas presentaciones constitu\u00edan acontecimientos capaces de parar el mundo y de alterar las agendas de cualquier personalidad, por alta que fuera.<\/p>\n<p style=\"text-align: justify;\">(Continuar\u00e1)<\/p>\n<p style=\"text-align: justify;\">En Twitter: @Jesus_Lens<\/p>\n<p style=\"text-align: justify;\">\u00a0<\/p>\n<p style=\"text-align: justify;\">\n","protected":false},"excerpt":{"rendered":"<p>A ver si os gusta este reportaje, escrito para IDEAL y publicado hace un par de domingos. Lo partimos en dos, que es muy largo\u2026 Aunque le costara una rotura de fibras y terminara saliendo de la gala de entrega de los Goya con muletas, seguro que Juan Antonio Bayona no se arrepiente de la [&hellip;]<\/p>\n","protected":false},"author":1,"featured_media":0,"comment_status":"open","ping_status":"open","sticky":false,"template":"","format":"standard","meta":{"jetpack_post_was_ever_published":false,"_jetpack_newsletter_access":"","_jetpack_dont_email_post_to_subs":false,"_jetpack_newsletter_tier_id":0,"_jetpack_memberships_contains_paywalled_content":false,"_jetpack_memberships_contains_paid_content":false,"footnotes":""},"categories":[10],"tags":[10,8412,7455,8414,346,8413],"class_list":["post-14004","post","type-post","status-publish","format-standard","hentry","category-cine","tag-cine","tag-cine-en-tiempo-real","tag-lo-imposible","tag-maria-belon","tag-oscar","tag-oscar-juan-antonio-bayona"],"jetpack_featured_media_url":"","jetpack_sharing_enabled":true,"_links":{"self":[{"href":"https:\/\/www.granadablogs.com\/pateandoelmundo\/wp-json\/wp\/v2\/posts\/14004","targetHints":{"allow":["GET"]}}],"collection":[{"href":"https:\/\/www.granadablogs.com\/pateandoelmundo\/wp-json\/wp\/v2\/posts"}],"about":[{"href":"https:\/\/www.granadablogs.com\/pateandoelmundo\/wp-json\/wp\/v2\/types\/post"}],"author":[{"embeddable":true,"href":"https:\/\/www.granadablogs.com\/pateandoelmundo\/wp-json\/wp\/v2\/users\/1"}],"replies":[{"embeddable":true,"href":"https:\/\/www.granadablogs.com\/pateandoelmundo\/wp-json\/wp\/v2\/comments?post=14004"}],"version-history":[{"count":1,"href":"https:\/\/www.granadablogs.com\/pateandoelmundo\/wp-json\/wp\/v2\/posts\/14004\/revisions"}],"predecessor-version":[{"id":14010,"href":"https:\/\/www.granadablogs.com\/pateandoelmundo\/wp-json\/wp\/v2\/posts\/14004\/revisions\/14010"}],"wp:attachment":[{"href":"https:\/\/www.granadablogs.com\/pateandoelmundo\/wp-json\/wp\/v2\/media?parent=14004"}],"wp:term":[{"taxonomy":"category","embeddable":true,"href":"https:\/\/www.granadablogs.com\/pateandoelmundo\/wp-json\/wp\/v2\/categories?post=14004"},{"taxonomy":"post_tag","embeddable":true,"href":"https:\/\/www.granadablogs.com\/pateandoelmundo\/wp-json\/wp\/v2\/tags?post=14004"}],"curies":[{"name":"wp","href":"https:\/\/api.w.org\/{rel}","templated":true}]}}