{"id":13916,"date":"2013-03-21T12:34:52","date_gmt":"2013-03-21T11:34:52","guid":{"rendered":"http:\/\/www.granadablogs.com\/pateandoelmundo\/?p=13916"},"modified":"2013-03-21T20:33:45","modified_gmt":"2013-03-21T19:33:45","slug":"black-mirror-2","status":"publish","type":"post","link":"https:\/\/www.granadablogs.com\/pateandoelmundo\/black-mirror-2\/","title":{"rendered":"Black Mirror 2"},"content":{"rendered":"<p>El principal problema de la segunda temporada de Black Mirror es la primera temporada de Black Mirror.<\/p>\n<p><a href=\"http:\/\/www.granadablogs.com\/pateandoelmundo\/wp-content\/uploads\/2013\/03\/black-mirror.jpg\"><img loading=\"lazy\" decoding=\"async\" class=\"aligncenter size-medium wp-image-13917\" alt=\"black mirror\" src=\"http:\/\/www.granadablogs.com\/pateandoelmundo\/wp-content\/uploads\/2013\/03\/black-mirror-300x169.jpg\" width=\"300\" height=\"169\" srcset=\"https:\/\/www.granadablogs.com\/pateandoelmundo\/wp-content\/uploads\/2013\/03\/black-mirror-300x169.jpg 300w, https:\/\/www.granadablogs.com\/pateandoelmundo\/wp-content\/uploads\/2013\/03\/black-mirror.jpg 624w\" sizes=\"auto, (max-width: 300px) 100vw, 300px\" \/><\/a><\/p>\n<p>Me explico.<\/p>\n<p>Cuando vimos aquel episodio del cerdo, se nos desprendi\u00f3 la mand\u00edbula y nos descubrimos, babeando, con la mirada fija, incr\u00e9dula, sellada a la pantalla de la televisi\u00f3n.<\/p>\n<p>\u00bfQu\u00e9 demonios era aquello? \u00bfPod\u00eda ser cierto? Recuerdo que cog\u00ed el m\u00f3vil y empec\u00e9 a preguntar, a diestro y siniestro.<\/p>\n<p>\u00bfQu\u00e9 es \u201cBlack Mirror\u201d?<\/p>\n<p>Y recib\u00ed, como respuesta, un nombre. Brooker. Charlie Brooker.<\/p>\n<p><a href=\"http:\/\/www.granadablogs.com\/pateandoelmundo\/wp-content\/uploads\/2013\/03\/black-mirror-cerdo.jpg\"><img loading=\"lazy\" decoding=\"async\" class=\"aligncenter size-medium wp-image-13918\" alt=\"black mirror cerdo\" src=\"http:\/\/www.granadablogs.com\/pateandoelmundo\/wp-content\/uploads\/2013\/03\/black-mirror-cerdo-212x300.jpg\" width=\"212\" height=\"300\" srcset=\"https:\/\/www.granadablogs.com\/pateandoelmundo\/wp-content\/uploads\/2013\/03\/black-mirror-cerdo-212x300.jpg 212w, https:\/\/www.granadablogs.com\/pateandoelmundo\/wp-content\/uploads\/2013\/03\/black-mirror-cerdo-723x1024.jpg 723w\" sizes=\"auto, (max-width: 212px) 100vw, 212px\" \/><\/a><\/p>\n<p>La primera temporada de \u201cBlack Mirror\u201d fueron tres intensos episodios largos, en los que se planteaban tres diferentes escenarios de tecnolog\u00eda ficci\u00f3n, pero muy cercanos en el tiempo y en el espacio y, por lo tanto, brutalmente cre\u00edbles. Hasta demasiado, a decir verdad. Por eso, quiz\u00e1, daban tanto miedo.<\/p>\n<p>\u00bfMiedo?<\/p>\n<p>No. No era miedo, en el sentido terror\u00edfico de la expresi\u00f3n. Era temor. Inquietud. Desasosiego. Por la pregunta que todos nos hac\u00edamos, mientras ve\u00edamos esos tres episodios. \u00bfY si fuera verdad?<\/p>\n<p>El terror es precisamente eso: que sea posible.<\/p>\n<p>Como no soy persona de spoilers y s\u00e9 que hay gente que a\u00fan no ha visto nada de Black Mirror, no dir\u00e9 nada sobre los argumentos de tres episodios largos, absolutamente independientes y autoconclusivos.<\/p>\n<p>\u00a1Cruzad al otro lado del Espejo Negro, aunque se\u00e1is reacios a las series! En realidad, \u201cBlack Mirror\u201d es la serie menos serie que he visto nunca.<\/p>\n<figure id=\"attachment_13919\" aria-describedby=\"caption-attachment-13919\" style=\"width: 300px\" class=\"wp-caption aligncenter\"><a href=\"http:\/\/www.granadablogs.com\/pateandoelmundo\/wp-content\/uploads\/2013\/03\/black-mirror-tel\u00e9fono.jpg\"><img loading=\"lazy\" decoding=\"async\" class=\"size-medium wp-image-13919\" alt=\"La soledad, \u00bfera eso?\" src=\"http:\/\/www.granadablogs.com\/pateandoelmundo\/wp-content\/uploads\/2013\/03\/black-mirror-tel\u00e9fono-300x180.jpg\" width=\"300\" height=\"180\" srcset=\"https:\/\/www.granadablogs.com\/pateandoelmundo\/wp-content\/uploads\/2013\/03\/black-mirror-tel\u00e9fono-300x180.jpg 300w, https:\/\/www.granadablogs.com\/pateandoelmundo\/wp-content\/uploads\/2013\/03\/black-mirror-tel\u00e9fono.jpg 460w\" sizes=\"auto, (max-width: 300px) 100vw, 300px\" \/><\/a><figcaption id=\"caption-attachment-13919\" class=\"wp-caption-text\">La soledad, \u00bfera eso?<\/figcaption><\/figure>\n<p>S\u00ed podemos decir que la segunda temporada mantiene el nivel de la primera. Solo que ya no causa la misma sorpresa y perplejidad: los tres episodios que la componen abundan en los argumentos que ya nos dejaron patidifusos en BM-1: el exceso de la tecnolog\u00eda, los abusos de las Redes Sociales y la despersonalizaci\u00f3n de la vida, la deshumanizaci\u00f3n de la sociedad.<\/p>\n<p>Tras las elecciones italianas, por ejemplo, el episodio protagonizado por Waldo no solo nos parece posible, sino m\u00e1s que probable. \u00bfY el cap\u00edtulo del Oso Blanco? \u00a1Por favor! \u00a1Era cierto! \u00a1Era siniestro! \u00a1Era terrible! Es de un refinamiento y una crueldad absolutamente descomunales, una total y leg\u00edtima manipulaci\u00f3n del espectador, que termina el cap\u00edtulo, nuevamente, entre indignado, anonadado y sobrecogido.<\/p>\n<p><a href=\"http:\/\/www.granadablogs.com\/pateandoelmundo\/wp-content\/uploads\/2013\/03\/black-mirror-temporada-2.png\"><img loading=\"lazy\" decoding=\"async\" class=\"aligncenter size-medium wp-image-13920\" alt=\"black-mirror-temporada-2\" src=\"http:\/\/www.granadablogs.com\/pateandoelmundo\/wp-content\/uploads\/2013\/03\/black-mirror-temporada-2-300x164.png\" width=\"300\" height=\"164\" srcset=\"https:\/\/www.granadablogs.com\/pateandoelmundo\/wp-content\/uploads\/2013\/03\/black-mirror-temporada-2-300x164.png 300w, https:\/\/www.granadablogs.com\/pateandoelmundo\/wp-content\/uploads\/2013\/03\/black-mirror-temporada-2-1024x561.png 1024w, https:\/\/www.granadablogs.com\/pateandoelmundo\/wp-content\/uploads\/2013\/03\/black-mirror-temporada-2.png 1318w\" sizes=\"auto, (max-width: 300px) 100vw, 300px\" \/><\/a><\/p>\n<p>De verdad. Hay que ver \u201cBlack Mirror\u201d.<\/p>\n<p>Y luego quedar para hablar de ella.<\/p>\n<p>Pide, a voces, una buena tertulia.<\/p>\n<p>A la vuelta de Semana Santa, lo organizamos.<\/p>\n<p>\u00bfHace?<\/p>\n<p>S\u00edgueme en Twitter: @Jesus_Lens<\/p>\n<p>&nbsp;<\/p>\n<p>Y ahora, a ver los 21 de marzo de <a href=\"http:\/\/www.granadablogs.com\/pateandoelmundo\/2008\/03\/21\/\" target=\"_blank\">2008<\/a>, <a href=\"http:\/\/www.granadablogs.com\/pateandoelmundo\/2009\/03\/21\/\" target=\"_blank\">2009<\/a>, <a href=\"http:\/\/www.granadablogs.com\/pateandoelmundo\/2010\/03\/21\/\" target=\"_blank\">2010<\/a>, <a href=\"http:\/\/www.granadablogs.com\/pateandoelmundo\/2011\/03\/21\/\" target=\"_blank\">2011<\/a> y <a href=\"http:\/\/www.granadablogs.com\/pateandoelmundo\/2012\/03\/21\/\" target=\"_blank\">2012<\/a>.<\/p>\n","protected":false},"excerpt":{"rendered":"<p>El principal problema de la segunda temporada de Black Mirror es la primera temporada de Black Mirror. Me explico. Cuando vimos aquel episodio del cerdo, se nos desprendi\u00f3 la mand\u00edbula y nos descubrimos, babeando, con la mirada fija, incr\u00e9dula, sellada a la pantalla de la televisi\u00f3n. \u00bfQu\u00e9 demonios era aquello? \u00bfPod\u00eda ser cierto? Recuerdo que [&hellip;]<\/p>\n","protected":false},"author":1,"featured_media":0,"comment_status":"open","ping_status":"open","sticky":false,"template":"","format":"standard","meta":{"jetpack_post_was_ever_published":false,"_jetpack_newsletter_access":"","_jetpack_dont_email_post_to_subs":false,"_jetpack_newsletter_tier_id":0,"_jetpack_memberships_contains_paywalled_content":false,"_jetpack_memberships_contains_paid_content":false,"footnotes":""},"categories":[12],"tags":[7173,8333,8336,8335,8337,8321,8339,8338,8334,12],"class_list":["post-13916","post","type-post","status-publish","format-standard","hentry","category-television","tag-black-mirror","tag-black-mirror-2","tag-black-mirror-television","tag-black-mirror-tv","tag-cana-black-mirror","tag-charlie-brooker","tag-la-vida-en-serie","tag-seres","tag-serie-black-mirror","tag-television"],"jetpack_featured_media_url":"","jetpack_sharing_enabled":true,"_links":{"self":[{"href":"https:\/\/www.granadablogs.com\/pateandoelmundo\/wp-json\/wp\/v2\/posts\/13916","targetHints":{"allow":["GET"]}}],"collection":[{"href":"https:\/\/www.granadablogs.com\/pateandoelmundo\/wp-json\/wp\/v2\/posts"}],"about":[{"href":"https:\/\/www.granadablogs.com\/pateandoelmundo\/wp-json\/wp\/v2\/types\/post"}],"author":[{"embeddable":true,"href":"https:\/\/www.granadablogs.com\/pateandoelmundo\/wp-json\/wp\/v2\/users\/1"}],"replies":[{"embeddable":true,"href":"https:\/\/www.granadablogs.com\/pateandoelmundo\/wp-json\/wp\/v2\/comments?post=13916"}],"version-history":[{"count":4,"href":"https:\/\/www.granadablogs.com\/pateandoelmundo\/wp-json\/wp\/v2\/posts\/13916\/revisions"}],"predecessor-version":[{"id":13932,"href":"https:\/\/www.granadablogs.com\/pateandoelmundo\/wp-json\/wp\/v2\/posts\/13916\/revisions\/13932"}],"wp:attachment":[{"href":"https:\/\/www.granadablogs.com\/pateandoelmundo\/wp-json\/wp\/v2\/media?parent=13916"}],"wp:term":[{"taxonomy":"category","embeddable":true,"href":"https:\/\/www.granadablogs.com\/pateandoelmundo\/wp-json\/wp\/v2\/categories?post=13916"},{"taxonomy":"post_tag","embeddable":true,"href":"https:\/\/www.granadablogs.com\/pateandoelmundo\/wp-json\/wp\/v2\/tags?post=13916"}],"curies":[{"name":"wp","href":"https:\/\/api.w.org\/{rel}","templated":true}]}}