{"id":13314,"date":"2013-01-18T21:16:48","date_gmt":"2013-01-18T20:16:48","guid":{"rendered":"http:\/\/www.granadablogs.com\/pateandoelmundo\/?p=13314"},"modified":"2013-01-18T21:42:10","modified_gmt":"2013-01-18T20:42:10","slug":"la-ecuacion-de-la-vida","status":"publish","type":"post","link":"https:\/\/www.granadablogs.com\/pateandoelmundo\/la-ecuacion-de-la-vida\/","title":{"rendered":"La ecuaci\u00f3n de la vida"},"content":{"rendered":"<p style=\"text-align: right;\"><em><strong>&#8211; \u00bfNo es eso lo que os trae por aqu\u00ed? El exotismo, el paisaje salvaje y la nostalgia de los imperios perdidos\u2026<\/strong><\/em><\/p>\n<p style=\"text-align: right;\"><em><strong>&#8211; No somos turistas\u2026<\/strong><\/em><\/p>\n<p style=\"text-align: right;\"><em><strong>&#8211; Claro que no. En \u00c1frica no hay turistas, solo mirones.<\/strong><\/em><\/p>\n<p style=\"text-align: justify;\">.<\/p>\n<p style=\"text-align: justify;\">Si le\u00edste hace unos d\u00edas el art\u00edculo que publiqu\u00e9 en IDEAL, <a href=\"http:\/\/www.granadablogs.com\/pateandoelmundo\/2013\/01\/13255\/\" target=\"_blank\">\u201c\u00c1frica en guerra\u201d<\/a>, ya viste que hac\u00edamos referencia a la \u00faltima, espl\u00e9ndida y dur\u00edsima novela de Yasmina Khadra, \u201cLa ecuaci\u00f3n de la vida\u201d. Y, mientras la le\u00eda, me acordaba de este otro art\u00edculo, que publiqu\u00e9 en verano, y que tiene que ver cono el di\u00e1logo con que comienza esta rese\u00f1a: <a href=\"http:\/\/www.granadablogs.com\/pateandoelmundo\/2012\/07\/sos-tombuctu\/\" target=\"_blank\">SOS Tombuct\u00fa<\/a>.<\/p>\n<p style=\"text-align: justify;\">Alguno de sus libros se me habr\u00e1 escapado, pero b\u00e1sicamente, de Khadra lo he le\u00eddo todo, desde que Nicole Canto lo edit\u00f3 en Espa\u00f1a, en aquella Negrura de hace ya demasiados a\u00f1os.<\/p>\n<p style=\"text-align: justify;\">Tras pasar por diversas editoriales, como Almuzara o Alianza, la \u00faltima, portentosa e imprescindible novela del autor argelino, camuflado tras el nombre de su mujer, ha recalado en Destino, y presenta una portada que refleja, a la perfecci\u00f3n, el contenido de la novela.<\/p>\n<p style=\"text-align: justify;\">\u00a0<a href=\"http:\/\/www.granadablogs.com\/pateandoelmundo\/2013\/01\/la-ecuacion-de-la-vida\/antifragil-taleb-2\/\" rel=\"attachment wp-att-13316\"><img loading=\"lazy\" decoding=\"async\" class=\"aligncenter size-large wp-image-13316\" alt=\"La ecuaci\u00f3n de la vida\" src=\"http:\/\/www.granadablogs.com\/pateandoelmundo\/wp-content\/uploads\/2013\/01\/Antifr\u00e1gil-Taleb1-606x1024.jpg\" width=\"606\" height=\"1024\" srcset=\"https:\/\/www.granadablogs.com\/pateandoelmundo\/wp-content\/uploads\/2013\/01\/Antifr\u00e1gil-Taleb1-606x1024.jpg 606w, https:\/\/www.granadablogs.com\/pateandoelmundo\/wp-content\/uploads\/2013\/01\/Antifr\u00e1gil-Taleb1-177x300.jpg 177w, https:\/\/www.granadablogs.com\/pateandoelmundo\/wp-content\/uploads\/2013\/01\/Antifr\u00e1gil-Taleb1.jpg 1185w\" sizes=\"auto, (max-width: 606px) 100vw, 606px\" \/><\/a><\/p>\n<p style=\"text-align: justify;\">Un rostro. Una mirada. Unos ojos. Una mirada. Una nariz. Unos labios. La parte izquierda, iluminada. La derecha, en penumbra. Una ceja se ve. La otra, no. Nada m\u00e1s. Una imagen absolutamente despojada, de la que me acordaba hace unos d\u00edas, cuando visit\u00e9 a Jes\u00fas Conde y pude disfrutar de algunos de los cuadros que est\u00e1 pintando ahora mismo.<\/p>\n<p style=\"text-align: justify;\">Me vas a disculpar si, en esta rese\u00f1a, me esfuerzo poco.<\/p>\n<p style=\"text-align: justify;\">Lee:<\/p>\n<p style=\"text-align: justify;\"><em><strong>\u201cPara mi absoluta desolaci\u00f3n, comprendo que estos seres que me tienen cautivo y son amos de mi destino, estos seres desprovistos de conciencia, no se conforman con banalizar la pr\u00e1ctica deliberada de la muerte, sino que la reivindican como un derecho.\u201d<\/strong><\/em><\/p>\n<p style=\"text-align: justify;\">Es parte de la historia que cuenta Khadra. Una historia que, por desgracia, pod\u00e9is leer en los peri\u00f3dicos de estos d\u00edas: secuestros y muerte en \u00c1frica. En Sud\u00e1n o Somalia. En Argelia. En Mal\u00ed.<\/p>\n<p style=\"text-align: justify;\"><em><strong>\u201cLlegaron al amanecer. Quemaron nuestras chozas, masacraron nuestras cabras, a nuestros burros y perros; luego nos reunieron en la placeta y empezaron a matarnos, al padre delante de los hijos, al beb\u00e9 en brazos de su madre. Si el Diablo llega a estar con ellos, habr\u00eda huido del espanto\u201d.<\/strong><\/em><\/p>\n<p style=\"text-align: justify;\">\u00a0<a href=\"http:\/\/www.granadablogs.com\/pateandoelmundo\/2013\/01\/la-ecuacion-de-la-vida\/actitud-11\/\" rel=\"attachment wp-att-13317\"><img loading=\"lazy\" decoding=\"async\" class=\"aligncenter size-full wp-image-13317\" alt=\"La ecuaci\u00f3n de la vida\" src=\"http:\/\/www.granadablogs.com\/pateandoelmundo\/wp-content\/uploads\/2013\/01\/Actitud5.jpg\" width=\"400\" height=\"655\" srcset=\"https:\/\/www.granadablogs.com\/pateandoelmundo\/wp-content\/uploads\/2013\/01\/Actitud5.jpg 400w, https:\/\/www.granadablogs.com\/pateandoelmundo\/wp-content\/uploads\/2013\/01\/Actitud5-183x300.jpg 183w\" sizes=\"auto, (max-width: 400px) 100vw, 400px\" \/><\/a><\/p>\n<p style=\"text-align: justify;\">\u00bfQu\u00e9 m\u00e1s puedo yo a\u00f1adir a p\u00e1rrafos escritos con esa fuerza, con esa garra, con esa capacidad descriptiva, para narrar el horror y la muerte?<\/p>\n<p style=\"text-align: justify;\"><em><strong>\u201cDarfur\u2026 Estoy en Darfur, esos escarnecidos ant\u00edpodas con que nos dan la matraca en cada telediario y a los que solo presto atenci\u00f3n de pasada, entre un trago de cerveza y una llamada telef\u00f3nica. Darfur\u2026\u201d<\/strong><\/em><\/p>\n<p style=\"text-align: justify;\">\u00bfC\u00f3mo explico yo ahora esa indiferencia de la que hablaba en el art\u00edculo anteriormente rese\u00f1ado?<\/p>\n<p style=\"text-align: justify;\"><em><strong>\u201cTodo es extra\u00f1o en \u00c1frica. Se mata, se roba, se secuestra y se dispone de la vida ajena como si nada\u2026 Por tanto, \u00bfqu\u00e9 m\u00e1s da que ocurra en Sud\u00e1n o en Somalia?\u201d<\/strong><\/em><\/p>\n<p style=\"text-align: justify;\">Efectivamente. Y, sin embargo\u2026 \u00a1\u00c1frica no es un pa\u00eds! No nos hartaremos de repetirlo. Y de reiterarlo. Y reivindicarlo.<\/p>\n<p style=\"text-align: justify;\"><em><strong>&#8211; \u00c1frica no se ve, se\u00f1or Krausmann, se siente\u2026<\/strong><\/em><\/p>\n<p style=\"text-align: justify;\"><em><strong>&#8211; Cierto es que apesta\u2026<\/strong><\/em><\/p>\n<p style=\"text-align: justify;\">\u00a1Hey! \u00bfHay ah\u00ed un cambio? \u00bfPercibimos algo diferente?<\/p>\n<p style=\"text-align: justify;\">\u00a0<a href=\"http:\/\/www.granadablogs.com\/pateandoelmundo\/2013\/01\/la-ecuacion-de-la-vida\/aburridos-51\/\" rel=\"attachment wp-att-13318\"><img loading=\"lazy\" decoding=\"async\" class=\"aligncenter size-medium wp-image-13318\" alt=\"Yasmina Khadra\" src=\"http:\/\/www.granadablogs.com\/pateandoelmundo\/wp-content\/uploads\/2013\/01\/Aburridos10-300x168.jpg\" width=\"300\" height=\"168\" srcset=\"https:\/\/www.granadablogs.com\/pateandoelmundo\/wp-content\/uploads\/2013\/01\/Aburridos10-300x168.jpg 300w, https:\/\/www.granadablogs.com\/pateandoelmundo\/wp-content\/uploads\/2013\/01\/Aburridos10.jpg 644w\" sizes=\"auto, (max-width: 300px) 100vw, 300px\" \/><\/a><\/p>\n<p style=\"text-align: justify;\"><em><strong>\u201cEl africano es un ser espl\u00e9ndido. Ya est\u00e9 sentado ante su choza, bajo un algarrobo o a orillas de un r\u00edo plagado de cocodrilos, se halla ante todo dentro de s\u00ed mismo. Su reino es su propio coraz\u00f3n. Nadie en el mundo sabe compartir y perdonar como \u00e9l. Si tuviera que poner un rostro a la generosidad ser\u00eda la de un africano. Si tuviera que a\u00f1adir un destello a la fraternidad, pondr\u00eda la risa de un africano\u201d.<\/strong><\/em><\/p>\n<p style=\"text-align: justify;\">Lo s\u00e9. No entiendes nada. No sabes qui\u00e9n habla ni porqu\u00e9 dice lo que dice. No te preocupes. En cuanto te sumerjas en las p\u00e1ginas de \u201cLa ecuaci\u00f3n de la vida\u201d, todo cobrar\u00e1 sentido. Y, palabra de amigo, debes hacerlo. Sumergirte en una novela que cuenta un pu\u00f1ado de vidas que nos resultan ajenas, pero que lo son mucho menos de lo que podr\u00edamos pensar.<\/p>\n<p style=\"text-align: justify;\">Y si no, lee este p\u00e1rrafo:<\/p>\n<p style=\"text-align: justify;\"><em><strong>\u201cHe visto en \u00c1frica seres con la piel pegada al esqueleto, fam\u00e9licos y desamparados, luchando por cada segundo de su vida. Gente expoliada, perseguida, menos valorada que sus animales dom\u00e9sticos, expulsada de sus s\u00f3rdidas aldeas, errando entre salteadores y epidemias\u2026 El hecho es que, por indefensos y pobres que fueran, no ced\u00edan una migaja de su miserable existencia\u201d.<\/strong><\/em><\/p>\n<p style=\"text-align: justify;\">\u00bfPodemos decir nosotros, aqu\u00ed y ahora, lo mismo? M\u00e1s que migajas\u2026 \u00bfcu\u00e1ntos mendrugos de nuestra vida no habremos ido cediendo, de acuerdo con seg\u00fan qu\u00e9 convencionalismos, obligaciones y castigos, en muchos casos, autoinfligidos?<\/p>\n<p style=\"text-align: justify;\">\u00a0<a href=\"http:\/\/www.granadablogs.com\/pateandoelmundo\/2013\/01\/la-ecuacion-de-la-vida\/angelita3-16\/\" rel=\"attachment wp-att-13319\"><img loading=\"lazy\" decoding=\"async\" class=\"aligncenter size-medium wp-image-13319\" alt=\"Yasmina Khadra\" src=\"http:\/\/www.granadablogs.com\/pateandoelmundo\/wp-content\/uploads\/2013\/01\/Angelita35-300x165.jpg\" width=\"300\" height=\"165\" srcset=\"https:\/\/www.granadablogs.com\/pateandoelmundo\/wp-content\/uploads\/2013\/01\/Angelita35-300x165.jpg 300w, https:\/\/www.granadablogs.com\/pateandoelmundo\/wp-content\/uploads\/2013\/01\/Angelita35.jpg 610w\" sizes=\"auto, (max-width: 300px) 100vw, 300px\" \/><\/a><\/p>\n<p style=\"text-align: justify;\">Termino ya. Con una de esas frases lapidarias que tanto me gustan y que tan moda est\u00e1n ahora, en los muros del Facebook y en el piar del pajarito del Twitter: <span style=\"color: #333399;\" data-mce-mark=\"1\"><em><strong>\u201cQuien solo visita \u00c1frica una vez, muere tuerto\u201d<\/strong><\/em><\/span>.<\/p>\n<p style=\"text-align: justify;\">No es f\u00e1cil, ahora, ir a \u00c1frica. Pero \u201cLa ecuaci\u00f3n de la vida\u201d permite asomarse a su realidad m\u00e1s aut\u00e9ntica, compleja y contradictoria. Porque en \u00c1frica se dan la mano lo mejor y lo peor del ser humano. Y nadie como Yasmina Khadra, que lo sabe y lo conoce, que lo ha vivido, combatido y contado\u2026 para convertirse en un privilegiado portavoz.<\/p>\n<p style=\"text-align: justify;\">Es verdad. Esta no es una lectura para divertirse. Pero s\u00ed para gozarla. Y, o eres de piedra, o te emocionar\u00e1s al llegar al final. \u00bfHace cu\u00e1nto que una lectura no te emociona?<\/p>\n<p style=\"text-align: justify;\">\u00a1Ah\u00ed tienes el desaf\u00edo!<\/p>\n<p style=\"text-align: justify;\">Por cierto, Yasmina Khadra ha cambiado de editorial en varias ocasiones. Pero su fant\u00e1stico traductor es siempre el mismo: un Wenceslao Carlos Lozano cuya pasi\u00f3n, fuerza y amor por la buena literatura se refleja en cada p\u00e1rrafo de la obra de Khadra.<\/p>\n<p style=\"text-align: justify;\">\u00a1Por algo ser\u00e1!<\/p>\n<p style=\"text-align: justify;\">\u00a0<a href=\"http:\/\/www.granadablogs.com\/pateandoelmundo\/2013\/01\/la-ecuacion-de-la-vida\/argo-globo-de-oro-2013-4\/\" rel=\"attachment wp-att-13320\"><img loading=\"lazy\" decoding=\"async\" class=\"aligncenter size-medium wp-image-13320\" alt=\"La ecuaci\u00f3n de la vida\" src=\"http:\/\/www.granadablogs.com\/pateandoelmundo\/wp-content\/uploads\/2013\/01\/Argo-Globo-de-Oro-20133-175x300.jpg\" width=\"175\" height=\"300\" srcset=\"https:\/\/www.granadablogs.com\/pateandoelmundo\/wp-content\/uploads\/2013\/01\/Argo-Globo-de-Oro-20133-175x300.jpg 175w, https:\/\/www.granadablogs.com\/pateandoelmundo\/wp-content\/uploads\/2013\/01\/Argo-Globo-de-Oro-20133-600x1024.jpg 600w, https:\/\/www.granadablogs.com\/pateandoelmundo\/wp-content\/uploads\/2013\/01\/Argo-Globo-de-Oro-20133.jpg 692w\" sizes=\"auto, (max-width: 175px) 100vw, 175px\" \/><\/a><\/p>\n<p style=\"text-align: justify;\">Lee. Lee y hablamos.<\/p>\n<p style=\"text-align: justify;\">Jes\u00fas Lens, tratando de despejar La ecuaci\u00f3n de la vida.<\/p>\n<p style=\"text-align: justify;\">Y ahora, a ver los 18 de enero de <a href=\"http:\/\/www.granadablogs.com\/pateandoelmundo\/2009\/01\/18\/\" target=\"_blank\">2009<\/a>, <a href=\"http:\/\/www.granadablogs.com\/pateandoelmundo\/2010\/01\/18\/\" target=\"_blank\">2010<\/a>, <a href=\"http:\/\/www.granadablogs.com\/pateandoelmundo\/2011\/01\/18\/\" target=\"_blank\">2011<\/a> y <a href=\"http:\/\/www.granadablogs.com\/pateandoelmundo\/2012\/01\/18\/\" target=\"_blank\">2012<\/a><\/p>\n","protected":false},"excerpt":{"rendered":"<p>&#8211; \u00bfNo es eso lo que os trae por aqu\u00ed? El exotismo, el paisaje salvaje y la nostalgia de los imperios perdidos\u2026 &#8211; No somos turistas\u2026 &#8211; Claro que no. En \u00c1frica no hay turistas, solo mirones. . Si le\u00edste hace unos d\u00edas el art\u00edculo que publiqu\u00e9 en IDEAL, \u201c\u00c1frica en guerra\u201d, ya viste que [&hellip;]<\/p>\n","protected":false},"author":1,"featured_media":0,"comment_status":"open","ping_status":"open","sticky":false,"template":"","format":"standard","meta":{"jetpack_post_was_ever_published":false,"_jetpack_newsletter_access":"","_jetpack_dont_email_post_to_subs":false,"_jetpack_newsletter_tier_id":0,"_jetpack_memberships_contains_paywalled_content":false,"_jetpack_memberships_contains_paid_content":false,"footnotes":""},"categories":[36,7018,9],"tags":[7852,36,7849,146,7813,7847,7818,49,9,7851,4583,4584,7850,3178,7853,7854,7848,7846],"class_list":["post-13314","post","type-post","status-publish","format-standard","hentry","category-africa","category-africacine","category-literarios","tag-acto-de-fe-en-la-vida","tag-africa","tag-carlos-lozano","tag-editorial-destino","tag-guerra-mali","tag-la-ecuacion-africana","tag-la-ecuacion-de-la-vida","tag-libros","tag-literarios","tag-literatura-africana","tag-proverbios-africanos","tag-sabiduria-africana","tag-secuestro-argelia","tag-sudan","tag-vivir-africa","tag-vivir-en-africa","tag-wenceslao-lozano","tag-yasmina-khadra"],"jetpack_featured_media_url":"","jetpack_sharing_enabled":true,"_links":{"self":[{"href":"https:\/\/www.granadablogs.com\/pateandoelmundo\/wp-json\/wp\/v2\/posts\/13314","targetHints":{"allow":["GET"]}}],"collection":[{"href":"https:\/\/www.granadablogs.com\/pateandoelmundo\/wp-json\/wp\/v2\/posts"}],"about":[{"href":"https:\/\/www.granadablogs.com\/pateandoelmundo\/wp-json\/wp\/v2\/types\/post"}],"author":[{"embeddable":true,"href":"https:\/\/www.granadablogs.com\/pateandoelmundo\/wp-json\/wp\/v2\/users\/1"}],"replies":[{"embeddable":true,"href":"https:\/\/www.granadablogs.com\/pateandoelmundo\/wp-json\/wp\/v2\/comments?post=13314"}],"version-history":[{"count":3,"href":"https:\/\/www.granadablogs.com\/pateandoelmundo\/wp-json\/wp\/v2\/posts\/13314\/revisions"}],"predecessor-version":[{"id":13323,"href":"https:\/\/www.granadablogs.com\/pateandoelmundo\/wp-json\/wp\/v2\/posts\/13314\/revisions\/13323"}],"wp:attachment":[{"href":"https:\/\/www.granadablogs.com\/pateandoelmundo\/wp-json\/wp\/v2\/media?parent=13314"}],"wp:term":[{"taxonomy":"category","embeddable":true,"href":"https:\/\/www.granadablogs.com\/pateandoelmundo\/wp-json\/wp\/v2\/categories?post=13314"},{"taxonomy":"post_tag","embeddable":true,"href":"https:\/\/www.granadablogs.com\/pateandoelmundo\/wp-json\/wp\/v2\/tags?post=13314"}],"curies":[{"name":"wp","href":"https:\/\/api.w.org\/{rel}","templated":true}]}}