{"id":13242,"date":"2013-01-13T19:36:14","date_gmt":"2013-01-13T18:36:14","guid":{"rendered":"http:\/\/www.granadablogs.com\/pateandoelmundo\/?p=13242"},"modified":"2013-01-13T19:36:14","modified_gmt":"2013-01-13T18:36:14","slug":"antifragil","status":"publish","type":"post","link":"https:\/\/www.granadablogs.com\/pateandoelmundo\/antifragil\/","title":{"rendered":"Antifr\u00e1gil"},"content":{"rendered":"<p style=\"text-align: justify;\"><em><strong>Hoy domingo, publico este art\u00edculo en IDEAL. A ver qu\u00e9 te parece y, sobre todo, \u00bfest\u00e1s de acuerdo? \u00bfQu\u00e9 piensas? \u00bfVes la luz? \u00bfHas engordado?<\/strong><\/em><\/p>\n<p style=\"text-align: justify;\">\n<p style=\"text-align: justify;\">Estas Navidades he podido leer. Mucho, despacio y bien. Los finales de a\u00f1o, sobre todo si son tan aciagos como el 2012, son buen momento para recapitular, analizar, recordar y concluir\u2026 con el fin de estar en las mejores condiciones para afrontar los retos de los siguientes doce meses. Y a nadie escapa que 2013 va a presentar muchos, capitales e incluso brutales desaf\u00edos.<\/p>\n<p style=\"text-align: justify;\">\n<p style=\"text-align: justify;\">En estas \u00faltimas semanas, he apreciado un cambio en <a href=\"http:\/\/www.granadablogs.com\/pateandoelmundo\/2012\/11\/el-relato\/\" target=\"_blank\">el Relato que los expertos, gur\u00fas y analistas hacen de la crisis<\/a>. Hemos pasado de martillear a los lectores con el mantra del \u201cnos lo merecemos ya que todo esto es culpa nuestra por haber vivido por encima de nuestras posibilidades\u201d al \u201cYes, we can\u201d de Obama, en versi\u00f3n ca\u00f1\u00ed.<\/p>\n<p style=\"text-align: justify;\">\u00a0<a href=\"http:\/\/www.granadablogs.com\/pateandoelmundo\/2013\/01\/antifragil\/aburridos-48\/\" rel=\"attachment wp-att-13243\"><img loading=\"lazy\" decoding=\"async\" class=\"aligncenter size-medium wp-image-13243\" alt=\"Yes we can't\" src=\"http:\/\/www.granadablogs.com\/pateandoelmundo\/wp-content\/uploads\/2013\/01\/Aburridos7-229x300.jpg\" width=\"229\" height=\"300\" srcset=\"https:\/\/www.granadablogs.com\/pateandoelmundo\/wp-content\/uploads\/2013\/01\/Aburridos7-229x300.jpg 229w, https:\/\/www.granadablogs.com\/pateandoelmundo\/wp-content\/uploads\/2013\/01\/Aburridos7.jpg 300w\" sizes=\"auto, (max-width: 229px) 100vw, 229px\" \/><\/a><\/p>\n<p style=\"text-align: justify;\">Desde las campa\u00f1as de publicidad de diversas entidades y compa\u00f1\u00edas, hasta el empacho de la Marca Espa\u00f1a; ahora parece que toca entrar en 2013 con un deje de optimismo: la Bolsa sube, la Prima se desinfla, diciembre ha dado un respiro al paro, se crean nuevas empresas, suben las exportaciones, EE.UU. no se precipit\u00f3 en el Abismo Fiscal, la deuda de las familias y las empresas se contrae, etc\u00e9tera.<\/p>\n<p style=\"text-align: justify;\">\n<p style=\"text-align: justify;\">Pero, sobre todo, lo que ahora nos exige el Relato es aguantar. Podemos, debemos y tenemos que aguantar. Porque, siguiendo los dictados de Darwin, lo que no te mata te hace m\u00e1s fuerte. O, en castellano viejo, lo que no mata engorda. Y el que resiste, gana.<\/p>\n<p style=\"text-align: justify;\">\u00a0<a href=\"http:\/\/www.granadablogs.com\/pateandoelmundo\/2013\/01\/antifragil\/antifragilidad\/\" rel=\"attachment wp-att-13244\"><img loading=\"lazy\" decoding=\"async\" class=\"aligncenter size-medium wp-image-13244\" alt=\"Antifragilidad\" src=\"http:\/\/www.granadablogs.com\/pateandoelmundo\/wp-content\/uploads\/2013\/01\/Antifragilidad-300x153.jpg\" width=\"300\" height=\"153\" srcset=\"https:\/\/www.granadablogs.com\/pateandoelmundo\/wp-content\/uploads\/2013\/01\/Antifragilidad-300x153.jpg 300w, https:\/\/www.granadablogs.com\/pateandoelmundo\/wp-content\/uploads\/2013\/01\/Antifragilidad.jpg 468w\" sizes=\"auto, (max-width: 300px) 100vw, 300px\" \/><\/a><\/p>\n<p style=\"text-align: justify;\">Hace unos a\u00f1os, Nassim Nicholas Taleb nos puso a todos alerta con su libro, <a href=\"http:\/\/www.granadablogs.com\/pateandoelmundo\/2008\/03\/elecciones-sin-cisne-negro\/\" target=\"_blank\">\u201cEl cisne negro\u201d<\/a>, fen\u00f3meno que defin\u00eda como un acontecimiento s\u00fabito e inesperado, de consecuencias brutales y devastadoras y al que, a posteriori, todo el mundo encontraba explicaciones. Los atentados del 11-S ser\u00edan el perfecto ejemplo de Cisne Negro. Y la crisis. Nuestra crisis, plagada de burbujas, AVEs, aeropuertos, delirios autonomistas, mariscadas, vinos de a\u00f1adas imposibles, corrupci\u00f3n, nepotismo y apa\u00f1etes varios.<\/p>\n<p style=\"text-align: justify;\">\n<p style=\"text-align: justify;\">Taleb ha vuelto a revolucionar el panorama ensay\u00edstico norteamericano con un nuevo libro: \u201cAntifragile\u201d, en el que defiende las bondades del error. Del error reiterativo y repetitivo. Del error por sistema. Del error en que se cae una y otra vez. Y lo defiende porque enfrentarse a \u00e9l hace m\u00e1s fuertes a qui\u00e9nes tienen que soportar sus efectos. \u00a1Qu\u00e9 importante, desarrollar la capacidad para resistir el empecinamiento en meter la pata que demuestran los gobernantes, los poderosos, los que parten el bacalao!<\/p>\n<p style=\"text-align: justify;\">\u00a0<a href=\"http:\/\/www.granadablogs.com\/pateandoelmundo\/2013\/01\/antifragil\/antifragil\/\" rel=\"attachment wp-att-13245\"><img loading=\"lazy\" decoding=\"async\" class=\"aligncenter size-medium wp-image-13245\" alt=\"Antifr\u00e1gil\" src=\"http:\/\/www.granadablogs.com\/pateandoelmundo\/wp-content\/uploads\/2013\/01\/Antifr\u00e1gil-198x300.jpg\" width=\"198\" height=\"300\" srcset=\"https:\/\/www.granadablogs.com\/pateandoelmundo\/wp-content\/uploads\/2013\/01\/Antifr\u00e1gil-198x300.jpg 198w, https:\/\/www.granadablogs.com\/pateandoelmundo\/wp-content\/uploads\/2013\/01\/Antifr\u00e1gil.jpg 297w\" sizes=\"auto, (max-width: 198px) 100vw, 198px\" \/><\/a><\/p>\n<p style=\"text-align: justify;\">Escuchar ahora al FMI sostener que, quiz\u00e1, se han pasado al imponer un Austericidio tan severo a determinadas econom\u00edas, dar\u00eda risa sino fuera algo tan grave, tan salvaje, tan tr\u00e1gico.<\/p>\n<p style=\"text-align: justify;\">\n<p style=\"text-align: justify;\">Quiero pensar que, por fortuna, la sociedad espa\u00f1ola est\u00e1 reaccionando a la devastadora crisis que nos asola con una dignidad y con una capacidad de resistencia digna de todo encomio, con la familia y el apoyo mutuo como precario sost\u00e9n de situaciones que, hasta hace muy poco tiempo, nos hubieran parecido insostenibles. Pero todo tiene un l\u00edmite y de ah\u00ed, quiz\u00e1, el Relato de que lo peor ha pasado y de que ya se ve luz al final del t\u00fanel.<\/p>\n<p style=\"text-align: justify;\">\u00a0<a href=\"http:\/\/www.granadablogs.com\/pateandoelmundo\/2013\/01\/antifragil\/antifragil-taleb\/\" rel=\"attachment wp-att-13246\"><img loading=\"lazy\" decoding=\"async\" class=\"aligncenter size-medium wp-image-13246\" alt=\"Antifr\u00e1gil-Taleb\" src=\"http:\/\/www.granadablogs.com\/pateandoelmundo\/wp-content\/uploads\/2013\/01\/Antifr\u00e1gil-Taleb-300x261.jpg\" width=\"300\" height=\"261\" srcset=\"https:\/\/www.granadablogs.com\/pateandoelmundo\/wp-content\/uploads\/2013\/01\/Antifr\u00e1gil-Taleb-300x261.jpg 300w, https:\/\/www.granadablogs.com\/pateandoelmundo\/wp-content\/uploads\/2013\/01\/Antifr\u00e1gil-Taleb.jpg 401w\" sizes=\"auto, (max-width: 300px) 100vw, 300px\" \/><\/a><\/p>\n<p style=\"text-align: justify;\">Esperemos que la luz no sea la del tren desbocado, que viene a toda velocidad, sin frenos y dispuesto a llev\u00e1rselo todo por delante.<\/p>\n<p style=\"text-align: justify;\">\n<p style=\"text-align: justify;\">Jes\u00fas Lens<\/p>\n<p style=\"text-align: justify;\">\n<p style=\"text-align: justify;\">Dicho lo cual, te invito a ir leyendo <a href=\"http:\/\/www.ideal.es\/granada\/v\/20130112\/cultura\/furia-iconoclasta-tombuctu-20130112.html\" target=\"_blank\">estas notas de Manuel Villar Raso<\/a>, para ir preparando la lectura y discusi\u00f3n del pr\u00f3ximo art\u00edculo.<\/p>\n<p style=\"text-align: justify;\">\n<p style=\"text-align: justify;\">Y ahora, a ver los 13 de enero de <a href=\"http:\/\/www.granadablogs.com\/pateandoelmundo\/2009\/01\/13\/\" target=\"_blank\">2009<\/a>, <a href=\"http:\/\/www.granadablogs.com\/pateandoelmundo\/2010\/01\/13\/\" target=\"_blank\">2010<\/a>, <a href=\"http:\/\/www.granadablogs.com\/pateandoelmundo\/2011\/01\/13\/\" target=\"_blank\">2011<\/a> y <a href=\"http:\/\/www.granadablogs.com\/pateandoelmundo\/2012\/01\/13\/\" target=\"_blank\">2012<\/a>, qu\u00e9 publicamos.<\/p>\n","protected":false},"excerpt":{"rendered":"<p>Hoy domingo, publico este art\u00edculo en IDEAL. A ver qu\u00e9 te parece y, sobre todo, \u00bfest\u00e1s de acuerdo? \u00bfQu\u00e9 piensas? \u00bfVes la luz? \u00bfHas engordado? Estas Navidades he podido leer. Mucho, despacio y bien. Los finales de a\u00f1o, sobre todo si son tan aciagos como el 2012, son buen momento para recapitular, analizar, recordar y [&hellip;]<\/p>\n","protected":false},"author":1,"featured_media":0,"comment_status":"open","ping_status":"open","sticky":false,"template":"","format":"standard","meta":{"jetpack_post_was_ever_published":false,"_jetpack_newsletter_access":"","_jetpack_dont_email_post_to_subs":false,"_jetpack_newsletter_tier_id":0,"_jetpack_memberships_contains_paywalled_content":false,"_jetpack_memberships_contains_paid_content":false,"footnotes":""},"categories":[6],"tags":[7798,7800,7799,4351,7801,7805,7803,7804,7802,7797],"class_list":["post-13242","post","type-post","status-publish","format-standard","hentry","category-opinion","tag-antifragil","tag-antifragil-taleb","tag-antifragilidad","tag-el-cisne-negro","tag-ensayos-crisis","tag-equivocarse","tag-error","tag-error-sistemico","tag-lo-que-no-mata-engorda","tag-nassim-nicholas-taleb"],"jetpack_featured_media_url":"","jetpack_sharing_enabled":true,"_links":{"self":[{"href":"https:\/\/www.granadablogs.com\/pateandoelmundo\/wp-json\/wp\/v2\/posts\/13242","targetHints":{"allow":["GET"]}}],"collection":[{"href":"https:\/\/www.granadablogs.com\/pateandoelmundo\/wp-json\/wp\/v2\/posts"}],"about":[{"href":"https:\/\/www.granadablogs.com\/pateandoelmundo\/wp-json\/wp\/v2\/types\/post"}],"author":[{"embeddable":true,"href":"https:\/\/www.granadablogs.com\/pateandoelmundo\/wp-json\/wp\/v2\/users\/1"}],"replies":[{"embeddable":true,"href":"https:\/\/www.granadablogs.com\/pateandoelmundo\/wp-json\/wp\/v2\/comments?post=13242"}],"version-history":[{"count":2,"href":"https:\/\/www.granadablogs.com\/pateandoelmundo\/wp-json\/wp\/v2\/posts\/13242\/revisions"}],"predecessor-version":[{"id":13248,"href":"https:\/\/www.granadablogs.com\/pateandoelmundo\/wp-json\/wp\/v2\/posts\/13242\/revisions\/13248"}],"wp:attachment":[{"href":"https:\/\/www.granadablogs.com\/pateandoelmundo\/wp-json\/wp\/v2\/media?parent=13242"}],"wp:term":[{"taxonomy":"category","embeddable":true,"href":"https:\/\/www.granadablogs.com\/pateandoelmundo\/wp-json\/wp\/v2\/categories?post=13242"},{"taxonomy":"post_tag","embeddable":true,"href":"https:\/\/www.granadablogs.com\/pateandoelmundo\/wp-json\/wp\/v2\/tags?post=13242"}],"curies":[{"name":"wp","href":"https:\/\/api.w.org\/{rel}","templated":true}]}}