{"id":13098,"date":"2012-12-19T18:25:31","date_gmt":"2012-12-19T17:25:31","guid":{"rendered":"http:\/\/www.granadablogs.com\/pateandoelmundo\/?p=13098"},"modified":"2013-01-28T20:20:53","modified_gmt":"2013-01-28T19:20:53","slug":"apadrina-un-libro","status":"publish","type":"post","link":"https:\/\/www.granadablogs.com\/pateandoelmundo\/apadrina-un-libro\/","title":{"rendered":"\u00a1Apadrina un libro!"},"content":{"rendered":"<p style=\"text-align: justify;\">\u00bfQu\u00e9 te parece? Si, cuando la leas, te gusta la idea, escr\u00edbeme: jesus.lens@gmail.com<\/p>\n<p style=\"text-align: justify;\">\n<p style=\"text-align: justify;\"><a href=\"http:\/\/www.granadablogs.com\/pateandoelmundo\/wp-content\/uploads\/2012\/12\/\u00c1frica-en-el-cine.jpg\"><img loading=\"lazy\" decoding=\"async\" class=\"aligncenter size-medium wp-image-13099\" title=\"\u00c1frica en el cine\" alt=\"\" src=\"http:\/\/www.granadablogs.com\/pateandoelmundo\/wp-content\/uploads\/2012\/12\/\u00c1frica-en-el-cine-fake-225x300.jpg\" width=\"225\" height=\"300\" srcset=\"https:\/\/www.granadablogs.com\/pateandoelmundo\/wp-content\/uploads\/2012\/12\/\u00c1frica-en-el-cine-fake-225x300.jpg 225w, https:\/\/www.granadablogs.com\/pateandoelmundo\/wp-content\/uploads\/2012\/12\/\u00c1frica-en-el-cine-fake.jpg 720w\" sizes=\"auto, (max-width: 225px) 100vw, 225px\" \/><\/a><\/p>\n<p style=\"text-align: justify;\">Esta podr\u00eda ser o podr\u00eda no ser la portada de ese libro en el que he estado trabajando el \u00faltimo a\u00f1o. \u00bfTe gusta?<\/p>\n<p style=\"text-align: justify;\">Ojo. El libro todav\u00eda no existe. Ni est\u00e1 terminado. Esta Navidad vamos a rematarlo. Pero s\u00ed es un anticipo, el pr\u00f3logo, la declaraci\u00f3n de intenciones, la idea. El concepto, o sea.<\/p>\n<p style=\"text-align: justify;\">\u00bfC\u00f3mo lo ves?<\/p>\n<p style=\"text-align: justify;\">19 p\u00e1ginas, muy bien editadas y maquetadas por mi amigo, socio y c\u00f3mplice, Jos\u00e9 Manuel Vargas. Con varias im\u00e1genes e ilustraciones. Y el Garabato \u201cUna Ventana Africana\u201d, de mi querido <a href=\"http:\/\/colingarabatosdigitales.com\/\" target=\"_blank\">Colin Bertholet<\/a>.<\/p>\n<p style=\"text-align: justify;\"><a href=\"http:\/\/www.granadablogs.com\/pateandoelmundo\/wp-content\/uploads\/2012\/12\/Una-ventana-africana.jpg\"><img loading=\"lazy\" decoding=\"async\" class=\"aligncenter size-medium wp-image-13100\" title=\"Una Ventana Africana\" alt=\"\" src=\"http:\/\/www.granadablogs.com\/pateandoelmundo\/wp-content\/uploads\/2012\/12\/Biblioteca-225x300.jpg\" width=\"225\" height=\"300\" srcset=\"https:\/\/www.granadablogs.com\/pateandoelmundo\/wp-content\/uploads\/2012\/12\/Biblioteca-225x300.jpg 225w, https:\/\/www.granadablogs.com\/pateandoelmundo\/wp-content\/uploads\/2012\/12\/Biblioteca-768x1024.jpg 768w, https:\/\/www.granadablogs.com\/pateandoelmundo\/wp-content\/uploads\/2012\/12\/Biblioteca.jpg 1152w\" sizes=\"auto, (max-width: 225px) 100vw, 225px\" \/><\/a><\/p>\n<p style=\"text-align: justify;\">Junto a ello, otra novedad.<\/p>\n<p style=\"text-align: justify;\">\u00bfA qu\u00e9 mola?<\/p>\n<p style=\"text-align: justify;\">Este logo para Caf\u00e9-Bar Cinema lo dise\u00f1\u00f3, tambi\u00e9n, Colin Bertholet. Y el cuento\u2026 bueno. Est\u00e1 feo que yo lo diga, pero es un cuento muy chulo que me report\u00f3 quedar entre los finalistas de un concurso internacional de Relatos. Aquellos de Cerveza Ficci\u00f3n de los que hablamos hace unos meses.<\/p>\n<p style=\"text-align: justify;\">Un cuento de trece p\u00e1ginas, compuesto por cuatro cap\u00edtulos, todo \u00e9l basado en caf\u00e9s, bares, encuentros\u2026 y una sorpresa final. Un cuento que hemos ilustrado con las maravillosas fotograf\u00edas del famoso Robert Doisneau.<\/p>\n<p style=\"text-align: justify;\">Y os pongo en antecedentes de todo esto porque hemos hecho una \u00fanica tirada de Cuadernillos, con ambas historias, que nunca m\u00e1s se volver\u00e1 a hacer.<\/p>\n<p style=\"text-align: justify;\">Reconozco que, lo que me pide el cuerpo, es regalarlos.<\/p>\n<p style=\"text-align: justify;\">Pero este a\u00f1o no est\u00e1n las cosas como para tirar cohetes, que las ventas de libros son bajas; las presentaciones, las ca\u00f1as y las tapillas cada vez cuestan m\u00e1s\u2026 \u00a1y queremos publicar en 2013 ese nuevo libro, para tener ocasi\u00f3n de volver a vernos en presentaciones, On the roads y encuentros varios!<\/p>\n<p style=\"text-align: justify;\">Por todo ello, los Cuadernillos est\u00e1n en venta.<\/p>\n<p style=\"text-align: justify;\"><em><strong>1 ejemplar x 3 euros.<\/strong><\/em><\/p>\n<p style=\"text-align: justify;\"><em><strong>3 ejemplares x 5 euros.<\/strong><\/em><\/p>\n<p style=\"text-align: justify;\"><em><strong>5 ejemplares x 10 euros.<\/strong><\/em><\/p>\n<p style=\"text-align: justify;\">Con la promesa de que, cuando salga el libro de \u00c1frica, en el primer trimestre del 2013, con mi querida editorial Almed, como siempre; a qui\u00e9n se haya llevado este Cuadernillo, le haremos un notable descuento en la adquisici\u00f3n de su ejemplar.<\/p>\n<p style=\"text-align: justify;\"><a href=\"http:\/\/www.granadablogs.com\/pateandoelmundo\/wp-content\/uploads\/2012\/12\/Cafe-Bar-Cinema-Relatos.jpg\"><img loading=\"lazy\" decoding=\"async\" class=\"aligncenter size-medium wp-image-13101\" title=\"Cafe Bar Cinema Relatos Encuentros\" alt=\"\" src=\"http:\/\/www.granadablogs.com\/pateandoelmundo\/wp-content\/uploads\/2012\/12\/Cafe-Bar-Cinema-Relatos-Encuentros-225x300.jpg\" width=\"225\" height=\"300\" srcset=\"https:\/\/www.granadablogs.com\/pateandoelmundo\/wp-content\/uploads\/2012\/12\/Cafe-Bar-Cinema-Relatos-Encuentros-225x300.jpg 225w, https:\/\/www.granadablogs.com\/pateandoelmundo\/wp-content\/uploads\/2012\/12\/Cafe-Bar-Cinema-Relatos-Encuentros.jpg 720w\" sizes=\"auto, (max-width: 225px) 100vw, 225px\" \/><\/a><\/p>\n<p style=\"text-align: justify;\">Y si todav\u00eda no tienes alguno de mis libros anteriores; \u201cCaf\u00e9-Bar Cinema\u201d o \u201cHasta donde el cine nos lleve\u201d, d\u00edmelo. Te har\u00e9 una oferta que no podr\u00e1s rechazar y te har\u00e1s con esta rareza que hoy presentamos de totalmente gratis.<\/p>\n<p style=\"text-align: justify;\">La gente de Alcal\u00e1 la Real ya tiene algunos. Y algunos compa\u00f1eros de la pe\u00f1a de baloncesto. Y por Salobre\u00f1a, ya rulan. Y alguno se ha visto por el Cubo.<\/p>\n<p style=\"text-align: justify;\">\u00bfAlguien que ya lo tenga, que diga qu\u00e9 le parece el Cuadernillo?<\/p>\n<p style=\"text-align: justify;\">Venga va. An\u00edmate. No es mucho dinero y as\u00ed contribuimos a dinamizar esto de la edici\u00f3n, los libros, las imprentas y la cultura.<\/p>\n<p style=\"text-align: justify;\">\u00a1Gracias!<\/p>\n<p style=\"text-align: justify;\">Jes\u00fas <em><strong>marketiniano<\/strong><\/em> Lens<\/p>\n","protected":false},"excerpt":{"rendered":"<p>\u00bfQu\u00e9 te parece? Si, cuando la leas, te gusta la idea, escr\u00edbeme: jesus.lens@gmail.com Esta podr\u00eda ser o podr\u00eda no ser la portada de ese libro en el que he estado trabajando el \u00faltimo a\u00f1o. \u00bfTe gusta? Ojo. El libro todav\u00eda no existe. Ni est\u00e1 terminado. Esta Navidad vamos a rematarlo. Pero s\u00ed es un anticipo, [&hellip;]<\/p>\n","protected":false},"author":1,"featured_media":0,"comment_status":"open","ping_status":"open","sticky":false,"template":"","format":"standard","meta":{"jetpack_post_was_ever_published":false,"_jetpack_newsletter_access":"","_jetpack_dont_email_post_to_subs":false,"_jetpack_newsletter_tier_id":0,"_jetpack_memberships_contains_paywalled_content":false,"_jetpack_memberships_contains_paid_content":false,"footnotes":""},"categories":[36,7018,2536,10],"tags":[7682,181,2536,6189,10,7685,7683,2147,1603,930,1599,4994,7684,7681,31,7199],"class_list":["post-13098","post","type-post","status-publish","format-standard","hentry","category-africa","category-africacine","category-cafe-bar-cinema","category-cine","tag-africa-en-el-cine","tag-almed","tag-cafe-bar-cinema","tag-cbc","tag-cine","tag-cine-africano","tag-cine-y-africa","tag-colin","tag-colin-bertholet","tag-cuentos","tag-editorial-almed","tag-encuentros","tag-peliculas-africanas","tag-relactos-cbc","tag-relatos","tag-una-ventana-africana"],"jetpack_featured_media_url":"","jetpack_sharing_enabled":true,"_links":{"self":[{"href":"https:\/\/www.granadablogs.com\/pateandoelmundo\/wp-json\/wp\/v2\/posts\/13098","targetHints":{"allow":["GET"]}}],"collection":[{"href":"https:\/\/www.granadablogs.com\/pateandoelmundo\/wp-json\/wp\/v2\/posts"}],"about":[{"href":"https:\/\/www.granadablogs.com\/pateandoelmundo\/wp-json\/wp\/v2\/types\/post"}],"author":[{"embeddable":true,"href":"https:\/\/www.granadablogs.com\/pateandoelmundo\/wp-json\/wp\/v2\/users\/1"}],"replies":[{"embeddable":true,"href":"https:\/\/www.granadablogs.com\/pateandoelmundo\/wp-json\/wp\/v2\/comments?post=13098"}],"version-history":[{"count":3,"href":"https:\/\/www.granadablogs.com\/pateandoelmundo\/wp-json\/wp\/v2\/posts\/13098\/revisions"}],"predecessor-version":[{"id":13429,"href":"https:\/\/www.granadablogs.com\/pateandoelmundo\/wp-json\/wp\/v2\/posts\/13098\/revisions\/13429"}],"wp:attachment":[{"href":"https:\/\/www.granadablogs.com\/pateandoelmundo\/wp-json\/wp\/v2\/media?parent=13098"}],"wp:term":[{"taxonomy":"category","embeddable":true,"href":"https:\/\/www.granadablogs.com\/pateandoelmundo\/wp-json\/wp\/v2\/categories?post=13098"},{"taxonomy":"post_tag","embeddable":true,"href":"https:\/\/www.granadablogs.com\/pateandoelmundo\/wp-json\/wp\/v2\/tags?post=13098"}],"curies":[{"name":"wp","href":"https:\/\/api.w.org\/{rel}","templated":true}]}}