{"id":12924,"date":"2012-11-22T08:00:28","date_gmt":"2012-11-22T07:00:28","guid":{"rendered":"http:\/\/www.granadablogs.com\/pateandoelmundo\/?p=12924"},"modified":"2012-11-21T19:44:36","modified_gmt":"2012-11-21T18:44:36","slug":"sigue-leyendo","status":"publish","type":"post","link":"https:\/\/www.granadablogs.com\/pateandoelmundo\/sigue-leyendo\/","title":{"rendered":"\u00a1Sigue leyendo!"},"content":{"rendered":"<p style=\"text-align: justify;\">Si no la hab\u00e9is visto, si no la hab\u00e9is le\u00eddo; seguro que s\u00ed hab\u00e9is o\u00eddo hablar de ella estos d\u00edas, gracias a sus encendidas, escarnecedoras y lacerantes intervenciones en televisi\u00f3n.<\/p>\n<p style=\"text-align: justify;\">Su nombre: Fallar\u00e1s. Cristina Fallar\u00e1s.<\/p>\n<p style=\"text-align: justify;\">\u00a0<a href=\"http:\/\/www.granadablogs.com\/pateandoelmundo\/wp-content\/uploads\/2012\/11\/Aniversario-El-Padrino33.jpg\"><img loading=\"lazy\" decoding=\"async\" class=\"aligncenter size-medium wp-image-12925\" title=\"Cristina Fallar\u00e1s\" src=\"http:\/\/www.granadablogs.com\/pateandoelmundo\/wp-content\/uploads\/2012\/11\/Aniversario-El-Padrino33-300x203.jpg\" alt=\"\" width=\"300\" height=\"203\" srcset=\"https:\/\/www.granadablogs.com\/pateandoelmundo\/wp-content\/uploads\/2012\/11\/Aniversario-El-Padrino33-300x203.jpg 300w, https:\/\/www.granadablogs.com\/pateandoelmundo\/wp-content\/uploads\/2012\/11\/Aniversario-El-Padrino33.jpg 368w\" sizes=\"auto, (max-width: 300px) 100vw, 300px\" \/><\/a><\/p>\n<p style=\"text-align: justify;\">Su pelo, de frondoso rojo fuego, es la perfecta encarnaci\u00f3n de una personalidad arrolladora y abrasadora, acostumbrada a hablar con verdades en la boca, algo que no se estila y que, por tanto, causa sensaci\u00f3n. Y conmoci\u00f3n. Porque sus verdades son como pu\u00f1os. Pu\u00f1os cerrados, directos al ment\u00f3n. Demoledores.<\/p>\n<p style=\"text-align: justify;\">Cristina, adem\u00e1s de haber ganado el Hammett de la pasada edici\u00f3n de Semana Negra con s<a href=\"http:\/\/www.granadablogs.com\/pateandoelmundo\/2011\/05\/las-ninas-perdidas\/\" target=\"_blank\">u imprescindible novela \u201cLas ni\u00f1as perdidas\u201d<\/a>, es periodista. En paro. Porque la de periodista es la profesi\u00f3n m\u00e1s castigada por la crisis, fuera del sector de la construcci\u00f3n.<\/p>\n<p style=\"text-align: justify;\">Pero Cristina tambi\u00e9n es editora. Y, con <a href=\"http:\/\/www.granadablogs.com\/pateandoelmundo\/2011\/10\/la-ultima-caravana-2\/\" target=\"_blank\">Ra\u00fal Argem\u00ed<\/a>, uno de los mejores escritores argenpa\u00f1oles, ha montado \u201cSigue Leyendo\u201d, para editar a trav\u00e9s de la red.<\/p>\n<p style=\"text-align: justify;\">\u00a0<a href=\"http:\/\/www.granadablogs.com\/pateandoelmundo\/wp-content\/uploads\/2012\/11\/Aniversario-El-Padrino8.jpg\"><img loading=\"lazy\" decoding=\"async\" class=\"aligncenter size-medium wp-image-12926\" title=\"Sigue Leyendo\" src=\"http:\/\/www.granadablogs.com\/pateandoelmundo\/wp-content\/uploads\/2012\/11\/Aniversario-El-Padrino8-300x142.jpg\" alt=\"\" width=\"300\" height=\"142\" srcset=\"https:\/\/www.granadablogs.com\/pateandoelmundo\/wp-content\/uploads\/2012\/11\/Aniversario-El-Padrino8-300x142.jpg 300w, https:\/\/www.granadablogs.com\/pateandoelmundo\/wp-content\/uploads\/2012\/11\/Aniversario-El-Padrino8.jpg 464w\" sizes=\"auto, (max-width: 300px) 100vw, 300px\" \/><\/a><\/p>\n<p style=\"text-align: justify;\">Cuando compras (de ese verbo <em><strong>comprar<\/strong><\/em>, que, dice la RAE, significa <em><strong>\u201cObtener algo con dinero\u201d<\/strong><\/em>) alguno de sus libros o relatos en cat\u00e1logo, al comienzo del texto que hayas comprado (del verbo <em><strong>comprar<\/strong><\/em>: <em><strong>\u201cAdquirir, hacerse due\u00f1o de algo por dinero\u201d<\/strong><\/em>) encuentras la siguiente advertencia:<\/p>\n<p style=\"text-align: justify;\"><strong><span style=\"color: #000080;\">\u201cNuestros libros no est\u00e1n protegidos. Son fruto del trabajo de un escritor, un editor, una correctora, un t\u00e9cnico digital, una dise\u00f1adora web, un webmaster y un productor. Si nos piratea, ya sabe a quien roba\u201d.<\/span><\/strong><\/p>\n<p style=\"text-align: justify;\">Est\u00e1 claro, \u00bfno?<\/p>\n<p style=\"text-align: justify;\">As\u00ed son Cristina y Ra\u00fal; Ra\u00fal y Cristina. Y <a href=\"http:\/\/www.sigueleyendo.es\/\" target=\"_blank\">AS\u00cd<\/a> es su editorial. Pincha, pincha, que adem\u00e1s de un cat\u00e1logo extraordinario de libros y autores a precios de edici\u00f3n electr\u00f3nica, (es decir, baratos de verdad) \u201cSigue Leyendo\u201d es una publicaci\u00f3n literaria electr\u00f3nica en s\u00ed misma, repleta de informaci\u00f3n, noticias, entrevistas, sugerencias\u2026 \u00a1y hasta una novela gratuita, por entregas, de Rosa Ribas!<\/p>\n<p style=\"text-align: justify;\">\u00a0<a href=\"http:\/\/www.granadablogs.com\/pateandoelmundo\/wp-content\/uploads\/2012\/11\/Aburridos6.jpg\"><img loading=\"lazy\" decoding=\"async\" class=\"aligncenter size-medium wp-image-12927\" title=\"Sigue Leyendo\" src=\"http:\/\/www.granadablogs.com\/pateandoelmundo\/wp-content\/uploads\/2012\/11\/Aburridos6-300x163.jpg\" alt=\"\" width=\"300\" height=\"163\" srcset=\"https:\/\/www.granadablogs.com\/pateandoelmundo\/wp-content\/uploads\/2012\/11\/Aburridos6-300x163.jpg 300w, https:\/\/www.granadablogs.com\/pateandoelmundo\/wp-content\/uploads\/2012\/11\/Aburridos6.jpg 600w\" sizes=\"auto, (max-width: 300px) 100vw, 300px\" \/><\/a><\/p>\n<p style=\"text-align: justify;\">En cuanto acabe con una obligaci\u00f3n lectora y jurada, voy a hincarle el diente a lo m\u00e1s nuevo Andreu Mart\u00edn, \u201cEl asesino de las v\u00edrgenes negras\u201d (<a href=\"http:\/\/www.sigueleyendo.es\/products-page\/andreu-martin\/el-asesino-de-las-virgenes-negras\/\" target=\"_blank\">Compra AQU\u00cd<\/a>, por 3,99 euros y de forma bien sencilla. Y segura.)<\/p>\n<p style=\"text-align: justify;\">\u00a0<a href=\"http:\/\/www.granadablogs.com\/pateandoelmundo\/wp-content\/uploads\/2012\/11\/09h7.jpg\"><img loading=\"lazy\" decoding=\"async\" class=\"aligncenter size-medium wp-image-12928\" title=\"El asesino de las v\u00edrgenes negras\" src=\"http:\/\/www.granadablogs.com\/pateandoelmundo\/wp-content\/uploads\/2012\/11\/09h7-211x300.jpg\" alt=\"\" width=\"211\" height=\"300\" srcset=\"https:\/\/www.granadablogs.com\/pateandoelmundo\/wp-content\/uploads\/2012\/11\/09h7-211x300.jpg 211w, https:\/\/www.granadablogs.com\/pateandoelmundo\/wp-content\/uploads\/2012\/11\/09h7-722x1024.jpg 722w, https:\/\/www.granadablogs.com\/pateandoelmundo\/wp-content\/uploads\/2012\/11\/09h7.jpg 1748w\" sizes=\"auto, (max-width: 211px) 100vw, 211px\" \/><\/a><\/p>\n<p style=\"text-align: justify;\">Seguramente, si has le\u00eddo o escuchado a Cristina, te has sentido impresionado y concernido por todo lo que dice. Y por c\u00f3mo lo dice.<\/p>\n<p style=\"text-align: justify;\">Pero, como ves, Cristina estar\u00e1 en paro, pero no est\u00e1 parada. Ni quieta. Cristina y Ra\u00fal son hijos de su tiempo. Un par de currantes de la literatura, de la palabra. Un par de empresarios que, con su trabajo y con su iniciativa, hacen bueno ese mantra de que hay que tener iniciativa, buscarse la vida, adaptarse, orientarse, cambiar el paso y el rumbo, aprovechar las nuevas tecnolog\u00edas y mirar hacia delante.<\/p>\n<figure id=\"attachment_12929\" aria-describedby=\"caption-attachment-12929\" style=\"width: 300px\" class=\"wp-caption aligncenter\"><a href=\"http:\/\/www.granadablogs.com\/pateandoelmundo\/wp-content\/uploads\/2012\/11\/Asesinato-en-el-Kremlin3.jpg\"><img loading=\"lazy\" decoding=\"async\" class=\"size-medium wp-image-12929\" title=\"Fallar\u00e1s Argem\u00ed\" src=\"http:\/\/www.granadablogs.com\/pateandoelmundo\/wp-content\/uploads\/2012\/11\/Asesinato-en-el-Kremlin3-300x225.jpg\" alt=\"\" width=\"300\" height=\"225\" srcset=\"https:\/\/www.granadablogs.com\/pateandoelmundo\/wp-content\/uploads\/2012\/11\/Asesinato-en-el-Kremlin3-300x225.jpg 300w, https:\/\/www.granadablogs.com\/pateandoelmundo\/wp-content\/uploads\/2012\/11\/Asesinato-en-el-Kremlin3.jpg 500w\" sizes=\"auto, (max-width: 300px) 100vw, 300px\" \/><\/a><figcaption id=\"caption-attachment-12929\" class=\"wp-caption-text\">Fallar\u00e1s y Argem\u00ed, en ese templo que es Negra y Criminal<\/figcaption><\/figure>\n<p style=\"text-align: justify;\">De nosotros, de los lectores, depende el buen fin de esta traves\u00eda.<\/p>\n<p style=\"text-align: justify;\">\u00bfQui\u00e9n se apunta a remar?<\/p>\n<p style=\"text-align: justify;\">Jes\u00fas Lens, uno que, desde luego&#8230; \u00a1Sigue Leyendo!<\/p>\n","protected":false},"excerpt":{"rendered":"<p>Si no la hab\u00e9is visto, si no la hab\u00e9is le\u00eddo; seguro que s\u00ed hab\u00e9is o\u00eddo hablar de ella estos d\u00edas, gracias a sus encendidas, escarnecedoras y lacerantes intervenciones en televisi\u00f3n. Su nombre: Fallar\u00e1s. Cristina Fallar\u00e1s. \u00a0 Su pelo, de frondoso rojo fuego, es la perfecta encarnaci\u00f3n de una personalidad arrolladora y abrasadora, acostumbrada a hablar [&hellip;]<\/p>\n","protected":false},"author":1,"featured_media":0,"comment_status":"open","ping_status":"open","sticky":false,"template":"","format":"standard","meta":{"jetpack_post_was_ever_published":false,"_jetpack_newsletter_access":"","_jetpack_dont_email_post_to_subs":false,"_jetpack_newsletter_tier_id":0,"_jetpack_memberships_contains_paywalled_content":false,"_jetpack_memberships_contains_paid_content":false,"footnotes":""},"categories":[26,9,21],"tags":[3265,91,2096,7580,7579,7581,49,5949,7578],"class_list":["post-12924","post","type-post","status-publish","format-standard","hentry","category-interneteo","category-literarios","category-negra-y-criminal","tag-andreu-martin","tag-crisis","tag-cristina-fallaras","tag-edicion-electronica","tag-el-asesino-de-las-virgenes-negras","tag-leer-en-internet","tag-libros","tag-libros-electronicos","tag-sigue-leyendo"],"jetpack_featured_media_url":"","jetpack_sharing_enabled":true,"_links":{"self":[{"href":"https:\/\/www.granadablogs.com\/pateandoelmundo\/wp-json\/wp\/v2\/posts\/12924","targetHints":{"allow":["GET"]}}],"collection":[{"href":"https:\/\/www.granadablogs.com\/pateandoelmundo\/wp-json\/wp\/v2\/posts"}],"about":[{"href":"https:\/\/www.granadablogs.com\/pateandoelmundo\/wp-json\/wp\/v2\/types\/post"}],"author":[{"embeddable":true,"href":"https:\/\/www.granadablogs.com\/pateandoelmundo\/wp-json\/wp\/v2\/users\/1"}],"replies":[{"embeddable":true,"href":"https:\/\/www.granadablogs.com\/pateandoelmundo\/wp-json\/wp\/v2\/comments?post=12924"}],"version-history":[{"count":3,"href":"https:\/\/www.granadablogs.com\/pateandoelmundo\/wp-json\/wp\/v2\/posts\/12924\/revisions"}],"predecessor-version":[{"id":12931,"href":"https:\/\/www.granadablogs.com\/pateandoelmundo\/wp-json\/wp\/v2\/posts\/12924\/revisions\/12931"}],"wp:attachment":[{"href":"https:\/\/www.granadablogs.com\/pateandoelmundo\/wp-json\/wp\/v2\/media?parent=12924"}],"wp:term":[{"taxonomy":"category","embeddable":true,"href":"https:\/\/www.granadablogs.com\/pateandoelmundo\/wp-json\/wp\/v2\/categories?post=12924"},{"taxonomy":"post_tag","embeddable":true,"href":"https:\/\/www.granadablogs.com\/pateandoelmundo\/wp-json\/wp\/v2\/tags?post=12924"}],"curies":[{"name":"wp","href":"https:\/\/api.w.org\/{rel}","templated":true}]}}