{"id":12921,"date":"2012-11-21T18:19:15","date_gmt":"2012-11-21T17:19:15","guid":{"rendered":"http:\/\/www.granadablogs.com\/pateandoelmundo\/?p=12921"},"modified":"2012-11-21T18:19:15","modified_gmt":"2012-11-21T17:19:15","slug":"tienes-que-contarlo","status":"publish","type":"post","link":"https:\/\/www.granadablogs.com\/pateandoelmundo\/tienes-que-contarlo\/","title":{"rendered":"Tienes que contarlo"},"content":{"rendered":"<p style=\"text-align: justify;\">Publicamos la rese\u00f1a de esta novela, imprescindible, de Jos\u00e9 Sanclemente, editada por Roca, en nuestra p\u00e1gina hermana de Calibre 38.<\/p>\n<p style=\"text-align: justify;\">\n<p style=\"text-align: justify;\">Comienza as\u00ed:<\/p>\n<p style=\"text-align: justify;\">\n<p style=\"text-align: justify;\"><em><strong>Es sintom\u00e1tico, pero cada vez son m\u00e1s los periodistas que se est\u00e1n pasando a la ficci\u00f3n. Y, en concreto, al g\u00e9nero negro y criminal. \u00bfPor qu\u00e9 ser\u00e1? Hace unas semanas habl\u00e1bamos de la novela <a href=\"http:\/\/www.granadablogs.com\/pateandoelmundo\/2012\/08\/verano-en-rojo\/\" target=\"_blank\">\u201cVerano en rojo\u201d<\/a>, de Berna Gonz\u00e1lez Harbour, publicada en la Serie Negra de RBA, y hoy rese\u00f1amos \u201cTienes que contarlo\u201d, de Jos\u00e9 Sanclemente. En ambas novelas, adem\u00e1s, tanto los periodistas como la propia profesi\u00f3n tienen un protagonismo capital en la trama.<\/strong><\/em><\/p>\n<p style=\"text-align: justify;\">\n<p style=\"text-align: justify;\"><a href=\"http:\/\/revistacalibre38.wordpress.com\/2012\/11\/16\/tienes-que-contarlo-de-jose-sanclemente-por-jesus-lens\/\" target=\"_blank\">\u00a1Sigue leyendo!<\/a><\/p>\n<p style=\"text-align: justify;\">\u00a0<a href=\"http:\/\/www.granadablogs.com\/pateandoelmundo\/wp-content\/uploads\/2012\/11\/Aburridos5.jpg\"><img loading=\"lazy\" decoding=\"async\" class=\"aligncenter size-medium wp-image-12922\" title=\"Tienes que contarlo\" src=\"http:\/\/www.granadablogs.com\/pateandoelmundo\/wp-content\/uploads\/2012\/11\/Aburridos5-191x300.jpg\" alt=\"\" width=\"191\" height=\"300\" srcset=\"https:\/\/www.granadablogs.com\/pateandoelmundo\/wp-content\/uploads\/2012\/11\/Aburridos5-191x300.jpg 191w, https:\/\/www.granadablogs.com\/pateandoelmundo\/wp-content\/uploads\/2012\/11\/Aburridos5.jpg 255w\" sizes=\"auto, (max-width: 191px) 100vw, 191px\" \/><\/a><\/p>\n<p style=\"text-align: justify;\">Jes\u00fas Lens<\/p>\n<p style=\"text-align: justify;\">\n<p style=\"text-align: justify;\">Ahora, a ver qu\u00e9 publicamos el 21 de noviembre de <a href=\"http:\/\/www.granadablogs.com\/pateandoelmundo\/2008\/11\/21\/\" target=\"_blank\">2008<\/a>, <a href=\"http:\/\/www.granadablogs.com\/pateandoelmundo\/2009\/11\/21\/\" target=\"_blank\">2009<\/a>, <a href=\"http:\/\/www.granadablogs.com\/pateandoelmundo\/2010\/11\/21\/\" target=\"_blank\">2010<\/a> y <a href=\"http:\/\/www.granadablogs.com\/pateandoelmundo\/2011\/11\/21\/\" target=\"_blank\">2011<\/a><\/p>\n","protected":false},"excerpt":{"rendered":"<p>Publicamos la rese\u00f1a de esta novela, imprescindible, de Jos\u00e9 Sanclemente, editada por Roca, en nuestra p\u00e1gina hermana de Calibre 38. Comienza as\u00ed: Es sintom\u00e1tico, pero cada vez son m\u00e1s los periodistas que se est\u00e1n pasando a la ficci\u00f3n. Y, en concreto, al g\u00e9nero negro y criminal. \u00bfPor qu\u00e9 ser\u00e1? Hace unas semanas habl\u00e1bamos de la [&hellip;]<\/p>\n","protected":false},"author":1,"featured_media":0,"comment_status":"open","ping_status":"open","sticky":false,"template":"","format":"standard","meta":{"jetpack_post_was_ever_published":false,"_jetpack_newsletter_access":"","_jetpack_dont_email_post_to_subs":false,"_jetpack_newsletter_tier_id":0,"_jetpack_memberships_contains_paywalled_content":false,"_jetpack_memberships_contains_paid_content":false,"footnotes":""},"categories":[21],"tags":[7577,7574,7576,21,7575,581,6617],"class_list":["post-12921","post","type-post","status-publish","format-standard","hentry","category-negra-y-criminal","tag-crisis-periodismo","tag-jose-sanclemente","tag-letras-negras","tag-negra-y-criminal","tag-periodismo-y-novela-negra","tag-roca-editorial","tag-tienes-que-contarlo"],"jetpack_featured_media_url":"","jetpack_sharing_enabled":true,"_links":{"self":[{"href":"https:\/\/www.granadablogs.com\/pateandoelmundo\/wp-json\/wp\/v2\/posts\/12921","targetHints":{"allow":["GET"]}}],"collection":[{"href":"https:\/\/www.granadablogs.com\/pateandoelmundo\/wp-json\/wp\/v2\/posts"}],"about":[{"href":"https:\/\/www.granadablogs.com\/pateandoelmundo\/wp-json\/wp\/v2\/types\/post"}],"author":[{"embeddable":true,"href":"https:\/\/www.granadablogs.com\/pateandoelmundo\/wp-json\/wp\/v2\/users\/1"}],"replies":[{"embeddable":true,"href":"https:\/\/www.granadablogs.com\/pateandoelmundo\/wp-json\/wp\/v2\/comments?post=12921"}],"version-history":[{"count":1,"href":"https:\/\/www.granadablogs.com\/pateandoelmundo\/wp-json\/wp\/v2\/posts\/12921\/revisions"}],"predecessor-version":[{"id":12923,"href":"https:\/\/www.granadablogs.com\/pateandoelmundo\/wp-json\/wp\/v2\/posts\/12921\/revisions\/12923"}],"wp:attachment":[{"href":"https:\/\/www.granadablogs.com\/pateandoelmundo\/wp-json\/wp\/v2\/media?parent=12921"}],"wp:term":[{"taxonomy":"category","embeddable":true,"href":"https:\/\/www.granadablogs.com\/pateandoelmundo\/wp-json\/wp\/v2\/categories?post=12921"},{"taxonomy":"post_tag","embeddable":true,"href":"https:\/\/www.granadablogs.com\/pateandoelmundo\/wp-json\/wp\/v2\/tags?post=12921"}],"curies":[{"name":"wp","href":"https:\/\/api.w.org\/{rel}","templated":true}]}}