{"id":12851,"date":"2012-11-12T19:43:41","date_gmt":"2012-11-12T18:43:41","guid":{"rendered":"http:\/\/www.granadablogs.com\/pateandoelmundo\/?p=12851"},"modified":"2012-11-12T19:43:41","modified_gmt":"2012-11-12T18:43:41","slug":"el-mundo-es-nuestro-exhibicion-alternativa","status":"publish","type":"post","link":"https:\/\/www.granadablogs.com\/pateandoelmundo\/el-mundo-es-nuestro-exhibicion-alternativa\/","title":{"rendered":"El mundo es nuestro: exhibici\u00f3n alternativa"},"content":{"rendered":"<p style=\"text-align: justify;\">Nadie lo ha dicho, pero cuando publiqu\u00e9 <a href=\"http:\/\/www.granadablogs.com\/pateandoelmundo\/2012\/11\/me-lo-explicas\/\" target=\"_blank\">estas notas sobre los precios de las entradas de cine<\/a>, esperaba que alguien hubiera se\u00f1alado una pel\u00edcula que est\u00e1 rompiendo esquemas en todo lo referente a producci\u00f3n, promoci\u00f3n y exhibici\u00f3n: la muy universalmente sevillana \u201cEl mundo es nuestro\u201d, cuyo estreno celebramos <a href=\"http:\/\/www.granadablogs.com\/pateandoelmundo\/2012\/07\/el-mundo-es-nuestro-2\/\" target=\"_blank\">en esta entrada<\/a>.<\/p>\n<p style=\"text-align: justify;\">\n<p style=\"text-align: justify;\">\u00bfLa has visto? \u00bfNo?<\/p>\n<p style=\"text-align: justify;\">\n<p style=\"text-align: justify;\">Pues ya no tienes excusa.<\/p>\n<p style=\"text-align: justify;\">\n<p style=\"text-align: justify;\">Porque apenas cuatro meses despu\u00e9s de su estreno en las salas de cine, la pel\u00edcula est\u00e1 a la venta, por el m\u00f3dico precio de 6 euros, en todos los kioscos del pa\u00eds.<\/p>\n<p style=\"text-align: justify;\">\n<p style=\"text-align: justify;\">Y est\u00e1 on line, por iTunes y Filmin, a 3 euros.<\/p>\n<p style=\"text-align: justify;\">\u00a0<a href=\"http:\/\/www.granadablogs.com\/pateandoelmundo\/wp-content\/uploads\/2012\/11\/Aburridos3.jpg\"><img loading=\"lazy\" decoding=\"async\" class=\"aligncenter size-medium wp-image-12852\" title=\"El Mundo es nuestro\" src=\"http:\/\/www.granadablogs.com\/pateandoelmundo\/wp-content\/uploads\/2012\/11\/Aburridos3-300x111.jpg\" alt=\"\" width=\"300\" height=\"111\" srcset=\"https:\/\/www.granadablogs.com\/pateandoelmundo\/wp-content\/uploads\/2012\/11\/Aburridos3-300x111.jpg 300w, https:\/\/www.granadablogs.com\/pateandoelmundo\/wp-content\/uploads\/2012\/11\/Aburridos3.jpg 843w\" sizes=\"auto, (max-width: 300px) 100vw, 300px\" \/><\/a><\/p>\n<p style=\"text-align: justify;\">O sea, que no hay excusa para no verla, c\u00f3moda y legalmente.<\/p>\n<p style=\"text-align: justify;\">\n<p style=\"text-align: justify;\">Pero es que, adem\u00e1s, m\u00e1s de 120.000 personas ya han disfrutado las correr\u00edas del Cabesa y el Culebra en el cine.<\/p>\n<p style=\"text-align: justify;\">\n<p style=\"text-align: justify;\">\u00bfS\u00ed? \u00bfDe verdad? \u00bfY eso?<\/p>\n<p style=\"text-align: justify;\">\n<p style=\"text-align: justify;\">Pues porque, tras el estreno normal y tras aguantar en cartelera una semana o dos, como la mayor\u00eda de las pel\u00edculas espa\u00f1olas, europeas, orientes y sudamericanas; fue reestrenada, en algunas salas concretas, a 2 euros la entrada.<\/p>\n<p style=\"text-align: justify;\">\n<p style=\"text-align: justify;\">Salas a las que iban, de vez en cuando, los actores y el equipo t\u00e9cnico de la pel\u00edcula, a encontrarse con los espectadores, a intercambiar opiniones, hacerse fotos y echarse unas risas. Salas que, en contraste con el p\u00e1ramos que son los cines entre semana, se han llenado.<\/p>\n<p style=\"text-align: justify;\">\u00a0<a href=\"http:\/\/www.granadablogs.com\/pateandoelmundo\/wp-content\/uploads\/2012\/11\/09h4.jpg\"><img loading=\"lazy\" decoding=\"async\" class=\"aligncenter size-medium wp-image-12853\" title=\"El mundo es nuestro\" src=\"http:\/\/www.granadablogs.com\/pateandoelmundo\/wp-content\/uploads\/2012\/11\/09h4-300x224.jpg\" alt=\"\" width=\"300\" height=\"224\" srcset=\"https:\/\/www.granadablogs.com\/pateandoelmundo\/wp-content\/uploads\/2012\/11\/09h4-300x224.jpg 300w, https:\/\/www.granadablogs.com\/pateandoelmundo\/wp-content\/uploads\/2012\/11\/09h4-1024x764.jpg 1024w, https:\/\/www.granadablogs.com\/pateandoelmundo\/wp-content\/uploads\/2012\/11\/09h4.jpg 1600w\" sizes=\"auto, (max-width: 300px) 100vw, 300px\" \/><\/a><\/p>\n<p style=\"text-align: justify;\">He estado siguiendo el largo y c\u00e1lido verano del equipo de \u201cEl mundo es nuestro\u201d, a trav\u00e9s de las Redes Sociales, de estaci\u00f3n de tren en estaci\u00f3n de autob\u00fas o quemando llantas en madrugadas eternas, para defender y difundir una pel\u00edcula valiente, divertida, ingeniosa y m\u00e1s que recomendable.<\/p>\n<p style=\"text-align: justify;\">\n<p style=\"text-align: justify;\">Una pel\u00edcula cuya producci\u00f3n cont\u00f3 con el decidido apoyo de decenas de peque\u00f1os productores, micromecenas e inversores enteristas que creyeron en el proyecto. Un proyecto que podr\u00eda haberse malogrado, de no ser por el empe\u00f1o de la gente que lo ha levantado, que lo ha hecho triunfar. \u00a1Y a\u00fan hay que esperar a los Goya, que puede volver a darle vida, ya en el 2013!<\/p>\n<p style=\"text-align: justify;\">\n<p style=\"text-align: justify;\">Ellos creyeron. Y se han batido el cobre, plaza por plaza; cinta por cinta; pueblo por pueblo; barrio por barrio. Seguro que hubieran preferido estar tomando unas ca\u00f1as en El Serranito. O viendo otras pel\u00edculas, leyendo\u2026 o, por supuesto, trabajando en nuevos proyectos.<\/p>\n<p style=\"text-align: justify;\">\u00a0<a href=\"http:\/\/www.granadablogs.com\/pateandoelmundo\/wp-content\/uploads\/2012\/11\/Asesinato-en-el-Kremlin.jpg\"><img loading=\"lazy\" decoding=\"async\" class=\"aligncenter size-medium wp-image-12854\" title=\"El mundo es nuestro\" src=\"http:\/\/www.granadablogs.com\/pateandoelmundo\/wp-content\/uploads\/2012\/11\/Asesinato-en-el-Kremlin-225x300.jpg\" alt=\"\" width=\"225\" height=\"300\" srcset=\"https:\/\/www.granadablogs.com\/pateandoelmundo\/wp-content\/uploads\/2012\/11\/Asesinato-en-el-Kremlin-225x300.jpg 225w, https:\/\/www.granadablogs.com\/pateandoelmundo\/wp-content\/uploads\/2012\/11\/Asesinato-en-el-Kremlin.jpg 720w\" sizes=\"auto, (max-width: 225px) 100vw, 225px\" \/><\/a><\/p>\n<p style=\"text-align: justify;\">Pero, como buenos trabajadores del arte y currantes del cine, Alfonso S\u00e1nchez y el resto de enteristas han pasado m\u00e1s de medio a\u00f1o, desde que la pel\u00edcula fue exitosamente estrenada en el Festival de M\u00e1laga, viviendo on the road y dando juego y espect\u00e1culo para promocionar su pel\u00edcula.<\/p>\n<p style=\"text-align: justify;\">\n<p style=\"text-align: justify;\">Una pel\u00edcula que, como ya sab\u00e9is, habla de un atraco a un banco y est\u00e1 contextualizada en lo m\u00e1s crudo de esta crisis que nos est\u00e1 corroyendo. Y lo que lo est\u00e1 cambiando todo. Para mal, en general. Aunque con particularidades. Como las que nos proporciona el Cine de Guerrillas, que puede tener que ver con <a href=\"http:\/\/www.granadablogs.com\/pateandoelmundo\/2012\/11\/el-cine-una-revolucion-permanente\/\" target=\"_blank\">estas notas sobre las c\u00e1maras y la digitalizaci\u00f3n<\/a>.<\/p>\n<p style=\"text-align: justify;\">\n<figure id=\"attachment_12855\" aria-describedby=\"caption-attachment-12855\" style=\"width: 300px\" class=\"wp-caption aligncenter\"><a href=\"http:\/\/www.granadablogs.com\/pateandoelmundo\/wp-content\/uploads\/2012\/11\/Aniversario-El-Padrino2.jpg\"><img loading=\"lazy\" decoding=\"async\" class=\"size-medium wp-image-12855\" title=\"El mundo es nuestro\" src=\"http:\/\/www.granadablogs.com\/pateandoelmundo\/wp-content\/uploads\/2012\/11\/Aniversario-El-Padrino2-300x167.jpg\" alt=\"\" width=\"300\" height=\"167\" srcset=\"https:\/\/www.granadablogs.com\/pateandoelmundo\/wp-content\/uploads\/2012\/11\/Aniversario-El-Padrino2-300x167.jpg 300w, https:\/\/www.granadablogs.com\/pateandoelmundo\/wp-content\/uploads\/2012\/11\/Aniversario-El-Padrino2-1024x570.jpg 1024w, https:\/\/www.granadablogs.com\/pateandoelmundo\/wp-content\/uploads\/2012\/11\/Aniversario-El-Padrino2.jpg 1276w\" sizes=\"auto, (max-width: 300px) 100vw, 300px\" \/><\/a><figcaption id=\"caption-attachment-12855\" class=\"wp-caption-text\">Tranquilos. Los aut\u00e9nticos Hombres de Negro son mucho m\u00e1s peligrosos<\/figcaption><\/figure>\n<p style=\"text-align: justify;\">Una pel\u00edcula que hay que ver.<\/p>\n<p style=\"text-align: justify;\">\n<p style=\"text-align: justify;\">Y, ahora, no hay excusa.<\/p>\n<p style=\"text-align: justify;\">\n<p style=\"text-align: justify;\">Jes\u00fas Lens. Enterista. Y discutidor de cine.<\/p>\n<p style=\"text-align: justify;\">\n<p style=\"text-align: justify;\">Veamos los 12 de noviembre de <a href=\"http:\/\/www.granadablogs.com\/pateandoelmundo\/2008\/11\/12\/\" target=\"_blank\">2008<\/a>, <a href=\"http:\/\/www.granadablogs.com\/pateandoelmundo\/2009\/11\/12\/\" target=\"_blank\">2009<\/a>, <a href=\"http:\/\/www.granadablogs.com\/pateandoelmundo\/2010\/11\/12\/\" target=\"_blank\">2010<\/a> y <a href=\"http:\/\/www.granadablogs.com\/pateandoelmundo\/2011\/11\/12\/\" target=\"_blank\">2011<\/a>.<\/p>\n","protected":false},"excerpt":{"rendered":"<p>Nadie lo ha dicho, pero cuando publiqu\u00e9 estas notas sobre los precios de las entradas de cine, esperaba que alguien hubiera se\u00f1alado una pel\u00edcula que est\u00e1 rompiendo esquemas en todo lo referente a producci\u00f3n, promoci\u00f3n y exhibici\u00f3n: la muy universalmente sevillana \u201cEl mundo es nuestro\u201d, cuyo estreno celebramos en esta entrada. \u00bfLa has visto? \u00bfNo? [&hellip;]<\/p>\n","protected":false},"author":1,"featured_media":0,"comment_status":"open","ping_status":"open","sticky":false,"template":"","format":"standard","meta":{"jetpack_post_was_ever_published":false,"_jetpack_newsletter_access":"","_jetpack_dont_email_post_to_subs":false,"_jetpack_newsletter_tier_id":0,"_jetpack_memberships_contains_paywalled_content":false,"_jetpack_memberships_contains_paid_content":false,"footnotes":""},"categories":[10],"tags":[],"class_list":["post-12851","post","type-post","status-publish","format-standard","hentry","category-cine"],"jetpack_featured_media_url":"","jetpack_sharing_enabled":true,"_links":{"self":[{"href":"https:\/\/www.granadablogs.com\/pateandoelmundo\/wp-json\/wp\/v2\/posts\/12851","targetHints":{"allow":["GET"]}}],"collection":[{"href":"https:\/\/www.granadablogs.com\/pateandoelmundo\/wp-json\/wp\/v2\/posts"}],"about":[{"href":"https:\/\/www.granadablogs.com\/pateandoelmundo\/wp-json\/wp\/v2\/types\/post"}],"author":[{"embeddable":true,"href":"https:\/\/www.granadablogs.com\/pateandoelmundo\/wp-json\/wp\/v2\/users\/1"}],"replies":[{"embeddable":true,"href":"https:\/\/www.granadablogs.com\/pateandoelmundo\/wp-json\/wp\/v2\/comments?post=12851"}],"version-history":[{"count":1,"href":"https:\/\/www.granadablogs.com\/pateandoelmundo\/wp-json\/wp\/v2\/posts\/12851\/revisions"}],"predecessor-version":[{"id":12856,"href":"https:\/\/www.granadablogs.com\/pateandoelmundo\/wp-json\/wp\/v2\/posts\/12851\/revisions\/12856"}],"wp:attachment":[{"href":"https:\/\/www.granadablogs.com\/pateandoelmundo\/wp-json\/wp\/v2\/media?parent=12851"}],"wp:term":[{"taxonomy":"category","embeddable":true,"href":"https:\/\/www.granadablogs.com\/pateandoelmundo\/wp-json\/wp\/v2\/categories?post=12851"},{"taxonomy":"post_tag","embeddable":true,"href":"https:\/\/www.granadablogs.com\/pateandoelmundo\/wp-json\/wp\/v2\/tags?post=12851"}],"curies":[{"name":"wp","href":"https:\/\/api.w.org\/{rel}","templated":true}]}}