{"id":12845,"date":"2012-11-12T12:31:13","date_gmt":"2012-11-12T11:31:13","guid":{"rendered":"http:\/\/www.granadablogs.com\/pateandoelmundo\/?p=12845"},"modified":"2012-11-12T12:31:13","modified_gmt":"2012-11-12T11:31:13","slug":"si-el-guerrero-hablara","status":"publish","type":"post","link":"https:\/\/www.granadablogs.com\/pateandoelmundo\/si-el-guerrero-hablara\/","title":{"rendered":"Si el Guerrero hablara&#8230;"},"content":{"rendered":"<p style=\"text-align: justify;\">\u00a1Lo mucho que tendr\u00eda que contar, el Guerrero, si hablara! Bueno, el Guerrero y, tambi\u00e9n, el Mir\u00f3, el Chillida o el Barcel\u00f3 que Rajoy tiene en su despacho y en las salas aleda\u00f1as de la Moncloa.<\/p>\n<p style=\"text-align: justify;\">Hace unos d\u00edas, cuando Oli Rehn estuvo departiendo con Rajoy para recordarle que el rescate de Espa\u00f1a est\u00e1 preparado, listo y a la espera del \u00a1ya!, vimos unas fotograf\u00edas de su encuentro en las que ambos mandatarios aparec\u00edan sentados en unos sillones inmaculadamente blancos, vestidos con traje y corbata oscuros sobre camisa\u2026 blanca. El \u00fanico destello de color en esa imagen era el de un cuadro abstracto que combinaba vivos azules con naranjas abrasadores y toques de amarillo.<\/p>\n<p style=\"text-align: justify;\"><a href=\"http:\/\/www.granadablogs.com\/pateandoelmundo\/wp-content\/uploads\/2012\/11\/BadaBing3.jpg\"><img loading=\"lazy\" decoding=\"async\" class=\"aligncenter size-medium wp-image-12846\" title=\"Rajoy Oli y el arte contempor\u00e1neo\" src=\"http:\/\/www.granadablogs.com\/pateandoelmundo\/wp-content\/uploads\/2012\/11\/BadaBing3-300x224.jpg\" alt=\"\" width=\"300\" height=\"224\" srcset=\"https:\/\/www.granadablogs.com\/pateandoelmundo\/wp-content\/uploads\/2012\/11\/BadaBing3-300x224.jpg 300w, https:\/\/www.granadablogs.com\/pateandoelmundo\/wp-content\/uploads\/2012\/11\/BadaBing3.jpg 619w\" sizes=\"auto, (max-width: 300px) 100vw, 300px\" \/><\/a><\/p>\n<p style=\"text-align: justify;\">Parece mentira, pero Europa ha vuelto sobre sus pasos y se encuentra inmersa en aquel neorrealismo italiano de mitad del siglo XX que, a trav\u00e9s de un demoledor y descriptivo blanco y negro, narraba la miseria, la pobreza, el dolor y la desesperaci\u00f3n de la sociedad. Las fotograf\u00edas del NYT, tan criticadas, reflejan a la perfecci\u00f3n la grisura, la negritud de la deriva a la que la severa austeridad teutona nos est\u00e1 conduciendo.<\/p>\n<p style=\"text-align: justify;\">Una grisura que apreciamos en las barbas de Rajoy, en sus trajes y en sus discursos y alocuciones. Discursos y alocuciones que, en realidad, solo nos podr\u00edan contar el Guerrero que cuelga de las paredes de su despacho ya que el gallego, de puertas para fuera, hace mutis por el foro. \u201cSerie Sur con Rojo\u201d, es el t\u00edtulo de un cuadro que, adem\u00e1s del rojo sangre, combina distintas tonalidades de azul y morado y que se erigen es los \u00fanicos rastros de color en las instant\u00e1neas que nos llegan de Moncloa.<\/p>\n<p style=\"text-align: justify;\"><a href=\"http:\/\/www.granadablogs.com\/pateandoelmundo\/wp-content\/uploads\/2012\/11\/Cafe-Bar-Cinema-Presentaci\u00f3n21.jpg\"><img loading=\"lazy\" decoding=\"async\" class=\"aligncenter size-full wp-image-12847\" title=\"Serie Sur con Rojo\" src=\"http:\/\/www.granadablogs.com\/pateandoelmundo\/wp-content\/uploads\/2012\/11\/Cafe-Bar-Cinema-Presentaci\u00f3n21.jpg\" alt=\"\" width=\"300\" height=\"203\" \/><\/a><\/p>\n<p style=\"text-align: justify;\">\u00bfDe qu\u00e9 hablar\u00e1, en la intimidad, Rajoy con Rehn, con Merkell y con Hollande? \u00bfQu\u00e9 se contar\u00e1n el presidente y sus ministros y asesores? Los ciudadanos no lo sabemos. Los cuadros, s\u00ed. Estoy pensando, una tarde de estas, subir a la planta m\u00e1s alta de nuestro Centro Jos\u00e9 Guerrero, en la que se expone la colecci\u00f3n permanente de la obra del pintor granadino, y sentarme frente a su monumental \u201cLa brecha de V\u00edznar\u201d, por ejemplo, para tratar de ponerme en el lugar de Rajoy durante unos instantes.<\/p>\n<p style=\"text-align: justify;\">No tiene que ser f\u00e1cil, desde luego. No tiene que ser f\u00e1cil para el Guerrero de la Moncloa ver c\u00f3mo ese hombre, el presidente que cavila, piensa, pregunta y discute frente a \u00e9l, termina tomando decisiones tan sangrantes como la de recortar el presupuesto de Cultura en un 20%, nada menos.<\/p>\n<p style=\"text-align: justify;\"><a href=\"http:\/\/www.granadablogs.com\/pateandoelmundo\/wp-content\/uploads\/2012\/11\/Calma.jpg\"><img loading=\"lazy\" decoding=\"async\" class=\"aligncenter size-full wp-image-12848\" title=\"La brecha de V\u00edznar\" src=\"http:\/\/www.granadablogs.com\/pateandoelmundo\/wp-content\/uploads\/2012\/11\/Calma.jpg\" alt=\"\" width=\"335\" height=\"251\" srcset=\"https:\/\/www.granadablogs.com\/pateandoelmundo\/wp-content\/uploads\/2012\/11\/Calma.jpg 335w, https:\/\/www.granadablogs.com\/pateandoelmundo\/wp-content\/uploads\/2012\/11\/Calma-300x224.jpg 300w\" sizes=\"auto, (max-width: 335px) 100vw, 335px\" \/><\/a><\/p>\n<p style=\"text-align: justify;\">Y no deja de ser sintom\u00e1tico que el ejecutivo la haya emprendido a machetazos, hachazos y tijeretazos con la \u00fanica disciplina que le aporta un rayo de luz y una explosi\u00f3n de color a su ajado aspecto triste, desmejorado y macilento. Habr\u00e1 que fijarse de aqu\u00ed en adelante, pero es muy probable que los Guerrero, Chillida y Mir\u00f3 luzcan menos brillantes y m\u00e1s apagados, a partir de ahora, en las fotos de Rajoy. Como si desti\u00f1eran.<\/p>\n<p style=\"text-align: justify;\">Jes\u00fas Lens<\/p>\n","protected":false},"excerpt":{"rendered":"<p>\u00a1Lo mucho que tendr\u00eda que contar, el Guerrero, si hablara! Bueno, el Guerrero y, tambi\u00e9n, el Mir\u00f3, el Chillida o el Barcel\u00f3 que Rajoy tiene en su despacho y en las salas aleda\u00f1as de la Moncloa. Hace unos d\u00edas, cuando Oli Rehn estuvo departiendo con Rajoy para recordarle que el rescate de Espa\u00f1a est\u00e1 preparado, [&hellip;]<\/p>\n","protected":false},"author":1,"featured_media":0,"comment_status":"open","ping_status":"open","sticky":false,"template":"","format":"standard","meta":{"jetpack_post_was_ever_published":false,"_jetpack_newsletter_access":"","_jetpack_dont_email_post_to_subs":false,"_jetpack_newsletter_tier_id":0,"_jetpack_memberships_contains_paywalled_content":false,"_jetpack_memberships_contains_paid_content":false,"footnotes":""},"categories":[33,6],"tags":[33,970,7533,7535,7534,7532],"class_list":["post-12845","post","type-post","status-publish","format-standard","hentry","category-arte","category-opinion","tag-arte","tag-jose-guerrero","tag-la-brecha-de-viznar","tag-presupuesto-cultural","tag-recortes-cultural","tag-serie-sur-con-rojo"],"jetpack_featured_media_url":"","jetpack_sharing_enabled":true,"_links":{"self":[{"href":"https:\/\/www.granadablogs.com\/pateandoelmundo\/wp-json\/wp\/v2\/posts\/12845","targetHints":{"allow":["GET"]}}],"collection":[{"href":"https:\/\/www.granadablogs.com\/pateandoelmundo\/wp-json\/wp\/v2\/posts"}],"about":[{"href":"https:\/\/www.granadablogs.com\/pateandoelmundo\/wp-json\/wp\/v2\/types\/post"}],"author":[{"embeddable":true,"href":"https:\/\/www.granadablogs.com\/pateandoelmundo\/wp-json\/wp\/v2\/users\/1"}],"replies":[{"embeddable":true,"href":"https:\/\/www.granadablogs.com\/pateandoelmundo\/wp-json\/wp\/v2\/comments?post=12845"}],"version-history":[{"count":2,"href":"https:\/\/www.granadablogs.com\/pateandoelmundo\/wp-json\/wp\/v2\/posts\/12845\/revisions"}],"predecessor-version":[{"id":12850,"href":"https:\/\/www.granadablogs.com\/pateandoelmundo\/wp-json\/wp\/v2\/posts\/12845\/revisions\/12850"}],"wp:attachment":[{"href":"https:\/\/www.granadablogs.com\/pateandoelmundo\/wp-json\/wp\/v2\/media?parent=12845"}],"wp:term":[{"taxonomy":"category","embeddable":true,"href":"https:\/\/www.granadablogs.com\/pateandoelmundo\/wp-json\/wp\/v2\/categories?post=12845"},{"taxonomy":"post_tag","embeddable":true,"href":"https:\/\/www.granadablogs.com\/pateandoelmundo\/wp-json\/wp\/v2\/tags?post=12845"}],"curies":[{"name":"wp","href":"https:\/\/api.w.org\/{rel}","templated":true}]}}