{"id":12706,"date":"2012-10-24T11:24:30","date_gmt":"2012-10-24T10:24:30","guid":{"rendered":"http:\/\/www.granadablogs.com\/pateandoelmundo\/?p=12706"},"modified":"2012-10-24T12:53:19","modified_gmt":"2012-10-24T11:53:19","slug":"disenando-cafeteras","status":"publish","type":"post","link":"https:\/\/www.granadablogs.com\/pateandoelmundo\/disenando-cafeteras\/","title":{"rendered":"Dise\u00f1ando cafeteras"},"content":{"rendered":"<p style=\"text-align: justify;\">Nuestro amigo Oli, cuyo trabajo soportado por las nuevas tecnolog\u00edas ya nos gust\u00f3 el pasado verano, en Salobre\u00f1a, <a href=\"http:\/\/www.granadablogs.com\/pateandoelmundo\/2012\/08\/garabatos-digitales-y-nuevas-tendencias-en-salobrena\/\" target=\"_blank\">tal y como contamos aqu\u00ed<\/a>, representa a la Marca Espa\u00f1a en una interesante iniciativa entre lo art\u00edstico y lo comercial: dise\u00f1ar una cafetera.<\/p>\n<p style=\"text-align: justify;\"><a href=\"http:\/\/www.granadablogs.com\/pateandoelmundo\/wp-content\/uploads\/2012\/10\/Oli-21.bmp\"><img decoding=\"async\" class=\"aligncenter size-full wp-image-12708\" title=\"Oli 2\" src=\"http:\/\/www.granadablogs.com\/pateandoelmundo\/wp-content\/uploads\/2012\/10\/Oli-21.bmp\" alt=\"\" \/><\/a><\/p>\n<p style=\"text-align: justify;\">Tras haberse impuesto entre todos los aspirantes espa\u00f1oles, Oli compite ahora en la Champion`s League europea. Y necesita de nuestro voto y apoyo.<\/p>\n<p style=\"text-align: justify;\"><a href=\"http:\/\/www.facebook.com\/#!\/DolceGustoEs?sk=app_342192079206615&amp;fb_source=message\" target=\"_blank\">Aqu\u00ed, la informaci\u00f3n y la posibilidad de votar<\/a>.<\/p>\n<p style=\"text-align: justify;\">Le pregunto a Oli por el origen de la idea y el proyecto y me contesta: <em><strong>\u201cMe licenci\u00e9 en bellas artes en la universidad de Granada, estoy terminando la tesis doctoral con un proyecto al que pertenece el dise\u00f1o de la cafetera: una fusi\u00f3n de t\u00e9cnicas pl\u00e1sticas con el dise\u00f1o mediante creaciones digitales y pict\u00f3ricas. Acerc\u00e1ndonos a las nuevas tecnolog\u00edas digitales.\u201d<\/strong><\/em><\/p>\n<p style=\"text-align: justify;\">Y contin\u00faa hablando de su trayectoria: <em><strong>\u201cComo pintor he recibido varios premios como paisajista urbano, por lo que el tema de este proyecto abarca el concepto de ciudad como definici\u00f3n, seleccionando elementos de la urbe para conseguir plasmar una ciudad que pueda representarlas a todas. Como consecuencia, las perspectivas subieron, observando las ciudades desde el cielo, lo que descaracterizaba la visi\u00f3n habitual de la ciudad, pudiendo ser cualquiera que deseemos. Y tambi\u00e9n permite jugar imaginativamente con los ritmos en las formas de los tejados, terrazas y crear sensaciones mediante el color.\u201d<\/strong><\/em><\/p>\n<p style=\"text-align: justify;\"><a href=\"http:\/\/www.granadablogs.com\/pateandoelmundo\/wp-content\/uploads\/2012\/10\/Oli-1.bmp\"><img decoding=\"async\" class=\"aligncenter size-full wp-image-12709\" title=\"Oli 1\" src=\"http:\/\/www.granadablogs.com\/pateandoelmundo\/wp-content\/uploads\/2012\/10\/Oli-1.bmp\" alt=\"\" \/><\/a><\/p>\n<p style=\"text-align: justify;\">Es curioso. Hace unos meses, cuando volv\u00eda a casa en bicicleta de alg\u00fan sitio m\u00e1s o menos alejado del Zaid\u00edn, pasaba frente a una galer\u00eda de arte que se encuentra al principio de la Avenida de C\u00e1diz. Hab\u00eda unos cuadros colgados que me llamaban la atenci\u00f3n\u00a0incluso mientras\u00a0pedaleba. Cuadros de edificios y ciudades, desde unas perspectivas extra\u00f1as, como si el mism\u00edsimo Antonio L\u00f3pez se hubiera subido en un globo o volara en ala delta para, despu\u00e9s, pintar lo que ve\u00eda. Entonces no sab\u00eda qui\u00e9n era el autor de esos cuadros. Hoy s\u00ed: casualente, Oli. \u00a0<\/p>\n<p style=\"text-align: justify;\">\u00a0<\/p>\n<p style=\"text-align: justify;\">Y ahora vamos con el tema del caf\u00e9, algo que para m\u00ed, que he escrito un libro titulado \u201cCaf\u00e9-Bar Cinema\u201d, resulta especialmente interesante: <em><strong>\u201cesta cafetera representa las charlas del caf\u00e9 de la tarde, que siempre me han llenado de ideas art\u00edsticas la cabeza. Este es, b\u00e1sicamente, el proceso de creaci\u00f3n, que viene de muy largo, ya que llevo trabajando en ello unos cinco a\u00f1os\u201d.<\/strong><\/em><\/p>\n<p style=\"text-align: justify;\">Cinco a\u00f1os que fructifican, entre otras cosas, en este concurso que cuenta con toda nuestra complicidad y apoyo.<\/p>\n<p style=\"text-align: justify;\">\u00bfVotas?<\/p>\n<p style=\"text-align: justify;\">Jes\u00fas <em><strong>olien\u00edgen<\/strong><strong>a<\/strong><\/em> Lens<\/p>\n","protected":false},"excerpt":{"rendered":"<p>Nuestro amigo Oli, cuyo trabajo soportado por las nuevas tecnolog\u00edas ya nos gust\u00f3 el pasado verano, en Salobre\u00f1a, tal y como contamos aqu\u00ed, representa a la Marca Espa\u00f1a en una interesante iniciativa entre lo art\u00edstico y lo comercial: dise\u00f1ar una cafetera. Tras haberse impuesto entre todos los aspirantes espa\u00f1oles, Oli compite ahora en la Champion`s [&hellip;]<\/p>\n","protected":false},"author":1,"featured_media":0,"comment_status":"open","ping_status":"open","sticky":false,"template":"","format":"standard","meta":{"jetpack_post_was_ever_published":false,"_jetpack_newsletter_access":"","_jetpack_dont_email_post_to_subs":false,"_jetpack_newsletter_tier_id":0,"_jetpack_memberships_contains_paywalled_content":false,"_jetpack_memberships_contains_paid_content":false,"footnotes":""},"categories":[33],"tags":[33,7435,7434,7432,7433,7436,7431],"class_list":["post-12706","post","type-post","status-publish","format-standard","hentry","category-arte","tag-arte","tag-artistas-plasticos","tag-dolce-gusto","tag-francisco-olivares-gonzalez","tag-nescafe","tag-nuevas-tecnologias-arte","tag-oli"],"jetpack_featured_media_url":"","jetpack_sharing_enabled":true,"_links":{"self":[{"href":"https:\/\/www.granadablogs.com\/pateandoelmundo\/wp-json\/wp\/v2\/posts\/12706","targetHints":{"allow":["GET"]}}],"collection":[{"href":"https:\/\/www.granadablogs.com\/pateandoelmundo\/wp-json\/wp\/v2\/posts"}],"about":[{"href":"https:\/\/www.granadablogs.com\/pateandoelmundo\/wp-json\/wp\/v2\/types\/post"}],"author":[{"embeddable":true,"href":"https:\/\/www.granadablogs.com\/pateandoelmundo\/wp-json\/wp\/v2\/users\/1"}],"replies":[{"embeddable":true,"href":"https:\/\/www.granadablogs.com\/pateandoelmundo\/wp-json\/wp\/v2\/comments?post=12706"}],"version-history":[{"count":7,"href":"https:\/\/www.granadablogs.com\/pateandoelmundo\/wp-json\/wp\/v2\/posts\/12706\/revisions"}],"predecessor-version":[{"id":12711,"href":"https:\/\/www.granadablogs.com\/pateandoelmundo\/wp-json\/wp\/v2\/posts\/12706\/revisions\/12711"}],"wp:attachment":[{"href":"https:\/\/www.granadablogs.com\/pateandoelmundo\/wp-json\/wp\/v2\/media?parent=12706"}],"wp:term":[{"taxonomy":"category","embeddable":true,"href":"https:\/\/www.granadablogs.com\/pateandoelmundo\/wp-json\/wp\/v2\/categories?post=12706"},{"taxonomy":"post_tag","embeddable":true,"href":"https:\/\/www.granadablogs.com\/pateandoelmundo\/wp-json\/wp\/v2\/tags?post=12706"}],"curies":[{"name":"wp","href":"https:\/\/api.w.org\/{rel}","templated":true}]}}