{"id":12594,"date":"2012-10-11T09:04:49","date_gmt":"2012-10-11T08:04:49","guid":{"rendered":"http:\/\/www.granadablogs.com\/pateandoelmundo\/?p=12594"},"modified":"2012-10-11T11:45:06","modified_gmt":"2012-10-11T10:45:06","slug":"caso-cerrado","status":"publish","type":"post","link":"https:\/\/www.granadablogs.com\/pateandoelmundo\/caso-cerrado\/","title":{"rendered":"Caso cerrado"},"content":{"rendered":"<p style=\"text-align: justify;\">Esta tarde, en el Teatro CajaGRANADA,\u00a0a las 19.30 horas, se presenta la novela \u00abCaso cerrado\u00bb, de C\u00e9sar Gir\u00f3n, ganadora del Premio Ciudad de Carmona de Novela Negra, del que tuve el honor y la suerte de ser jurado. Una ocasi\u00f3n excelente de conocer algo m\u00e1s de la historia negra de Granada. Y es que, como decimos en <a href=\"http:\/\/revistacalibre38.wordpress.com\/2012\/10\/11\/caso-cerrado-de-cesar-giron-por-jesus-lens\/\">esta rese\u00f1a que publicamos en La Balacera<\/a>, las ciudades con Historia tienen muchas historias. Y algunas, muy negras y criminales. Como la que nos cuenta el abogado granadino.<\/p>\n<p style=\"text-align: justify;\"><a href=\"http:\/\/www.granadablogs.com\/pateandoelmundo\/wp-content\/uploads\/2012\/10\/Amelie5.jpg\"><img loading=\"lazy\" decoding=\"async\" class=\"aligncenter size-medium wp-image-12595\" title=\"Caso cerrado\" src=\"http:\/\/www.granadablogs.com\/pateandoelmundo\/wp-content\/uploads\/2012\/10\/Amelie5-195x300.jpg\" alt=\"\" width=\"195\" height=\"300\" srcset=\"https:\/\/www.granadablogs.com\/pateandoelmundo\/wp-content\/uploads\/2012\/10\/Amelie5-195x300.jpg 195w, https:\/\/www.granadablogs.com\/pateandoelmundo\/wp-content\/uploads\/2012\/10\/Amelie5.jpg 500w\" sizes=\"auto, (max-width: 195px) 100vw, 195px\" \/><\/a><\/p>\n<p style=\"text-align: justify;\">Estar\u00e1n, en la mesa, Elvira Gir\u00f3n, el periodista de IDEAL Andr\u00e9s C\u00e1rdenas y el editor de Almuzara, Manuel Pimentel.<\/p>\n<p style=\"text-align: justify;\">\u00a0<\/p>\n<p style=\"text-align: justify;\">Jes\u00fas Lens<\/p>\n","protected":false},"excerpt":{"rendered":"<p>Esta tarde, en el Teatro CajaGRANADA,\u00a0a las 19.30 horas, se presenta la novela \u00abCaso cerrado\u00bb, de C\u00e9sar Gir\u00f3n, ganadora del Premio Ciudad de Carmona de Novela Negra, del que tuve el honor y la suerte de ser jurado. Una ocasi\u00f3n excelente de conocer algo m\u00e1s de la historia negra de Granada. Y es que, como [&hellip;]<\/p>\n","protected":false},"author":1,"featured_media":0,"comment_status":"open","ping_status":"open","sticky":false,"template":"","format":"standard","meta":{"jetpack_post_was_ever_published":false,"_jetpack_newsletter_access":"","_jetpack_dont_email_post_to_subs":false,"_jetpack_newsletter_tier_id":0,"_jetpack_memberships_contains_paywalled_content":false,"_jetpack_memberships_contains_paid_content":false,"footnotes":""},"categories":[21],"tags":[48,6865,2929,1856,873,49,2597,21,7363],"class_list":["post-12594","post","type-post","status-publish","format-standard","hentry","category-negra-y-criminal","tag-almuzara","tag-caso-cerrado","tag-cesar-giron","tag-editorial-almuzara","tag-la-balacera","tag-libros","tag-manuel-pimentel","tag-negra-y-criminal","tag-premio-ciudadd-e-carmona-de-novela-negra"],"jetpack_featured_media_url":"","jetpack_sharing_enabled":true,"_links":{"self":[{"href":"https:\/\/www.granadablogs.com\/pateandoelmundo\/wp-json\/wp\/v2\/posts\/12594","targetHints":{"allow":["GET"]}}],"collection":[{"href":"https:\/\/www.granadablogs.com\/pateandoelmundo\/wp-json\/wp\/v2\/posts"}],"about":[{"href":"https:\/\/www.granadablogs.com\/pateandoelmundo\/wp-json\/wp\/v2\/types\/post"}],"author":[{"embeddable":true,"href":"https:\/\/www.granadablogs.com\/pateandoelmundo\/wp-json\/wp\/v2\/users\/1"}],"replies":[{"embeddable":true,"href":"https:\/\/www.granadablogs.com\/pateandoelmundo\/wp-json\/wp\/v2\/comments?post=12594"}],"version-history":[{"count":2,"href":"https:\/\/www.granadablogs.com\/pateandoelmundo\/wp-json\/wp\/v2\/posts\/12594\/revisions"}],"predecessor-version":[{"id":12597,"href":"https:\/\/www.granadablogs.com\/pateandoelmundo\/wp-json\/wp\/v2\/posts\/12594\/revisions\/12597"}],"wp:attachment":[{"href":"https:\/\/www.granadablogs.com\/pateandoelmundo\/wp-json\/wp\/v2\/media?parent=12594"}],"wp:term":[{"taxonomy":"category","embeddable":true,"href":"https:\/\/www.granadablogs.com\/pateandoelmundo\/wp-json\/wp\/v2\/categories?post=12594"},{"taxonomy":"post_tag","embeddable":true,"href":"https:\/\/www.granadablogs.com\/pateandoelmundo\/wp-json\/wp\/v2\/tags?post=12594"}],"curies":[{"name":"wp","href":"https:\/\/api.w.org\/{rel}","templated":true}]}}