{"id":12572,"date":"2012-10-10T18:29:10","date_gmt":"2012-10-10T17:29:10","guid":{"rendered":"http:\/\/www.granadablogs.com\/pateandoelmundo\/?p=12572"},"modified":"2012-10-10T18:32:20","modified_gmt":"2012-10-10T17:32:20","slug":"la-cultura-cuesta","status":"publish","type":"post","link":"https:\/\/www.granadablogs.com\/pateandoelmundo\/la-cultura-cuesta\/","title":{"rendered":"La cultura, cuesta"},"content":{"rendered":"<p style=\"text-align: justify;\">Y no me refiero al precio. Me refiero a lo que cuesta, a lo complicado que es preparar una buena oferta cultural, interesante, atractiva y no excesivamente costosa.<\/p>\n<p style=\"text-align: justify;\">Hoy, y perd\u00f3n por la expresi\u00f3n, le he pegado un palo a mi cuenta que no ha sido corriente.<\/p>\n<p style=\"text-align: justify;\">En primer lugar, porque vengo de adquirir mi abono para el Festival de Jazz, ese Festival que comparto con mi Cuate Pepe y que, <a href=\"http:\/\/www.granadablogs.com\/pateandoelmundo\/2012\/10\/12561\/\" target=\"_blank\">como se\u00f1alamos aqu\u00ed<\/a>, este a\u00f1o es m\u00e1s corto, pero igualmente intenso que en ediciones anteriores.<\/p>\n<p style=\"text-align: justify;\">De verdad: \u00a1un lujo!<\/p>\n<p><a href=\"http:\/\/www.granadablogs.com\/pateandoelmundo\/wp-content\/uploads\/2012\/10\/Cartel-Jazz-4.jpg\"><img loading=\"lazy\" decoding=\"async\" class=\"aligncenter size-medium wp-image-12591\" title=\"Cartel Jazz 4\" src=\"http:\/\/www.granadablogs.com\/pateandoelmundo\/wp-content\/uploads\/2012\/10\/Cartel-Jazz-4-300x222.jpg\" alt=\"\" width=\"300\" height=\"222\" srcset=\"https:\/\/www.granadablogs.com\/pateandoelmundo\/wp-content\/uploads\/2012\/10\/Cartel-Jazz-4-300x222.jpg 300w, https:\/\/www.granadablogs.com\/pateandoelmundo\/wp-content\/uploads\/2012\/10\/Cartel-Jazz-4.jpg 358w\" sizes=\"auto, (max-width: 300px) 100vw, 300px\" \/><\/a><\/p>\n<p style=\"text-align: justify;\">Pero es que, aprovechando que pasaba por la taquilla del Isabel la Cat\u00f3lica, me he tra\u00eddo un folleto de ese pedazo de Festival que se ha dado en llamar <a href=\"http:\/\/www.citaenpalacio.es\/\" target=\"_blank\">\u201cCita en el Palacio\u201d<\/a> y que, durante los d\u00edas 19 a 21 de octubre, nos va a tener encadenados al Viol\u00f3n: m\u00fasica, cine, literatura, magia, danza\u2026 \u00a1todas las artes en tres intensos d\u00edas!<\/p>\n<div id='gallery-1' class='gallery galleryid-12572 gallery-columns-3 gallery-size-thumbnail'><figure class='gallery-item'>\n\t\t\t<div class='gallery-icon landscape'>\n\t\t\t\t<a href='https:\/\/www.granadablogs.com\/pateandoelmundo\/la-cultura-cuesta\/1001-ideas-19\/'><img loading=\"lazy\" decoding=\"async\" width=\"150\" height=\"150\" src=\"https:\/\/www.granadablogs.com\/pateandoelmundo\/wp-content\/uploads\/2012\/10\/100+1-ideas3-150x150.jpg\" class=\"attachment-thumbnail size-thumbnail\" alt=\"\" \/><\/a>\n\t\t\t<\/div><\/figure><figure class='gallery-item'>\n\t\t\t<div class='gallery-icon landscape'>\n\t\t\t\t<a href='https:\/\/www.granadablogs.com\/pateandoelmundo\/la-cultura-cuesta\/aburridos-11\/'><img loading=\"lazy\" decoding=\"async\" width=\"150\" height=\"150\" src=\"https:\/\/www.granadablogs.com\/pateandoelmundo\/wp-content\/uploads\/2012\/10\/Aburridos2-150x150.jpg\" class=\"attachment-thumbnail size-thumbnail\" alt=\"\" srcset=\"https:\/\/www.granadablogs.com\/pateandoelmundo\/wp-content\/uploads\/2012\/10\/Aburridos2-150x150.jpg 150w, https:\/\/www.granadablogs.com\/pateandoelmundo\/wp-content\/uploads\/2012\/10\/Aburridos2.jpg 250w\" sizes=\"auto, (max-width: 150px) 100vw, 150px\" \/><\/a>\n\t\t\t<\/div><\/figure><figure class='gallery-item'>\n\t\t\t<div class='gallery-icon portrait'>\n\t\t\t\t<a href='https:\/\/www.granadablogs.com\/pateandoelmundo\/la-cultura-cuesta\/alejandro-pedregosa-13\/'><img loading=\"lazy\" decoding=\"async\" width=\"150\" height=\"150\" src=\"https:\/\/www.granadablogs.com\/pateandoelmundo\/wp-content\/uploads\/2012\/10\/Alejandro-Pedregosa-150x150.jpg\" class=\"attachment-thumbnail size-thumbnail\" alt=\"\" \/><\/a>\n\t\t\t<\/div><\/figure><figure class='gallery-item'>\n\t\t\t<div class='gallery-icon landscape'>\n\t\t\t\t<a href='https:\/\/www.granadablogs.com\/pateandoelmundo\/la-cultura-cuesta\/aniversario-el-padrino-8\/'><img loading=\"lazy\" decoding=\"async\" width=\"150\" height=\"150\" src=\"https:\/\/www.granadablogs.com\/pateandoelmundo\/wp-content\/uploads\/2012\/10\/Aniversario-El-Padrino1-150x150.jpg\" class=\"attachment-thumbnail size-thumbnail\" alt=\"\" \/><\/a>\n\t\t\t<\/div><\/figure><figure class='gallery-item'>\n\t\t\t<div class='gallery-icon portrait'>\n\t\t\t\t<a href='https:\/\/www.granadablogs.com\/pateandoelmundo\/la-cultura-cuesta\/asesinato-en-el-kremlin-11\/'><img loading=\"lazy\" decoding=\"async\" width=\"150\" height=\"150\" src=\"https:\/\/www.granadablogs.com\/pateandoelmundo\/wp-content\/uploads\/2012\/10\/Asesinato-en-el-Kremlin-150x150.jpg\" class=\"attachment-thumbnail size-thumbnail\" alt=\"\" \/><\/a>\n\t\t\t<\/div><\/figure><figure class='gallery-item'>\n\t\t\t<div class='gallery-icon landscape'>\n\t\t\t\t<a href='https:\/\/www.granadablogs.com\/pateandoelmundo\/la-cultura-cuesta\/bar-colegio-electora\/'><img loading=\"lazy\" decoding=\"async\" width=\"150\" height=\"150\" src=\"https:\/\/www.granadablogs.com\/pateandoelmundo\/wp-content\/uploads\/2012\/10\/Bar-colegio-electora-150x150.jpg\" class=\"attachment-thumbnail size-thumbnail\" alt=\"\" \/><\/a>\n\t\t\t<\/div><\/figure><figure class='gallery-item'>\n\t\t\t<div class='gallery-icon landscape'>\n\t\t\t\t<a href='https:\/\/www.granadablogs.com\/pateandoelmundo\/la-cultura-cuesta\/cartel-jazz-4\/'><img loading=\"lazy\" decoding=\"async\" width=\"150\" height=\"150\" src=\"https:\/\/www.granadablogs.com\/pateandoelmundo\/wp-content\/uploads\/2012\/10\/Cartel-Jazz-4-150x150.jpg\" class=\"attachment-thumbnail size-thumbnail\" alt=\"\" \/><\/a>\n\t\t\t<\/div><\/figure>\n\t\t<\/div>\n\n<p style=\"text-align: justify;\">Por si fuera poco, acabo de cumplimentar dos boletines de adhesi\u00f3n a sendas asociaciones culturales. La primera es Calibre 18680, <a href=\"http:\/\/www.radiosalobrena.com\/index.php?option=com_content&amp;view=article&amp;id=1024:se-crea-una-nueva-asociacion-en-salobrena-calibre-18690&amp;catid=1:noticias-locales&amp;Itemid=65\" target=\"_blank\">surgida en Salobre\u00f1a<\/a> al calor de la extraordinaria acogida de la I Muestra de Cine Negro de la villa costera y en torno a la combativa e inquieta figura de Juan Madrid.<\/p>\n<p style=\"text-align: justify;\">Adem\u00e1s de preparar la II Edici\u00f3n de la Muestra, que promete muchos y buenos momentos, la Asociaci\u00f3n quiere seguir apuntalando a Salobre\u00f1a como el gran referente cultural de la costa de Granada, con una amplia y variada panoplia de actividades. Conociendo el car\u00e1cter de sus padres fundadores, seguro que ser\u00e1 un \u00e9xito. Y ah\u00ed, hay que estar.<\/p>\n<p style=\"text-align: justify;\">\u00a0<a href=\"http:\/\/www.granadablogs.com\/pateandoelmundo\/wp-content\/uploads\/2012\/10\/Bar-colegio-electora.jpg\"><img loading=\"lazy\" decoding=\"async\" class=\"aligncenter size-medium wp-image-12589\" title=\"Cine Negro Salobre\u00f1a\" src=\"http:\/\/www.granadablogs.com\/pateandoelmundo\/wp-content\/uploads\/2012\/10\/Bar-colegio-electora-300x199.jpg\" alt=\"\" width=\"300\" height=\"199\" srcset=\"https:\/\/www.granadablogs.com\/pateandoelmundo\/wp-content\/uploads\/2012\/10\/Bar-colegio-electora-300x199.jpg 300w, https:\/\/www.granadablogs.com\/pateandoelmundo\/wp-content\/uploads\/2012\/10\/Bar-colegio-electora.jpg 800w\" sizes=\"auto, (max-width: 300px) 100vw, 300px\" \/><\/a><\/p>\n<p style=\"text-align: justify;\">Y, a la vuelta de verano, Arturo Cid y otro grupo de entusiastas de jazz han puesto en marcha la nada f\u00e1cil de pronunciar Asociaci\u00f3n Cultural Ool-Ya-Koo, con <a href=\"http:\/\/www.facebook.com\/groups\/528244203868498\/members\/\" target=\"_blank\">su p\u00e1gina de Facebook<\/a>, sus estatutos, etc. Y, por supuesto, ah\u00ed tambi\u00e9n estamos, apoyando el desarrollo de la escena musical granadina.<\/p>\n<p style=\"text-align: justify;\">Todo ello conlleva esfuerzo, tiempo, ilusi\u00f3n, dedicaci\u00f3n, trabajo\u2026 y dinero.<\/p>\n<p style=\"text-align: justify;\">Es cierto. Estamos en crisis. Y tal y tal. Y no es que queramos desmerecer o quitar hierro a la situaci\u00f3n. Se trata de reivindicar la acci\u00f3n. Si queremos algo, si algo nos gusta, hay que ponerse en marcha y empezar a defenderlo. A construirlo. Desde abajo.<\/p>\n<p style=\"text-align: justify;\">Se acab\u00f3 el tiempo de las subvenciones, las ayudas, etc\u00e9tera. Ahora, si una actividad resulta interesante, rentable y atractiva; ser\u00e1 apoyada y patrocinada. O no. Pero se acab\u00f3 el tiempo en que la cultura nos ven\u00eda dada desde arriba. Toca pelearla. Desde abajo. Con u\u00f1as y dientes. Y para eso hay que organizarse, asociarse y moverse. Y rascarse el bolsillo.<\/p>\n<p style=\"text-align: justify;\">Lo queremos, s\u00ed. Pero nos va a costar.<\/p>\n<p style=\"text-align: justify;\">De nosotros depende. De nuestra respuesta. De nuestra actitud. De nuestras ganas. \u00bfEs Granada (y alrededores) tan indolente como se la critica? \u00bfSomos los granadinos, a parte de unos mala foll\u00e1s reconocidos, incapaces de sacar adelante nuestros proyectos y ejecutar nuestras ideas?<\/p>\n<p style=\"text-align: justify;\">Vamos a ir vi\u00e9ndolo.<\/p>\n<p style=\"text-align: justify;\">Empezando por el tejido cultural, masacrado por la instituciones y destrozado por los Presupuestos.<\/p>\n<p style=\"text-align: justify;\">De momento, hoy, le hemos pegado un susto monumental a la cuenta corriente. Los r\u00e9ditos est\u00e1n por venir.<\/p>\n<p style=\"text-align: justify;\">Iremos contando.<\/p>\n<p style=\"text-align: justify;\">Pero hay que recordar dos consignas. Una: <strong>\u00a1Seguimos!<\/strong> La segunda: <strong><span style=\"color: #ff0000;\">As\u00ed<\/span> <span style=\"color: #333399;\">\u00a1S\u00cd!<\/span><\/strong><\/p>\n<p style=\"text-align: justify;\">Jes\u00fas <em><strong>siempre-positifo<\/strong><\/em> Lens<\/p>\n<p style=\"text-align: justify;\">Ahora, a ver los 10 de octubre de <a href=\"http:\/\/www.granadablogs.com\/pateandoelmundo\/2008\/10\/10\/\" target=\"_blank\">2008<\/a>, <a href=\"http:\/\/www.granadablogs.com\/pateandoelmundo\/2009\/10\/10\/\" target=\"_blank\">2009<\/a>, <a href=\"http:\/\/www.granadablogs.com\/pateandoelmundo\/2010\/10\/10\/\" target=\"_blank\">2010<\/a> y <a href=\"http:\/\/www.granadablogs.com\/pateandoelmundo\/2011\/10\/10\/\" target=\"_blank\">2011<\/a>.<\/p>\n","protected":false},"excerpt":{"rendered":"<p>Y no me refiero al precio. Me refiero a lo que cuesta, a lo complicado que es preparar una buena oferta cultural, interesante, atractiva y no excesivamente costosa. Hoy, y perd\u00f3n por la expresi\u00f3n, le he pegado un palo a mi cuenta que no ha sido corriente. En primer lugar, porque vengo de adquirir mi [&hellip;]<\/p>\n","protected":false},"author":1,"featured_media":0,"comment_status":"open","ping_status":"open","sticky":false,"template":"","format":"standard","meta":{"jetpack_post_was_ever_published":false,"_jetpack_newsletter_access":"","_jetpack_dont_email_post_to_subs":false,"_jetpack_newsletter_tier_id":0,"_jetpack_memberships_contains_paywalled_content":false,"_jetpack_memberships_contains_paid_content":false,"footnotes":""},"categories":[10,17],"tags":[7360,7361,7362,2097,2385],"class_list":["post-12572","post","type-post","status-publish","format-standard","hentry","category-cine","category-musica","tag-cita-en-el-palacio","tag-comprar-entradas-cita-palacio","tag-comprar-entradas-festival-jazz","tag-jazz-granada","tag-juan-madrid"],"jetpack_featured_media_url":"","jetpack_sharing_enabled":true,"_links":{"self":[{"href":"https:\/\/www.granadablogs.com\/pateandoelmundo\/wp-json\/wp\/v2\/posts\/12572","targetHints":{"allow":["GET"]}}],"collection":[{"href":"https:\/\/www.granadablogs.com\/pateandoelmundo\/wp-json\/wp\/v2\/posts"}],"about":[{"href":"https:\/\/www.granadablogs.com\/pateandoelmundo\/wp-json\/wp\/v2\/types\/post"}],"author":[{"embeddable":true,"href":"https:\/\/www.granadablogs.com\/pateandoelmundo\/wp-json\/wp\/v2\/users\/1"}],"replies":[{"embeddable":true,"href":"https:\/\/www.granadablogs.com\/pateandoelmundo\/wp-json\/wp\/v2\/comments?post=12572"}],"version-history":[{"count":8,"href":"https:\/\/www.granadablogs.com\/pateandoelmundo\/wp-json\/wp\/v2\/posts\/12572\/revisions"}],"predecessor-version":[{"id":12593,"href":"https:\/\/www.granadablogs.com\/pateandoelmundo\/wp-json\/wp\/v2\/posts\/12572\/revisions\/12593"}],"wp:attachment":[{"href":"https:\/\/www.granadablogs.com\/pateandoelmundo\/wp-json\/wp\/v2\/media?parent=12572"}],"wp:term":[{"taxonomy":"category","embeddable":true,"href":"https:\/\/www.granadablogs.com\/pateandoelmundo\/wp-json\/wp\/v2\/categories?post=12572"},{"taxonomy":"post_tag","embeddable":true,"href":"https:\/\/www.granadablogs.com\/pateandoelmundo\/wp-json\/wp\/v2\/tags?post=12572"}],"curies":[{"name":"wp","href":"https:\/\/api.w.org\/{rel}","templated":true}]}}