{"id":12568,"date":"2012-10-10T12:28:51","date_gmt":"2012-10-10T11:28:51","guid":{"rendered":"http:\/\/www.granadablogs.com\/pateandoelmundo\/?p=12568"},"modified":"2012-10-10T12:28:51","modified_gmt":"2012-10-10T11:28:51","slug":"benidorm-el-limite-esta-en-el-cielo","status":"publish","type":"post","link":"https:\/\/www.granadablogs.com\/pateandoelmundo\/benidorm-el-limite-esta-en-el-cielo\/","title":{"rendered":"Benidorm: el l\u00edmite est\u00e1 en el cielo"},"content":{"rendered":"<p style=\"text-align: justify;\">Me gusta esta imagen. Se trata del proyecto \u00abCosta Ib\u00e9rica\u00bb para Benidorm. Re\u00fane todo lo que debe reunir una promoci\u00f3n costera en primera, segunda o quinta l\u00ednea de Costa. Porque el l\u00edmite est\u00e1 en el cielo y, encomendarse al Alt\u00edsimo, es lo m\u00ednimo que se puede hacer, tal y como hemos visto en algunas representantes del gobierno hace unos d\u00edas.<\/p>\n<p style=\"text-align: center;\"><a href=\"http:\/\/www.granadablogs.com\/pateandoelmundo\/wp-content\/uploads\/2012\/10\/Amelie4.jpg\"><img loading=\"lazy\" decoding=\"async\" class=\"size-medium wp-image-12569  aligncenter\" title=\"Costa Ib\u00e9rica\" src=\"http:\/\/www.granadablogs.com\/pateandoelmundo\/wp-content\/uploads\/2012\/10\/Amelie4-300x191.jpg\" alt=\"\" width=\"300\" height=\"191\" srcset=\"https:\/\/www.granadablogs.com\/pateandoelmundo\/wp-content\/uploads\/2012\/10\/Amelie4-300x191.jpg 300w, https:\/\/www.granadablogs.com\/pateandoelmundo\/wp-content\/uploads\/2012\/10\/Amelie4.jpg 1024w\" sizes=\"auto, (max-width: 300px) 100vw, 300px\" \/><\/a><\/p>\n<p style=\"text-align: center;\"><strong><em>\u00a1A Dios rogando! (Y con el mazo dando)<\/em><\/strong><\/p>\n<p style=\"text-align: justify;\">\u00a0<\/p>\n<p style=\"text-align: justify;\">Es tiempo de hacerse cruces, de portar escapularios, de mantillas y peinetas. Es tiempo de reinventar el pasado para proyectarnos hacia el futuro. Hasta el infinito. Y el M\u00e1s All\u00e1.<\/p>\n","protected":false},"excerpt":{"rendered":"<p>Me gusta esta imagen. Se trata del proyecto \u00abCosta Ib\u00e9rica\u00bb para Benidorm. Re\u00fane todo lo que debe reunir una promoci\u00f3n costera en primera, segunda o quinta l\u00ednea de Costa. Porque el l\u00edmite est\u00e1 en el cielo y, encomendarse al Alt\u00edsimo, es lo m\u00ednimo que se puede hacer, tal y como hemos visto en algunas representantes [&hellip;]<\/p>\n","protected":false},"author":1,"featured_media":0,"comment_status":"open","ping_status":"open","sticky":false,"template":"","format":"standard","meta":{"jetpack_post_was_ever_published":false,"_jetpack_newsletter_access":"","_jetpack_dont_email_post_to_subs":false,"_jetpack_newsletter_tier_id":0,"_jetpack_memberships_contains_paywalled_content":false,"_jetpack_memberships_contains_paid_content":false,"footnotes":""},"categories":[32,7],"tags":[7358,7359,7357,884,32,7],"class_list":["post-12568","post","type-post","status-publish","format-standard","hentry","category-humor","category-imagenes","tag-a-dios-rogando-y-con-el-mazo-dando","tag-burbuja-inmobiliaria","tag-costa-iberica","tag-especulacion","tag-humor","tag-imagenes"],"jetpack_featured_media_url":"","jetpack_sharing_enabled":true,"_links":{"self":[{"href":"https:\/\/www.granadablogs.com\/pateandoelmundo\/wp-json\/wp\/v2\/posts\/12568","targetHints":{"allow":["GET"]}}],"collection":[{"href":"https:\/\/www.granadablogs.com\/pateandoelmundo\/wp-json\/wp\/v2\/posts"}],"about":[{"href":"https:\/\/www.granadablogs.com\/pateandoelmundo\/wp-json\/wp\/v2\/types\/post"}],"author":[{"embeddable":true,"href":"https:\/\/www.granadablogs.com\/pateandoelmundo\/wp-json\/wp\/v2\/users\/1"}],"replies":[{"embeddable":true,"href":"https:\/\/www.granadablogs.com\/pateandoelmundo\/wp-json\/wp\/v2\/comments?post=12568"}],"version-history":[{"count":1,"href":"https:\/\/www.granadablogs.com\/pateandoelmundo\/wp-json\/wp\/v2\/posts\/12568\/revisions"}],"predecessor-version":[{"id":12570,"href":"https:\/\/www.granadablogs.com\/pateandoelmundo\/wp-json\/wp\/v2\/posts\/12568\/revisions\/12570"}],"wp:attachment":[{"href":"https:\/\/www.granadablogs.com\/pateandoelmundo\/wp-json\/wp\/v2\/media?parent=12568"}],"wp:term":[{"taxonomy":"category","embeddable":true,"href":"https:\/\/www.granadablogs.com\/pateandoelmundo\/wp-json\/wp\/v2\/categories?post=12568"},{"taxonomy":"post_tag","embeddable":true,"href":"https:\/\/www.granadablogs.com\/pateandoelmundo\/wp-json\/wp\/v2\/tags?post=12568"}],"curies":[{"name":"wp","href":"https:\/\/api.w.org\/{rel}","templated":true}]}}