{"id":12561,"date":"2012-10-09T22:16:48","date_gmt":"2012-10-09T21:16:48","guid":{"rendered":"http:\/\/www.granadablogs.com\/pateandoelmundo\/?p=12561"},"modified":"2012-10-09T22:19:50","modified_gmt":"2012-10-09T21:19:50","slug":"12561","status":"publish","type":"post","link":"https:\/\/www.granadablogs.com\/pateandoelmundo\/12561\/","title":{"rendered":"Festival de Jazz de Granada 2012"},"content":{"rendered":"<p style=\"text-align: justify;\">Cuando estuvimos en Nueva York, hace unos meses, nos hinchamos a escuchar jazz en algunas de sus m\u00edticas salas, del Standard Jazz al Blue Note, pasando por el Birdland. Tal y como contamos <a href=\"http:\/\/www.granadablogs.com\/pateandoelmundo\/2012\/04\/chano-dominguez-en-nyc\/\" target=\"_blank\">aqu\u00ed<\/a>, disfrutamos todo lo que se puede disfrutar. Y m\u00e1s. Sin olvidar <a href=\"http:\/\/www.granadablogs.com\/pateandoelmundo\/2012\/04\/jazz-en-harlem\/\" target=\"_blank\">el jazz en Harlem<\/a>.<\/p>\n<p style=\"text-align: justify;\">\n<p style=\"text-align: justify;\">Pero como el ser humano es insaciable y, adem\u00e1s, ansioso a m\u00e1s no poder, me qued\u00f3 una cierta frustraci\u00f3n cuando v\u00ed que en una de esas salas, a la semana siguiente de irnos, tocaba el tr\u00edo de Vijay Iyer, el que para m\u00ed es el pianista del momento. (Atentos a <a href=\"http:\/\/cscmates.blogspot.com.es\/2012\/09\/el-compromiso-creativo-de-vijay-iyer.html\" target=\"_blank\">este enlace<\/a>, hablando de su compromiso creativo)<\/p>\n<p style=\"text-align: justify;\"><a href=\"http:\/\/www.granadablogs.com\/pateandoelmundo\/wp-content\/uploads\/2012\/10\/100+1-ideas2.jpg\"><img loading=\"lazy\" decoding=\"async\" class=\"aligncenter size-full wp-image-12562\" title=\"Vijay Iver\" src=\"http:\/\/www.granadablogs.com\/pateandoelmundo\/wp-content\/uploads\/2012\/10\/100+1-ideas2.jpg\" alt=\"\" width=\"250\" height=\"334\" srcset=\"https:\/\/www.granadablogs.com\/pateandoelmundo\/wp-content\/uploads\/2012\/10\/100+1-ideas2.jpg 250w, https:\/\/www.granadablogs.com\/pateandoelmundo\/wp-content\/uploads\/2012\/10\/100+1-ideas2-224x300.jpg 224w\" sizes=\"auto, (max-width: 250px) 100vw, 250px\" \/><\/a><\/p>\n<p style=\"text-align: justify;\">En esa joya por sat\u00e9lite que es el Canal Mezzo pill\u00e9 a principios de a\u00f1o uno de sus conciertos y, durante meses, fue mi m\u00fasica recurrente, hasta que me cambi\u00e9 al African Sound. \u00a1Pedazo de concierto, con momentos de una exhuberancia majestuosa pespunteados por otros, minimalistas total!<\/p>\n<p style=\"text-align: justify;\">\n<p style=\"text-align: justify;\">La prueba de fuego: el disco. \u201cAccelerando\u201d, se llama. Comprado y\u2026 \u00a1\u00a1\u00a1\u00a1Oh, s\u00ed!!!! Un disco prodigioso, lleno de matices. Solo ver la portada, entre el rojo rabioso y el blanco inmaculado, ya da una muestra de c\u00f3mo es Iyer.<\/p>\n<p style=\"text-align: justify;\">\n<p style=\"text-align: justify;\">A lo largo del a\u00f1o, a este monumental pianista le han galardonado con algunos premios: Mejor Artista, Mejor \u00c1lbum, Mejor Grupo, Mejor Pianista y Mejor Compositor.<\/p>\n<p style=\"text-align: justify;\">\n<p style=\"text-align: justify;\">\u00a1Toma ya!<\/p>\n<p style=\"text-align: justify;\">\n<p style=\"text-align: justify;\">Antes del Festival de Jazz en la Costa, como el que le pide algo a los Reyes Magos, le dec\u00eda a Jes\u00fas Villalba que ser\u00eda una pasada tener aqu\u00ed a este monstruo.<\/p>\n<p style=\"text-align: justify;\">\n<p style=\"text-align: justify;\">Y, \u00bfsab\u00e9is? \u00a1Los Reyes Magos existen!<\/p>\n<p style=\"text-align: justify;\">\n<p style=\"text-align: justify;\">Porque este noviembre, Vijay Iyer estar\u00e1 tocando en el Festival de Jazz de Granada.<\/p>\n<p style=\"text-align: justify;\">\n<p><object classid=\"clsid:d27cdb6e-ae6d-11cf-96b8-444553540000\" width=\"560\" height=\"315\" codebase=\"http:\/\/download.macromedia.com\/pub\/shockwave\/cabs\/flash\/swflash.cab#version=6,0,40,0\"><param name=\"allowFullScreen\" value=\"true\" \/><param name=\"allowscriptaccess\" value=\"always\" \/><param name=\"src\" value=\"http:\/\/www.youtube.com\/v\/NEVJRdo-eHc?version=3&amp;hl=es_ES\" \/><param name=\"allowfullscreen\" value=\"true\" \/><\/object><\/p>\n<p style=\"text-align: justify;\">\u00bfQu\u00e9 os ha parecido esa versi\u00f3n del \u201cHuman Nature\u201d de Michael Jackson?<\/p>\n<p style=\"text-align: justify;\">\n<p style=\"text-align: justify;\">Yo creo que podr\u00eda escucharla diez veces seguidas. Sin cansarme.<\/p>\n<p style=\"text-align: justify;\">\n<p style=\"text-align: justify;\">Pero es que, adem\u00e1s, este mes de noviembre tendremos a Omar Sosa, <a href=\"http:\/\/www.granadablogs.com\/pateandoelmundo\/2012\/09\/omar-sosa-vuelve-al-festival-de-jazz-de-granada\/\" target=\"_blank\">tal y como anticipamos hace unos d\u00edas<\/a>. Y viene en este maravilloso formato. \u00a1Flipad, con el homenaje a \u201cGraceland\u201d!<\/p>\n<p style=\"text-align: justify;\">\n<p style=\"text-align: justify;\">Pero eso no es todo. \u00a1Aun hay m\u00e1s!<\/p>\n<p style=\"text-align: justify;\">\n<p style=\"text-align: justify;\">\u00bfQui\u00e9n el saxofonista m\u00e1s caliente del latin jazz mundial? \u00bfQui\u00e9n incendia todos los escenarios por los que pasa?<\/p>\n<p style=\"text-align: justify;\">\n<p style=\"text-align: justify;\">\u00a1Paquito D\u2019Rivera!<\/p>\n<p style=\"text-align: justify;\"><a href=\"http:\/\/www.granadablogs.com\/pateandoelmundo\/wp-content\/uploads\/2012\/10\/Aburridos1.jpg\"><img loading=\"lazy\" decoding=\"async\" class=\"aligncenter size-full wp-image-12563\" title=\"Paquito D'Rivera \" src=\"http:\/\/www.granadablogs.com\/pateandoelmundo\/wp-content\/uploads\/2012\/10\/Aburridos1.jpg\" alt=\"\" width=\"336\" height=\"290\" srcset=\"https:\/\/www.granadablogs.com\/pateandoelmundo\/wp-content\/uploads\/2012\/10\/Aburridos1.jpg 336w, https:\/\/www.granadablogs.com\/pateandoelmundo\/wp-content\/uploads\/2012\/10\/Aburridos1-300x258.jpg 300w\" sizes=\"auto, (max-width: 336px) 100vw, 336px\" \/><\/a><\/p>\n<p style=\"text-align: justify;\">Pero\u2026 \u00a1es que la cosa sigue! Mirad <a href=\"http:\/\/www.jazzgranada.es\/festival_jazz_granada_prg.html\" target=\"_blank\">AQU\u00cd<\/a> el Programa Central. Las entradas y abonos, desde el 10 de octubre.<\/p>\n<p style=\"text-align: justify;\">\n<p style=\"text-align: justify;\">Van a volar. As\u00ed que, no os lo pens\u00e9is.<\/p>\n<p style=\"text-align: justify;\">\n<p style=\"text-align: justify;\">Gracias, a la Diputaci\u00f3n de Granada por seguir apostando por el mejor jazz del mundo. Gracias a Mariche y Jes\u00fas, de la Oficina T\u00e9cnica de Jazz. \u00a1Sois los mejores!<\/p>\n<p style=\"text-align: justify;\">\n<p style=\"text-align: justify;\">Y gracias a los patrocinadores, mi CajaGRANADA y \u201cmis\u201d Cervezas Alhambra. \u00bfQu\u00e9 ser\u00eda de la cultura en Granada, sin ellas?<\/p>\n<p style=\"text-align: justify;\">\n<p style=\"text-align: justify;\">Jes\u00fas <strong><em>emocionado<\/em><\/strong> Lens<\/p>\n<p style=\"text-align: justify;\">\n<p style=\"text-align: justify;\">Ahora, a ver qu\u00e9 blogueamos los pasados 9 de octubre: <a href=\"http:\/\/www.granadablogs.com\/pateandoelmundo\/2008\/10\/09\/\" target=\"_blank\">2008<\/a>, <a href=\"http:\/\/www.granadablogs.com\/pateandoelmundo\/2009\/10\/09\/\" target=\"_blank\">2009<\/a>, <a href=\"http:\/\/www.granadablogs.com\/pateandoelmundo\/2010\/10\/09\/\" target=\"_blank\">2010<\/a> y <a href=\"http:\/\/www.granadablogs.com\/pateandoelmundo\/2011\/10\/09\/\" target=\"_blank\">2011<\/a>.<\/p>\n","protected":false},"excerpt":{"rendered":"<p>Cuando estuvimos en Nueva York, hace unos meses, nos hinchamos a escuchar jazz en algunas de sus m\u00edticas salas, del Standard Jazz al Blue Note, pasando por el Birdland. Tal y como contamos aqu\u00ed, disfrutamos todo lo que se puede disfrutar. Y m\u00e1s. Sin olvidar el jazz en Harlem. Pero como el ser humano es [&hellip;]<\/p>\n","protected":false},"author":1,"featured_media":0,"comment_status":"open","ping_status":"open","sticky":false,"template":"","format":"standard","meta":{"jetpack_post_was_ever_published":false,"_jetpack_newsletter_access":"","_jetpack_dont_email_post_to_subs":false,"_jetpack_newsletter_tier_id":0,"_jetpack_memberships_contains_paywalled_content":false,"_jetpack_memberships_contains_paid_content":false,"footnotes":""},"categories":[17],"tags":[2374,7356,7286,117,17,4094,7355,7284,7285,7354],"class_list":["post-12561","post","type-post","status-publish","format-standard","hentry","category-musica","tag-cervezas-alhambra","tag-escuchar-jazz-granada","tag-festival-jazz-granada-2012","tag-jazz","tag-musica","tag-omar-sosa","tag-paquito-drivera","tag-programa-festival-jazz-granada-2012","tag-programa-jazz-granada","tag-vijay-iver"],"jetpack_featured_media_url":"","jetpack_sharing_enabled":true,"_links":{"self":[{"href":"https:\/\/www.granadablogs.com\/pateandoelmundo\/wp-json\/wp\/v2\/posts\/12561","targetHints":{"allow":["GET"]}}],"collection":[{"href":"https:\/\/www.granadablogs.com\/pateandoelmundo\/wp-json\/wp\/v2\/posts"}],"about":[{"href":"https:\/\/www.granadablogs.com\/pateandoelmundo\/wp-json\/wp\/v2\/types\/post"}],"author":[{"embeddable":true,"href":"https:\/\/www.granadablogs.com\/pateandoelmundo\/wp-json\/wp\/v2\/users\/1"}],"replies":[{"embeddable":true,"href":"https:\/\/www.granadablogs.com\/pateandoelmundo\/wp-json\/wp\/v2\/comments?post=12561"}],"version-history":[{"count":4,"href":"https:\/\/www.granadablogs.com\/pateandoelmundo\/wp-json\/wp\/v2\/posts\/12561\/revisions"}],"predecessor-version":[{"id":12567,"href":"https:\/\/www.granadablogs.com\/pateandoelmundo\/wp-json\/wp\/v2\/posts\/12561\/revisions\/12567"}],"wp:attachment":[{"href":"https:\/\/www.granadablogs.com\/pateandoelmundo\/wp-json\/wp\/v2\/media?parent=12561"}],"wp:term":[{"taxonomy":"category","embeddable":true,"href":"https:\/\/www.granadablogs.com\/pateandoelmundo\/wp-json\/wp\/v2\/categories?post=12561"},{"taxonomy":"post_tag","embeddable":true,"href":"https:\/\/www.granadablogs.com\/pateandoelmundo\/wp-json\/wp\/v2\/tags?post=12561"}],"curies":[{"name":"wp","href":"https:\/\/api.w.org\/{rel}","templated":true}]}}