{"id":12534,"date":"2012-10-05T19:41:04","date_gmt":"2012-10-05T18:41:04","guid":{"rendered":"http:\/\/www.granadablogs.com\/pateandoelmundo\/?p=12534"},"modified":"2012-10-05T19:41:04","modified_gmt":"2012-10-05T18:41:04","slug":"el-alamo-2","status":"publish","type":"post","link":"https:\/\/www.granadablogs.com\/pateandoelmundo\/el-alamo-2\/","title":{"rendered":"El \u00c1lamo"},"content":{"rendered":"<p style=\"text-align: justify;\">Lo que m\u00e1s me gusta de \u201cEl \u00c1lamo\u201d, el \u00faltimo libro de Paco Ignacio Taibo II, publicado por Planeta, es el subt\u00edtulo: \u201cUna historia no apta para Hollywood\u201d.<\/p>\n<p style=\"text-align: justify;\"><a href=\"http:\/\/www.granadablogs.com\/pateandoelmundo\/wp-content\/uploads\/2012\/10\/0m.jpg\"><img loading=\"lazy\" decoding=\"async\" class=\"aligncenter size-full wp-image-12536\" title=\"El \u00c1lamo Taibo\" src=\"http:\/\/www.granadablogs.com\/pateandoelmundo\/wp-content\/uploads\/2012\/10\/0m.jpg\" alt=\"\" width=\"370\" height=\"277\" srcset=\"https:\/\/www.granadablogs.com\/pateandoelmundo\/wp-content\/uploads\/2012\/10\/0m.jpg 370w, https:\/\/www.granadablogs.com\/pateandoelmundo\/wp-content\/uploads\/2012\/10\/0m-300x224.jpg 300w\" sizes=\"auto, (max-width: 370px) 100vw, 370px\" \/><\/a><\/p>\n<p style=\"text-align: justify;\">Y me gusta porque, como PIT II bien se\u00f1ala, el cine norteamericano se ha encargado de convertir en historia popularmente aceptada lo que no son m\u00e1s que leyendas absolutamente carentes de cualquier fundamento hist\u00f3rico y del m\u00e1s m\u00ednimo rigor cient\u00edfico. Pero ya sabemos, desde los tiempos de John Ford y de Liberty Valance, que cuando la historia se convierte en leyenda, hay que imprimir la leyenda. \u00a1Y no digamos, cuando se trata de convertirla en celuloide!<\/p>\n<p style=\"text-align: justify;\">\n<p style=\"text-align: justify;\">Que si David Crocket, que si Jim Bowie, que si \u201cRecuerda El \u00c1lamo\u201d, que si el cuchillo, que si el sombrero de piel de castor\u2026 imaginer\u00eda y cuentos chinos para construir una imagen identitaria de un estado, de un pa\u00eds, de una Uni\u00f3n.<\/p>\n<p style=\"text-align: justify;\">\n<p><object classid=\"clsid:d27cdb6e-ae6d-11cf-96b8-444553540000\" width=\"420\" height=\"315\" codebase=\"http:\/\/download.macromedia.com\/pub\/shockwave\/cabs\/flash\/swflash.cab#version=6,0,40,0\"><param name=\"allowFullScreen\" value=\"true\" \/><param name=\"allowscriptaccess\" value=\"always\" \/><param name=\"src\" value=\"http:\/\/www.youtube.com\/v\/USE_7xvKNVk?version=3&amp;hl=es_ES\" \/><param name=\"allowfullscreen\" value=\"true\" \/><\/object><\/p>\n<p style=\"text-align: justify;\">Y de un expolio, claro. Porque la constituci\u00f3n definitiva de los Estados Unidos de Am\u00e9rica pas\u00f3 por la desintegraci\u00f3n de la mitad de los Estados Unidos de M\u00e9xico, que perdieron no solo Texas sino tambi\u00e9n Nuevo M\u00e9xico, California y Arizona tras la guerra m\u00e9xico-estadounidense de 1847.<\/p>\n<p style=\"text-align: justify;\">\n<p style=\"text-align: justify;\">Pero todo comenz\u00f3 antes. Todo comenz\u00f3 con la victoria, a todas luces intrascendente, de los mexicanos en El \u00c1lamo, una peque\u00f1a misi\u00f3n en la que se refugi\u00f3 un grupo de rebeldes yanquis con intenci\u00f3n de declarar la independencia de Texas y su incorporaci\u00f3n a los EE.UU. \u00bfQui\u00e9nes eran esos sujetos y qu\u00e9 les movi\u00f3 a tomar tal decisi\u00f3n?<\/p>\n<p style=\"text-align: justify;\">\n<p style=\"text-align: justify;\">Hay dos versiones: la real y todas las dem\u00e1s.<\/p>\n<p style=\"text-align: justify;\">\n<p style=\"text-align: justify;\">Todas las dem\u00e1s son las que nos han contado Disney, John Wayne, los seriales de radio y televisi\u00f3n, las leyendas y los souvenirs. Es decir, la versi\u00f3n que todos conocemos.<\/p>\n<p style=\"text-align: justify;\">\n<p style=\"text-align: justify;\">La real, es la que nos cuenta Paco Ignacio Taibo II en su monumental \u201cEl \u00c1lamo. Una historia no apta para Hollywood\u201d y basada en documentos y fuentes hist\u00f3ricas contrastadas. A trav\u00e9s de las historias y las biograf\u00edas de los distintos protagonistas de los acontecimientos acaecidos a mitad del siglo XIX en la frontera, PIT II nos muestra uno de sus maravillosos, \u00e1giles y clarividentes frescos hist\u00f3ricos.<\/p>\n<p style=\"text-align: justify;\"><a href=\"http:\/\/www.granadablogs.com\/pateandoelmundo\/wp-content\/uploads\/2012\/10\/09h1.jpg\"><img loading=\"lazy\" decoding=\"async\" class=\"aligncenter size-full wp-image-12537\" title=\"El \u00c1lamo\" src=\"http:\/\/www.granadablogs.com\/pateandoelmundo\/wp-content\/uploads\/2012\/10\/09h1.jpg\" alt=\"\" width=\"403\" height=\"272\" srcset=\"https:\/\/www.granadablogs.com\/pateandoelmundo\/wp-content\/uploads\/2012\/10\/09h1.jpg 403w, https:\/\/www.granadablogs.com\/pateandoelmundo\/wp-content\/uploads\/2012\/10\/09h1-300x202.jpg 300w\" sizes=\"auto, (max-width: 403px) 100vw, 403px\" \/><\/a><\/p>\n<p style=\"text-align: justify;\">\u00bfQui\u00e9nes fueron los actores principales en lo que podr\u00edamos definir como una astracanada sangrienta? Un grupo de aventureros y soldados de fortuna que, agitando la bandera de la libertad, quer\u00edan ampliar el sistema esclavista del Sur de los Estados Unidos a esos territorios de M\u00e9xico en que la esclavitud no exist\u00eda. Especuladores con ansia de ampliar sus propiedades de suelo. Gente de vida azarosa que, cargados de deudas y huyendo de acreedores y responsabilidades; en la independencia de Texas encontraron una buena excusa para dar rienda suelta a sus ansias de enriquecimiento y aventuras. Y la soberbia, la indolencia de Santa Anna, claro.<\/p>\n<p style=\"text-align: justify;\">\n<p style=\"text-align: justify;\">El \u00faltimo libro de Taibo es una lecci\u00f3n de historia cargada de Historia. Y de historias. Pero todas ellas ciertas, reales y contrastadas. Y, por supuesto, magistralmente contadas.<\/p>\n<p style=\"text-align: justify;\"><a href=\"http:\/\/www.granadablogs.com\/pateandoelmundo\/wp-content\/uploads\/2012\/10\/100+1-ideas.jpg\"><img loading=\"lazy\" decoding=\"async\" class=\"aligncenter size-full wp-image-12538\" title=\"PIT II\" src=\"http:\/\/www.granadablogs.com\/pateandoelmundo\/wp-content\/uploads\/2012\/10\/100+1-ideas.jpg\" alt=\"\" width=\"320\" height=\"300\" srcset=\"https:\/\/www.granadablogs.com\/pateandoelmundo\/wp-content\/uploads\/2012\/10\/100+1-ideas.jpg 320w, https:\/\/www.granadablogs.com\/pateandoelmundo\/wp-content\/uploads\/2012\/10\/100+1-ideas-300x281.jpg 300w\" sizes=\"auto, (max-width: 320px) 100vw, 320px\" \/><\/a><\/p>\n<p style=\"text-align: justify;\">Eso s\u00ed. Aunque este \u201cEl \u00c1lamo\u201d est\u00e9 editado por Planeta y escrito originalmente en castellano, en Espa\u00f1a y de momento, en pleno siglo XXI, no se puede adquirir. Porque tenemos un idioma com\u00fan, maravilloso, que nos separa.<\/p>\n<p style=\"text-align: justify;\">\n<p style=\"text-align: justify;\">Menos mal que Fritz Glockner, el librero mexicano, y la Semana Negra de Gij\u00f3n consiguen romper este bloqueo cultural durante diez d\u00edas m\u00e1gicos al a\u00f1o.<\/p>\n<p style=\"text-align: justify;\">\n<p style=\"text-align: justify;\">Esperemos que, pronto, tengamos esta versi\u00f3n de \u201cEl \u00c1lamo\u201d en Espa\u00f1a. Entre tanto\u2026<\/p>\n<p style=\"text-align: justify;\">\n<p style=\"text-align: justify;\">Jes\u00fas <strong><em>Alamo\u00edsta<\/em><\/strong> Lens<\/p>\n<p style=\"text-align: justify;\">\n<p style=\"text-align: justify;\">Veamos los 5 de octubre de <a href=\"http:\/\/www.granadablogs.com\/pateandoelmundo\/2008\/10\/05\/\" target=\"_blank\">2008<\/a>, <a href=\"http:\/\/www.granadablogs.com\/pateandoelmundo\/2009\/10\/05\/\" target=\"_blank\">2009<\/a>, <a href=\"http:\/\/www.granadablogs.com\/pateandoelmundo\/2010\/10\/05\/\" target=\"_blank\">2010<\/a> y <a href=\"http:\/\/www.granadablogs.com\/pateandoelmundo\/2011\/10\/05\/\" target=\"_blank\">2011<\/a> qu\u00e9 blogueamos<\/p>\n","protected":false},"excerpt":{"rendered":"<p>Lo que m\u00e1s me gusta de \u201cEl \u00c1lamo\u201d, el \u00faltimo libro de Paco Ignacio Taibo II, publicado por Planeta, es el subt\u00edtulo: \u201cUna historia no apta para Hollywood\u201d. Y me gusta porque, como PIT II bien se\u00f1ala, el cine norteamericano se ha encargado de convertir en historia popularmente aceptada lo que no son m\u00e1s que [&hellip;]<\/p>\n","protected":false},"author":1,"featured_media":0,"comment_status":"open","ping_status":"open","sticky":false,"template":"","format":"standard","meta":{"jetpack_post_was_ever_published":false,"_jetpack_newsletter_access":"","_jetpack_dont_email_post_to_subs":false,"_jetpack_newsletter_tier_id":0,"_jetpack_memberships_contains_paywalled_content":false,"_jetpack_memberships_contains_paid_content":false,"footnotes":""},"categories":[9],"tags":[7270,7326,7271,7327,7329,49,7328,28],"class_list":["post-12534","post","type-post","status-publish","format-standard","hentry","category-literarios","tag-el-alamo","tag-el-alamo-pit-ii","tag-el-alamo-taibo","tag-historia-mexicana","tag-leyendas-el-alamo","tag-libros","tag-mitos-el-alamo","tag-semana-negra"],"jetpack_featured_media_url":"","jetpack_sharing_enabled":true,"_links":{"self":[{"href":"https:\/\/www.granadablogs.com\/pateandoelmundo\/wp-json\/wp\/v2\/posts\/12534","targetHints":{"allow":["GET"]}}],"collection":[{"href":"https:\/\/www.granadablogs.com\/pateandoelmundo\/wp-json\/wp\/v2\/posts"}],"about":[{"href":"https:\/\/www.granadablogs.com\/pateandoelmundo\/wp-json\/wp\/v2\/types\/post"}],"author":[{"embeddable":true,"href":"https:\/\/www.granadablogs.com\/pateandoelmundo\/wp-json\/wp\/v2\/users\/1"}],"replies":[{"embeddable":true,"href":"https:\/\/www.granadablogs.com\/pateandoelmundo\/wp-json\/wp\/v2\/comments?post=12534"}],"version-history":[{"count":1,"href":"https:\/\/www.granadablogs.com\/pateandoelmundo\/wp-json\/wp\/v2\/posts\/12534\/revisions"}],"predecessor-version":[{"id":12539,"href":"https:\/\/www.granadablogs.com\/pateandoelmundo\/wp-json\/wp\/v2\/posts\/12534\/revisions\/12539"}],"wp:attachment":[{"href":"https:\/\/www.granadablogs.com\/pateandoelmundo\/wp-json\/wp\/v2\/media?parent=12534"}],"wp:term":[{"taxonomy":"category","embeddable":true,"href":"https:\/\/www.granadablogs.com\/pateandoelmundo\/wp-json\/wp\/v2\/categories?post=12534"},{"taxonomy":"post_tag","embeddable":true,"href":"https:\/\/www.granadablogs.com\/pateandoelmundo\/wp-json\/wp\/v2\/tags?post=12534"}],"curies":[{"name":"wp","href":"https:\/\/api.w.org\/{rel}","templated":true}]}}