{"id":12525,"date":"2012-10-04T13:49:51","date_gmt":"2012-10-04T12:49:51","guid":{"rendered":"http:\/\/www.granadablogs.com\/pateandoelmundo\/?p=12525"},"modified":"2012-10-04T13:49:51","modified_gmt":"2012-10-04T12:49:51","slug":"%c2%a1accion-%c2%a1accion-%c2%a1accion","status":"publish","type":"post","link":"https:\/\/www.granadablogs.com\/pateandoelmundo\/%c2%a1accion-%c2%a1accion-%c2%a1accion\/","title":{"rendered":"\u00a1Acci\u00f3n! \u00a1Acci\u00f3n! \u00a1Acci\u00f3n!"},"content":{"rendered":"<p style=\"text-align: justify;\">Me ha gustado mucho, en el Desayuno con L\u00edderes que han puesto en marcha CajaGRANADA e IDEAL, escuchar a David Jim\u00e9nez Blanco cuando dec\u00eda que no podemos levantarnos por la ma\u00f1ana, ver que la Prima de Riesgo ha subido 10, 20 o 30 puntos, y echarnos ese peso a la espalda. \u00a1C\u00f3mo si pudi\u00e9ramos hacer algo, nosotros, contra ella!<\/p>\n<p style=\"text-align: justify;\">La saturaci\u00f3n de informaci\u00f3n, de cifras y de datos puede llegar a aplastarnos. Hay que leer buenos art\u00edculos y an\u00e1lisis de fondo. Hay que leer libros de historia. Hay que parar, mirar, hablar con la gente. Hay que ver, analizar, decidir\u2026 \u00a1y ejecutar!<\/p>\n<p style=\"text-align: justify;\">Me recordaba a una cosa que le\u00eda ayer: \u00abValls Taberner presum\u00eda de que su principal objetivo como presidente era ser prescindible&#8230; su tiempo lo dedicaba a conversar con colegas, directivos, clientes, accionistas e incluso, aprendices de periodista. Asist\u00eda a reuniones como la comisi\u00f3n ejecutiva o el consejo, pero su aspiraci\u00f3n era no asistir. La clave de su acierto, seg\u00fan \u00e9l, fue que cada vez dedicaba m\u00e1s d\u00edas laborables a la contemplaci\u00f3n estrat\u00e9gica alejado de Madrid.\u201d<\/p>\n<p style=\"text-align: justify;\">Me gusta la expresi\u00f3n: contemplaci\u00f3n estrat\u00e9gica, fuera del ruido y la furia del d\u00eda a d\u00eda, que nos devoran las entra\u00f1as.<\/p>\n<p style=\"text-align: justify;\">Y, sin embargo, la acci\u00f3n es necesaria. No se puede caer en la par\u00e1lisis por el an\u00e1lisis, uno de los grandes males de lo que, hace unos d\u00edas, llam\u00e1bamos los <a href=\"http:\/\/www.granadablogs.com\/pateandoelmundo\/2012\/10\/los-pasivos-toxicos\/\" target=\"_blank\">Pasivos T\u00f3xicos<\/a>.<\/p>\n<p style=\"text-align: center;\"><a href=\"http:\/\/www.granadablogs.com\/pateandoelmundo\/wp-content\/uploads\/2012\/10\/Amelie2.jpg\"><img loading=\"lazy\" decoding=\"async\" class=\"size-full wp-image-12526  aligncenter\" title=\"Acci\u00f3n\" src=\"http:\/\/www.granadablogs.com\/pateandoelmundo\/wp-content\/uploads\/2012\/10\/Amelie2.jpg\" alt=\"\" width=\"449\" height=\"299\" srcset=\"https:\/\/www.granadablogs.com\/pateandoelmundo\/wp-content\/uploads\/2012\/10\/Amelie2.jpg 449w, https:\/\/www.granadablogs.com\/pateandoelmundo\/wp-content\/uploads\/2012\/10\/Amelie2-300x199.jpg 300w\" sizes=\"auto, (max-width: 449px) 100vw, 449px\" \/><\/a><\/p>\n<p style=\"text-align: justify;\">Hay que hacer cosas. Y, si no salen bien, hacer otras distintas. Prueba y error.<\/p>\n<p style=\"text-align: justify;\">Pero no podemos quedarnos inermes, paralizados, est\u00f3lidos y estupefactos; mirando.<\/p>\n<p style=\"text-align: justify;\">Ser un voyeur, hoy y como est\u00e1n las cosas, es ser c\u00f3mplices de la situaci\u00f3n. Y, como se\u00f1ala David, de la crisis vamos a salir empujando desde abajo hacia arriba. Esto no es un mal momento coyuntural que, como un fen\u00f3meno metereol\u00f3gico, termina pasando y desvaneci\u00e9ndose, sin m\u00e1s.<\/p>\n<p style=\"text-align: justify;\">Esta crisis no se va a pasar si no luchamos contra ella. Cada uno tenemos que combatir la parte de la crisis que nos afecta. Y tenemos que estar preparados para vivir en el mundo de un futuro pr\u00f3ximo que no se parecer\u00e1, ni por asomo, a ese pasado que ya hemos dejado atr\u00e1s.<\/p>\n<p style=\"text-align: justify;\">2014\/2015 no ser\u00e1n como como 2004\/2005.<\/p>\n<p style=\"text-align: justify;\">Adaptaci\u00f3n al cambio.<\/p>\n<p style=\"text-align: justify;\">Y\u2026 \u00a1acci\u00f3n, acci\u00f3n, acci\u00f3n!<\/p>\n<p style=\"text-align: justify;\">Jes\u00fas Lens<\/p>\n","protected":false},"excerpt":{"rendered":"<p>Me ha gustado mucho, en el Desayuno con L\u00edderes que han puesto en marcha CajaGRANADA e IDEAL, escuchar a David Jim\u00e9nez Blanco cuando dec\u00eda que no podemos levantarnos por la ma\u00f1ana, ver que la Prima de Riesgo ha subido 10, 20 o 30 puntos, y echarnos ese peso a la espalda. \u00a1C\u00f3mo si pudi\u00e9ramos hacer [&hellip;]<\/p>\n","protected":false},"author":1,"featured_media":0,"comment_status":"open","ping_status":"open","sticky":false,"template":"","format":"standard","meta":{"jetpack_post_was_ever_published":false,"_jetpack_newsletter_access":"","_jetpack_dont_email_post_to_subs":false,"_jetpack_newsletter_tier_id":0,"_jetpack_memberships_contains_paywalled_content":false,"_jetpack_memberships_contains_paid_content":false,"footnotes":""},"categories":[6],"tags":[],"class_list":["post-12525","post","type-post","status-publish","format-standard","hentry","category-opinion"],"jetpack_featured_media_url":"","jetpack_sharing_enabled":true,"_links":{"self":[{"href":"https:\/\/www.granadablogs.com\/pateandoelmundo\/wp-json\/wp\/v2\/posts\/12525","targetHints":{"allow":["GET"]}}],"collection":[{"href":"https:\/\/www.granadablogs.com\/pateandoelmundo\/wp-json\/wp\/v2\/posts"}],"about":[{"href":"https:\/\/www.granadablogs.com\/pateandoelmundo\/wp-json\/wp\/v2\/types\/post"}],"author":[{"embeddable":true,"href":"https:\/\/www.granadablogs.com\/pateandoelmundo\/wp-json\/wp\/v2\/users\/1"}],"replies":[{"embeddable":true,"href":"https:\/\/www.granadablogs.com\/pateandoelmundo\/wp-json\/wp\/v2\/comments?post=12525"}],"version-history":[{"count":1,"href":"https:\/\/www.granadablogs.com\/pateandoelmundo\/wp-json\/wp\/v2\/posts\/12525\/revisions"}],"predecessor-version":[{"id":12527,"href":"https:\/\/www.granadablogs.com\/pateandoelmundo\/wp-json\/wp\/v2\/posts\/12525\/revisions\/12527"}],"wp:attachment":[{"href":"https:\/\/www.granadablogs.com\/pateandoelmundo\/wp-json\/wp\/v2\/media?parent=12525"}],"wp:term":[{"taxonomy":"category","embeddable":true,"href":"https:\/\/www.granadablogs.com\/pateandoelmundo\/wp-json\/wp\/v2\/categories?post=12525"},{"taxonomy":"post_tag","embeddable":true,"href":"https:\/\/www.granadablogs.com\/pateandoelmundo\/wp-json\/wp\/v2\/tags?post=12525"}],"curies":[{"name":"wp","href":"https:\/\/api.w.org\/{rel}","templated":true}]}}