{"id":12427,"date":"2012-09-18T19:34:55","date_gmt":"2012-09-18T18:34:55","guid":{"rendered":"http:\/\/www.granadablogs.com\/pateandoelmundo\/?p=12427"},"modified":"2012-09-18T19:34:55","modified_gmt":"2012-09-18T18:34:55","slug":"y-sin-embargo","status":"publish","type":"post","link":"https:\/\/www.granadablogs.com\/pateandoelmundo\/y-sin-embargo\/","title":{"rendered":"Y, sin embargo&#8230;"},"content":{"rendered":"<p><a href=\"http:\/\/www.granadablogs.com\/pateandoelmundo\/wp-content\/uploads\/2012\/09\/Yo-Media-Guadix.jpg\"><img loading=\"lazy\" decoding=\"async\" class=\"aligncenter size-full wp-image-12428\" title=\"Jes\u00fas Lens\" src=\"http:\/\/www.granadablogs.com\/pateandoelmundo\/wp-content\/uploads\/2012\/09\/Yo-Media-Guadix.jpg\" alt=\"\" width=\"562\" height=\"375\" srcset=\"https:\/\/www.granadablogs.com\/pateandoelmundo\/wp-content\/uploads\/2012\/09\/Yo-Media-Guadix.jpg 562w, https:\/\/www.granadablogs.com\/pateandoelmundo\/wp-content\/uploads\/2012\/09\/Yo-Media-Guadix-299x200.jpg 299w\" sizes=\"auto, (max-width: 562px) 100vw, 562px\" \/><\/a><\/p>\n<p style=\"text-align: justify;\">&#8230; me gusta.<\/p>\n<p style=\"text-align: justify;\">\n<p style=\"text-align: justify;\">Me gusta tener las piernas acalambradas y masacradas por las agujetas. Me gusta llevar dos d\u00edas lo que se dice hecho pedazos. Literalmente.<\/p>\n<p style=\"text-align: justify;\">\n<p style=\"text-align: justify;\"><a href=\"http:\/\/www.granadablogs.com\/pateandoelmundo\/2012\/09\/por-un-punado-de-melocotones\/\" target=\"_blank\">Cont\u00e1bamos aqu\u00ed<\/a> lo de la Media Marat\u00f3n del Melocot\u00f3n. Hoy, todav\u00eda no puedo andar ni medio bien. Y de correr&#8230; ni pensarlo. Pero estoy contento. Una carrera como esta te hace sentir vivo. Y te demuestra que, en realidad, 21 kil\u00f3metros no son nada. Aunque pueden serlo todo.<\/p>\n<p style=\"text-align: justify;\">\n<p style=\"text-align: justify;\">Jes\u00fas OK Lens<\/p>\n","protected":false},"excerpt":{"rendered":"<p>&#8230; me gusta. Me gusta tener las piernas acalambradas y masacradas por las agujetas. Me gusta llevar dos d\u00edas lo que se dice hecho pedazos. Literalmente. Cont\u00e1bamos aqu\u00ed lo de la Media Marat\u00f3n del Melocot\u00f3n. Hoy, todav\u00eda no puedo andar ni medio bien. Y de correr&#8230; ni pensarlo. Pero estoy contento. Una carrera como esta [&hellip;]<\/p>\n","protected":false},"author":1,"featured_media":0,"comment_status":"open","ping_status":"open","sticky":false,"template":"","format":"standard","meta":{"jetpack_post_was_ever_published":false,"_jetpack_newsletter_access":"","_jetpack_dont_email_post_to_subs":false,"_jetpack_newsletter_tier_id":0,"_jetpack_memberships_contains_paywalled_content":false,"_jetpack_memberships_contains_paid_content":false,"footnotes":""},"categories":[34],"tags":[7259,53,34,854,7260],"class_list":["post-12427","post","type-post","status-publish","format-standard","hentry","category-correr","tag-agujetas","tag-atletismo","tag-correr","tag-media-maraton","tag-ok"],"jetpack_featured_media_url":"","jetpack_sharing_enabled":true,"_links":{"self":[{"href":"https:\/\/www.granadablogs.com\/pateandoelmundo\/wp-json\/wp\/v2\/posts\/12427","targetHints":{"allow":["GET"]}}],"collection":[{"href":"https:\/\/www.granadablogs.com\/pateandoelmundo\/wp-json\/wp\/v2\/posts"}],"about":[{"href":"https:\/\/www.granadablogs.com\/pateandoelmundo\/wp-json\/wp\/v2\/types\/post"}],"author":[{"embeddable":true,"href":"https:\/\/www.granadablogs.com\/pateandoelmundo\/wp-json\/wp\/v2\/users\/1"}],"replies":[{"embeddable":true,"href":"https:\/\/www.granadablogs.com\/pateandoelmundo\/wp-json\/wp\/v2\/comments?post=12427"}],"version-history":[{"count":1,"href":"https:\/\/www.granadablogs.com\/pateandoelmundo\/wp-json\/wp\/v2\/posts\/12427\/revisions"}],"predecessor-version":[{"id":12429,"href":"https:\/\/www.granadablogs.com\/pateandoelmundo\/wp-json\/wp\/v2\/posts\/12427\/revisions\/12429"}],"wp:attachment":[{"href":"https:\/\/www.granadablogs.com\/pateandoelmundo\/wp-json\/wp\/v2\/media?parent=12427"}],"wp:term":[{"taxonomy":"category","embeddable":true,"href":"https:\/\/www.granadablogs.com\/pateandoelmundo\/wp-json\/wp\/v2\/categories?post=12427"},{"taxonomy":"post_tag","embeddable":true,"href":"https:\/\/www.granadablogs.com\/pateandoelmundo\/wp-json\/wp\/v2\/tags?post=12427"}],"curies":[{"name":"wp","href":"https:\/\/api.w.org\/{rel}","templated":true}]}}