{"id":12257,"date":"2012-08-29T10:53:49","date_gmt":"2012-08-29T09:53:49","guid":{"rendered":"http:\/\/www.granadablogs.com\/pateandoelmundo\/?p=12257"},"modified":"2012-08-29T19:34:13","modified_gmt":"2012-08-29T18:34:13","slug":"19-camaras","status":"publish","type":"post","link":"https:\/\/www.granadablogs.com\/pateandoelmundo\/19-camaras\/","title":{"rendered":"19 c\u00e1maras"},"content":{"rendered":"<p style=\"text-align: justify;\">En mi personal y subjetivo mundo literario, los personajes de las novelas que voy leyendo se dividen en dos: aquellos con los que saldr\u00eda a tomarme una Alhambra Especial bien fr\u00eda en alguno de mis bares favoritos y esos otros con los que no compartir\u00eda ni una apresurada 0,0 en el tranco de la esquina.<\/p>\n<p style=\"text-align: justify;\">Ojo, la distinci\u00f3n no es entre buenos y malos. Mis afinidades no tienen que ver con que unos ayuden a las ancianitas a cruzar la calle y otros apiolen a todo bicho viviente. Ni mucho menos. De lo que se trata es de empatizar con los personajes. De conectar con ellos a trav\u00e9s de las p\u00e1ginas del libro. De sentirlos vivos, reales y aut\u00e9nticos. De que sean cre\u00edbles y cercanos; cargando a cuestas con sus grandezas y sus miserias, con sus penas y sus alegr\u00edas, con sus man\u00edas, sus tics, sus aficiones, sus adicciones, sus fallos, sus ca\u00eddas y sus levantadas\u2026<\/p>\n<p style=\"text-align: justify;\">As\u00ed las cosas y reci\u00e9n terminada \u201c19 c\u00e1maras\u201d, la \u00faltima novela de Jon Arretxe (*) publicada en la colecci\u00f3n Cosecha Roja de la editorial Erein; me gustar\u00eda proponer a todos sus personajes que se pillaran un par de coches y se vinieran a Granada, a vaciar dos o tres barriles de cerveza. En el Alegr\u00eda, por ejemplo. A todos sin excepci\u00f3n. Desde el protagonista, ese Tour\u00e9, un burkin\u00e9s inmigrante ilegal en Bilbao que decidi\u00f3 hacerse vidente, pensando que a la gente le hace falta un poquito de magia y va repartiendo tarjetas por la Peque\u00f1a \u00c1frica, el barrio de San Francisco de Bilbao; a Cristina, la sobrina de la Loles, camarera en un bareto de La Palanca.<\/p>\n<p style=\"text-align: center;\"><a href=\"http:\/\/www.granadablogs.com\/pateandoelmundo\/wp-content\/uploads\/2012\/08\/07.jpg\"><img loading=\"lazy\" decoding=\"async\" class=\"size-full wp-image-12258  aligncenter\" title=\"19 c\u00e1maras\" src=\"http:\/\/www.granadablogs.com\/pateandoelmundo\/wp-content\/uploads\/2012\/08\/07.jpg\" alt=\"\" width=\"444\" height=\"675\" srcset=\"https:\/\/www.granadablogs.com\/pateandoelmundo\/wp-content\/uploads\/2012\/08\/07.jpg 444w, https:\/\/www.granadablogs.com\/pateandoelmundo\/wp-content\/uploads\/2012\/08\/07-197x300.jpg 197w\" sizes=\"auto, (max-width: 444px) 100vw, 444px\" \/><\/a><\/p>\n<p style=\"text-align: justify;\">Y a los libreros. Y a las chicas nigerianas. Y a Charo y al Mariachi, por supuesto, aunque por momentos hayan resultado irritantes y molestos. Pero les queremos. Porque todos ellos forman parte de un microcosmos en el que Jon Arretxe nos introduce con pasmosa facilidad, haci\u00e9ndonos sentir c\u00f3modos, acogi\u00e9ndonos con afecto, ternura y simpat\u00eda.<\/p>\n<p style=\"text-align: justify;\">Y eso que las vidas de la mayor\u00eda de los personajes no son f\u00e1ciles. Lo de hacerse vidente, para Tour\u00e9, ha sido m\u00e1s una necesidad para poder comer que una revelaci\u00f3n m\u00edstica: con la crisis, ya no hay trabajo en la construcci\u00f3n. Y toca buscarse la vida. Solo que la vida, para un burkin\u00e9s sin papeles, en Bilbao, no es f\u00e1cil. Ni para \u00e9l ni para otros muchos inmigrantes que, al calor del milagro econ\u00f3mico espa\u00f1ol, eran recibidos con los brazos abiertos para hacer los trabajos m\u00e1s duros, esos trabajos en los que los espa\u00f1oles, nuevos ricos, ya no quer\u00edan ni pensar; con horarios interminables y en condiciones laborales m\u00e1s que precarias.<\/p>\n<p style=\"text-align: justify;\">Ahora, los inmigrantes sobran. Son un lastre para las cuentas p\u00fablicas y, dicen, su peso en el d\u00e9ficit parece empujarnos a todos hacia el despe\u00f1adero. Por eso, grupos vecinales empiezan a patrullar las calles, para hacerlas m\u00e1s seguras, dado que la polic\u00eda parece estar en otras cosas. Y, as\u00ed, lo mismo se ahoga un inmigrante magreb\u00ed un d\u00eda que, poco despu\u00e9s, una nigeriana aparece en un contenedor de basura. Muerta, claro.<\/p>\n<p style=\"text-align: justify;\">\n<p><object classid=\"clsid:d27cdb6e-ae6d-11cf-96b8-444553540000\" width=\"420\" height=\"315\" codebase=\"http:\/\/download.macromedia.com\/pub\/shockwave\/cabs\/flash\/swflash.cab#version=6,0,40,0\"><param name=\"allowFullScreen\" value=\"true\" \/><param name=\"allowscriptaccess\" value=\"always\" \/><param name=\"src\" value=\"http:\/\/www.youtube.com\/v\/6SsEy6jlx2o?version=3&amp;hl=es_ES\" \/><param name=\"allowfullscreen\" value=\"true\" \/><\/object><\/p>\n<p style=\"text-align: justify;\">Y ah\u00ed tenemos a Tour\u00e9, olisqueando en asuntos de cuernos y echando los caur\u00eds a un nigeriano de lo m\u00e1s amenazador. Un Tour\u00e9 al que todo el mundo le hace la misma pregunta, cuando le proponen lo mismo ir a coger percebes que a ver un partido de la Champions a San Mam\u00e9s o que hacer una prueba para un coro oper\u00edstico: <strong><em>\u201c\u00bfEs que tienes algo mejor que hacer?\u201d<\/em><\/strong><\/p>\n<p style=\"text-align: justify;\">Una pregunta que, resume, a la perfecci\u00f3n, la existencia cada vez m\u00e1s precaria de millones de personas que han perdido las riendas de sus vidas y, en mitad de esta tormenta entre financiera, econ\u00f3mica, solar y planetaria; hacen lo que pueden.<\/p>\n<p style=\"text-align: justify;\">Menos mal que hay autores como Jon Arretxe que, con su mirada y su prosa, nos descubren a estos personajes con los que nos ir\u00edamos alegremente de potes. Por la zona de Ledesma. Incluso por Miribilla.<\/p>\n<p style=\"text-align: center;\"><a href=\"http:\/\/www.granadablogs.com\/pateandoelmundo\/wp-content\/uploads\/2012\/08\/0622.jpg\"><img loading=\"lazy\" decoding=\"async\" class=\"size-full wp-image-12259  aligncenter\" title=\"Jon Arretxe\" src=\"http:\/\/www.granadablogs.com\/pateandoelmundo\/wp-content\/uploads\/2012\/08\/0622.jpg\" alt=\"\" width=\"610\" height=\"342\" srcset=\"https:\/\/www.granadablogs.com\/pateandoelmundo\/wp-content\/uploads\/2012\/08\/0622.jpg 610w, https:\/\/www.granadablogs.com\/pateandoelmundo\/wp-content\/uploads\/2012\/08\/0622-300x168.jpg 300w\" sizes=\"auto, (max-width: 610px) 100vw, 610px\" \/><\/a><\/p>\n<p style=\"text-align: justify;\">Porque, adem\u00e1s de a su maravillosa galer\u00eda de personajes, el autor tambi\u00e9n nos presenta las calles y los barrios de su ciudad, trat\u00e1ndolos con el mismo cari\u00f1o y respeto. Pero con ojo cr\u00edtico. Un ojo cr\u00edtico que no es, precisamente, el que est\u00e1 detr\u00e1s de esas c\u00e1maras que todo lo ven, que todo lo graban, que todo lo presencian. Pero que no provocan la m\u00e1s m\u00ednima reacci\u00f3n.<\/p>\n<p style=\"text-align: justify;\">Como la vida misma, oiga. Como la vida misma\u2026<\/p>\n<p style=\"text-align: justify;\">Jes\u00fas Lens<\/p>\n<p style=\"text-align: justify;\">\n<p style=\"text-align: justify;\">A ver, los anteriores <a href=\"http:\/\/www.granadablogs.com\/pateandoelmundo\/2012\/07\/postpositos-veraniegos\/\" target=\"_blank\">aPostados<\/a>, que <a href=\"http:\/\/www.granadablogs.com\/pateandoelmundo\/2012\/08\/lo-que-haya-que-hacer\/\" target=\"_blank\">son ya 28<\/a>, nada menos.<\/p>\n<p style=\"text-align: justify;\">\n<p style=\"text-align: justify;\">\u00bfY los 29 de agosto de <a href=\"http:\/\/www.granadablogs.com\/pateandoelmundo\/2008\/08\/29\/\" target=\"_blank\">2008<\/a>, <a href=\"http:\/\/www.granadablogs.com\/pateandoelmundo\/2009\/08\/29\/\" target=\"_blank\">2009<\/a>, <a href=\"http:\/\/www.granadablogs.com\/pateandoelmundo\/2010\/08\/29\/\" target=\"_blank\">2010<\/a> y <a href=\"http:\/\/www.granadablogs.com\/pateandoelmundo\/2011\/08\/29\/\" target=\"_blank\">2011<\/a>?<\/p>\n<p style=\"text-align: justify;\">\n<p style=\"text-align: justify;\">(*) Rese\u00f1as de <a href=\"http:\/\/www.granadablogs.com\/pateandoelmundo\/2011\/11\/suens-de-tanger\/\" target=\"_blank\">\u00abSue\u00f1os de T\u00e1nger\u00bb<\/a> y \u00ab<a href=\"http:\/\/www.granadablogs.com\/pateandoelmundo\/2011\/01\/shahmaran\/\" target=\"_blank\">Shamaran<\/a>\u00ab, las dos novelas anteriores de Jon Arretxe.<\/p>\n","protected":false},"excerpt":{"rendered":"<p>En mi personal y subjetivo mundo literario, los personajes de las novelas que voy leyendo se dividen en dos: aquellos con los que saldr\u00eda a tomarme una Alhambra Especial bien fr\u00eda en alguno de mis bares favoritos y esos otros con los que no compartir\u00eda ni una apresurada 0,0 en el tranco de la esquina. [&hellip;]<\/p>\n","protected":false},"author":1,"featured_media":0,"comment_status":"open","ping_status":"open","sticky":false,"template":"","format":"standard","meta":{"jetpack_post_was_ever_published":false,"_jetpack_newsletter_access":"","_jetpack_dont_email_post_to_subs":false,"_jetpack_newsletter_tier_id":0,"_jetpack_memberships_contains_paywalled_content":false,"_jetpack_memberships_contains_paid_content":false,"footnotes":""},"categories":[21,28],"tags":[7181,7182,4238,4239,4235,21,7183,28],"class_list":["post-12257","post","type-post","status-publish","format-standard","hentry","category-negra-y-criminal","category-semana-negra","tag-19-camaras","tag-barrio-sanfrancisco","tag-cosecha-roja","tag-editorial-erein","tag-jon-arretxe","tag-negra-y-criminal","tag-san-francisco-bilbao","tag-semana-negra"],"jetpack_featured_media_url":"","jetpack_sharing_enabled":true,"_links":{"self":[{"href":"https:\/\/www.granadablogs.com\/pateandoelmundo\/wp-json\/wp\/v2\/posts\/12257","targetHints":{"allow":["GET"]}}],"collection":[{"href":"https:\/\/www.granadablogs.com\/pateandoelmundo\/wp-json\/wp\/v2\/posts"}],"about":[{"href":"https:\/\/www.granadablogs.com\/pateandoelmundo\/wp-json\/wp\/v2\/types\/post"}],"author":[{"embeddable":true,"href":"https:\/\/www.granadablogs.com\/pateandoelmundo\/wp-json\/wp\/v2\/users\/1"}],"replies":[{"embeddable":true,"href":"https:\/\/www.granadablogs.com\/pateandoelmundo\/wp-json\/wp\/v2\/comments?post=12257"}],"version-history":[{"count":4,"href":"https:\/\/www.granadablogs.com\/pateandoelmundo\/wp-json\/wp\/v2\/posts\/12257\/revisions"}],"predecessor-version":[{"id":12264,"href":"https:\/\/www.granadablogs.com\/pateandoelmundo\/wp-json\/wp\/v2\/posts\/12257\/revisions\/12264"}],"wp:attachment":[{"href":"https:\/\/www.granadablogs.com\/pateandoelmundo\/wp-json\/wp\/v2\/media?parent=12257"}],"wp:term":[{"taxonomy":"category","embeddable":true,"href":"https:\/\/www.granadablogs.com\/pateandoelmundo\/wp-json\/wp\/v2\/categories?post=12257"},{"taxonomy":"post_tag","embeddable":true,"href":"https:\/\/www.granadablogs.com\/pateandoelmundo\/wp-json\/wp\/v2\/tags?post=12257"}],"curies":[{"name":"wp","href":"https:\/\/api.w.org\/{rel}","templated":true}]}}