{"id":12212,"date":"2012-08-24T09:22:06","date_gmt":"2012-08-24T08:22:06","guid":{"rendered":"http:\/\/www.granadablogs.com\/pateandoelmundo\/?p=12212"},"modified":"2012-08-24T09:22:06","modified_gmt":"2012-08-24T08:22:06","slug":"reencuentro","status":"publish","type":"post","link":"https:\/\/www.granadablogs.com\/pateandoelmundo\/reencuentro\/","title":{"rendered":"Reencuentro"},"content":{"rendered":"<p style=\"text-align: justify;\">Vamos con otro Twitt-relato. El tercero del verano (*):<\/p>\n<p style=\"text-align: justify;\"><strong><em>El calor de las \u00faltimas noches les hab\u00eda distanciado, pero esa madrugada sinti\u00f3 fresco, alarg\u00f3 la mano y all\u00ed estaba esper\u00e1ndole, su s\u00e1bana.<\/em><\/strong><\/p>\n<p style=\"text-align: justify;\">Jes\u00fas Lens<\/p>\n<figure id=\"attachment_12213\" aria-describedby=\"caption-attachment-12213\" style=\"width: 300px\" class=\"wp-caption aligncenter\"><a href=\"http:\/\/www.granadablogs.com\/pateandoelmundo\/wp-content\/uploads\/2012\/08\/0620.jpg\"><img loading=\"lazy\" decoding=\"async\" class=\"size-medium wp-image-12213\" title=\"S\u00e1bana\" src=\"http:\/\/www.granadablogs.com\/pateandoelmundo\/wp-content\/uploads\/2012\/08\/0620-300x300.jpg\" alt=\"\" width=\"300\" height=\"300\" srcset=\"https:\/\/www.granadablogs.com\/pateandoelmundo\/wp-content\/uploads\/2012\/08\/0620-300x300.jpg 300w, https:\/\/www.granadablogs.com\/pateandoelmundo\/wp-content\/uploads\/2012\/08\/0620-150x150.jpg 150w, https:\/\/www.granadablogs.com\/pateandoelmundo\/wp-content\/uploads\/2012\/08\/0620.jpg 320w\" sizes=\"auto, (max-width: 300px) 100vw, 300px\" \/><\/a><figcaption id=\"caption-attachment-12213\" class=\"wp-caption-text\">I love you<\/figcaption><\/figure>\n<p style=\"text-align: justify;\">(*) <a href=\"http:\/\/www.granadablogs.com\/pateandoelmundo\/2012\/08\/balconing-seguro\/\" target=\"_blank\">Aqu\u00ed<\/a>, los anteriores.<\/p>\n<p style=\"text-align: justify;\">\u00a1Viva la Ficci\u00f3n s\u00fabita!<\/p>\n","protected":false},"excerpt":{"rendered":"<p>Vamos con otro Twitt-relato. El tercero del verano (*): El calor de las \u00faltimas noches les hab\u00eda distanciado, pero esa madrugada sinti\u00f3 fresco, alarg\u00f3 la mano y all\u00ed estaba esper\u00e1ndole, su s\u00e1bana. Jes\u00fas Lens (*) Aqu\u00ed, los anteriores. \u00a1Viva la Ficci\u00f3n s\u00fabita!<\/p>\n","protected":false},"author":1,"featured_media":0,"comment_status":"open","ping_status":"open","sticky":false,"template":"","format":"standard","meta":{"jetpack_post_was_ever_published":false,"_jetpack_newsletter_access":"","_jetpack_dont_email_post_to_subs":false,"_jetpack_newsletter_tier_id":0,"_jetpack_memberships_contains_paywalled_content":false,"_jetpack_memberships_contains_paid_content":false,"footnotes":""},"categories":[31],"tags":[930,929,57,31,7166],"class_list":["post-12212","post","type-post","status-publish","format-standard","hentry","category-relatos","tag-cuentos","tag-ficcion-subita","tag-microrrelatos","tag-relatos","tag-twitt-relato"],"jetpack_featured_media_url":"","jetpack_sharing_enabled":true,"_links":{"self":[{"href":"https:\/\/www.granadablogs.com\/pateandoelmundo\/wp-json\/wp\/v2\/posts\/12212","targetHints":{"allow":["GET"]}}],"collection":[{"href":"https:\/\/www.granadablogs.com\/pateandoelmundo\/wp-json\/wp\/v2\/posts"}],"about":[{"href":"https:\/\/www.granadablogs.com\/pateandoelmundo\/wp-json\/wp\/v2\/types\/post"}],"author":[{"embeddable":true,"href":"https:\/\/www.granadablogs.com\/pateandoelmundo\/wp-json\/wp\/v2\/users\/1"}],"replies":[{"embeddable":true,"href":"https:\/\/www.granadablogs.com\/pateandoelmundo\/wp-json\/wp\/v2\/comments?post=12212"}],"version-history":[{"count":1,"href":"https:\/\/www.granadablogs.com\/pateandoelmundo\/wp-json\/wp\/v2\/posts\/12212\/revisions"}],"predecessor-version":[{"id":12214,"href":"https:\/\/www.granadablogs.com\/pateandoelmundo\/wp-json\/wp\/v2\/posts\/12212\/revisions\/12214"}],"wp:attachment":[{"href":"https:\/\/www.granadablogs.com\/pateandoelmundo\/wp-json\/wp\/v2\/media?parent=12212"}],"wp:term":[{"taxonomy":"category","embeddable":true,"href":"https:\/\/www.granadablogs.com\/pateandoelmundo\/wp-json\/wp\/v2\/categories?post=12212"},{"taxonomy":"post_tag","embeddable":true,"href":"https:\/\/www.granadablogs.com\/pateandoelmundo\/wp-json\/wp\/v2\/tags?post=12212"}],"curies":[{"name":"wp","href":"https:\/\/api.w.org\/{rel}","templated":true}]}}