{"id":12084,"date":"2012-08-14T13:22:13","date_gmt":"2012-08-14T12:22:13","guid":{"rendered":"http:\/\/www.granadablogs.com\/pateandoelmundo\/?p=12084"},"modified":"2012-08-14T16:43:54","modified_gmt":"2012-08-14T15:43:54","slug":"cenital","status":"publish","type":"post","link":"https:\/\/www.granadablogs.com\/pateandoelmundo\/cenital\/","title":{"rendered":"Cenital"},"content":{"rendered":"<p style=\"text-align: justify;\">Hace un par de a\u00f1os me traje de Semana Negra un libro enorme, perturbador e impresionante; radicalmente moderno, global, contempor\u00e1neo y anticipador. Se llamaba <a href=\"http:\/\/www.granadablogs.com\/pateandoelmundo\/2010\/10\/buda-blues\/\" target=\"_blank\">\u201cBuda Blues\u201d<\/a> y su autor, el colombiano Mario Mendoza, me impresion\u00f3 por la hondura de su mirada y la serena tranquilidad de su rostro.<\/p>\n<p style=\"text-align: justify;\">La sensaci\u00f3n de la reci\u00e9n terminada cita anual gijonesa con la literatura de g\u00e9nero ha sido Emilio Bueso, no solo por ganar el premio Celsius 232 a la mejor novela de terror, fantas\u00eda y ciencia ficci\u00f3n con su espl\u00e9ndida \u201c<a href=\"http:\/\/www.granadablogs.com\/pateandoelmundo\/2012\/07\/diastole\/\" target=\"_blank\">Di\u00e1stole<\/a>\u201d, sino tambi\u00e9n por presentar la muy inquietante, especulativa, incisiva y angustiosa \u201cCenital\u201d, publicada por la inquieta y visionaria editorial Salto de P\u00e1gina.<\/p>\n<p style=\"text-align: center;\"><a href=\"http:\/\/www.granadablogs.com\/pateandoelmundo\/wp-content\/uploads\/2012\/08\/BadaBing.jpg\"><img loading=\"lazy\" decoding=\"async\" class=\"size-medium wp-image-12085  aligncenter\" title=\"Cenital\" src=\"http:\/\/www.granadablogs.com\/pateandoelmundo\/wp-content\/uploads\/2012\/08\/BadaBing-271x300.jpg\" alt=\"\" width=\"271\" height=\"300\" srcset=\"https:\/\/www.granadablogs.com\/pateandoelmundo\/wp-content\/uploads\/2012\/08\/BadaBing-271x300.jpg 271w, https:\/\/www.granadablogs.com\/pateandoelmundo\/wp-content\/uploads\/2012\/08\/BadaBing.jpg 316w\" sizes=\"auto, (max-width: 271px) 100vw, 271px\" \/><\/a><\/p>\n<p style=\"text-align: justify;\"><strong><em>\u201c\u00bfY entonces qu\u00e9?<\/em><\/strong><\/p>\n<p style=\"text-align: justify;\"><strong><em>Entonces las tiendas se quedar\u00e1n sin comida. El agua dejar\u00e1 de salir de los grifos. Los apagones nos parecer\u00e1n un peque\u00f1o inconveniente comparados con el hambre y la sed. El despliegue de la oscuridad marcar\u00e1 el fin de nuestra civilizaci\u00f3n\u201d.<\/em><\/strong><\/p>\n<p style=\"text-align: justify;\">Con este texto de Guy McPherson, catedr\u00e1tico de recursos naturales y ecolog\u00eda estadounidense, se abre una de las partes que componen \u201cCenital\u201d: fragmentos de discursos, art\u00edculos y estudios que pronostican la inminencia de una crisis energ\u00e9tica que convertir\u00eda en una broma a la amenaza de la prima de riesgo o del rescate financiero de la UE.<\/p>\n<figure id=\"attachment_12086\" aria-describedby=\"caption-attachment-12086\" style=\"width: 300px\" class=\"wp-caption aligncenter\"><a href=\"http:\/\/www.granadablogs.com\/pateandoelmundo\/wp-content\/uploads\/2012\/08\/Caf\u00e98.jpg\"><img loading=\"lazy\" decoding=\"async\" class=\"size-medium wp-image-12086\" title=\"Eolo\" src=\"http:\/\/www.granadablogs.com\/pateandoelmundo\/wp-content\/uploads\/2012\/08\/Caf\u00e98-300x225.jpg\" alt=\"\" width=\"300\" height=\"225\" srcset=\"https:\/\/www.granadablogs.com\/pateandoelmundo\/wp-content\/uploads\/2012\/08\/Caf\u00e98-300x225.jpg 300w, https:\/\/www.granadablogs.com\/pateandoelmundo\/wp-content\/uploads\/2012\/08\/Caf\u00e98-1024x768.jpg 1024w, https:\/\/www.granadablogs.com\/pateandoelmundo\/wp-content\/uploads\/2012\/08\/Caf\u00e98.jpg 1298w\" sizes=\"auto, (max-width: 300px) 100vw, 300px\" \/><\/a><figcaption id=\"caption-attachment-12086\" class=\"wp-caption-text\">\u00bfEstaremos todav\u00eda a tiempo?<\/figcaption><\/figure>\n<p style=\"text-align: justify;\">La otra parte de la novela narra la historia de una ecoaldea puesta en marcha por el protagonista de la historia, un visionario apodado Destral que, cuando entendi\u00f3 que el final estaba cerca, creo una web, <a href=\"http:\/\/www.cenital.net\/\" target=\"_blank\">http:\/\/www.cenital.net\/<\/a>, y desde ella anim\u00f3 a la gente a compartir con \u00e9l un proyecto: poner en marcha un sistema productivo autosostenible y no dependiente de las energ\u00edas f\u00f3siles.<\/p>\n<p style=\"text-align: justify;\">La historia de Cenital, Destral y la ecoaldea fortificada, bautizada como Cenital, se desarrolla en dos planos: el pasado, que arranca en 2008, cuando el protagonista cobra conciencia de la inminencia del Hundimiento; y el futuro, situado en un apocal\u00edptico 2014, cuando el caos se ha apoderado del mundo y la sociedad se ha visto reducida a un grupo de aldeas m\u00e1s propias del neol\u00edtico que del siglo XXI que tratan de resistir el ataque de las hordas de b\u00e1rbaros n\u00f3madas que, al estilo de \u201cMad Max\u201d, asolan Espa\u00f1a.<\/p>\n<p style=\"text-align: justify;\">Porque lo habitual de este tipo de distop\u00edas es que acaezcan en Texas, Nueva York o Arizona. Pero no. El gran acierto de Bueso es hablar de la Espa\u00f1a de aqu\u00ed y ahora; describiendo paisajes reconocibles por todos y mezclando el 15-M, la burbuja inmobiliaria y la crisis financiera con un futuro inmediato en que los pocos supervivientes que lo pueblan han vuelto al trueque y a la rueca para ir tirando.<\/p>\n<p style=\"text-align: justify;\">Como recurso narrativo para contar el antes y el despu\u00e9s del Hundimiento y la construcci\u00f3n, puesta en marcha y modo de vivir en Cenital, Emilio Bueso se inventa las biograf\u00edas de algunos de sus habitantes, desde Destral y Agro a Braqui, Sapote, Crestas o el Interventor. Adem\u00e1s, sit\u00faa la acci\u00f3n justo en un momento decisivo para la ecoaldea: falta grano y hay que organizar una expedici\u00f3n de trueque al exterior de la fortaleza, con el riesgo que conlleva.<\/p>\n<figure id=\"attachment_12087\" aria-describedby=\"caption-attachment-12087\" style=\"width: 264px\" class=\"wp-caption aligncenter\"><a href=\"http:\/\/www.granadablogs.com\/pateandoelmundo\/wp-content\/uploads\/2012\/08\/Bada-Bing.jpg\"><img loading=\"lazy\" decoding=\"async\" class=\"size-medium wp-image-12087\" title=\"Emilio Bueso\" src=\"http:\/\/www.granadablogs.com\/pateandoelmundo\/wp-content\/uploads\/2012\/08\/Bada-Bing-264x300.jpg\" alt=\"\" width=\"264\" height=\"300\" srcset=\"https:\/\/www.granadablogs.com\/pateandoelmundo\/wp-content\/uploads\/2012\/08\/Bada-Bing-264x300.jpg 264w, https:\/\/www.granadablogs.com\/pateandoelmundo\/wp-content\/uploads\/2012\/08\/Bada-Bing.jpg 567w\" sizes=\"auto, (max-width: 264px) 100vw, 264px\" \/><\/a><figcaption id=\"caption-attachment-12087\" class=\"wp-caption-text\">Emilio dist\u00f3pico Bueso<\/figcaption><\/figure>\n<p style=\"text-align: justify;\">Pasado y futuro inmediatos conviven en una novela de lectura voraz y apasionante que combina las causas y las consecuencias; que cuestiona el aqu\u00ed y el ahora para alertar sobre la insostenibilidad de un sistema de vida abocado al desastre, a la hecatombe, a un cataclismo tan pavoroso como \u00bfinevitable?<\/p>\n<p style=\"text-align: justify;\">\u201cCenital\u201d es una novela especulativa sobre un mundo futuro en el que no queremos creer, pero que tenemos la obligaci\u00f3n de vislumbrar y prever. Episodios como el del deshielo de toda Groenlandia, en el lapso de cuatro d\u00edas, son un buen indicativo de que, quiz\u00e1, hay que prestar atenci\u00f3n a los informes y estudios de algunos cient\u00edficos, expertos y profesores.<\/p>\n<p style=\"text-align: justify;\">Porque quiz\u00e1 estemos a tiempo de cambiar (algo) las cosas, antes de que las cosas nos cambien (del todo) a nosotros.<\/p>\n<p style=\"text-align: justify;\">Jes\u00fas Lens<\/p>\n<p style=\"text-align: justify;\">\n<p>Seguimos, seguimos aPostando. Uno al d\u00eda. Y llegados a mediados de mes, vamos cumpliendo, \u00bfno? A ver los <a href=\"http:\/\/www.granadablogs.com\/pateandoelmundo\/2012\/07\/postpositos-veraniegos\/\" target=\"_blank\">aPostados<\/a> anteriores:<\/p>\n<p><a href=\"http:\/\/www.granadablogs.com\/pateandoelmundo\/2012\/08\/el-caballero-oscuro-2\/\" target=\"_blank\">El caballero oscuro<\/a><\/p>\n<p><a href=\"http:\/\/www.granadablogs.com\/pateandoelmundo\/2012\/08\/ejercito-enemigo\/\" target=\"_blank\">Ej\u00e9rcito enemigo<\/a><\/p>\n<p><a href=\"http:\/\/www.granadablogs.com\/pateandoelmundo\/2012\/08\/giggs-%C2%A1poder-viejuno\/\" target=\"_blank\">Ryan Giggs<\/a><\/p>\n<p><a href=\"http:\/\/www.granadablogs.com\/pateandoelmundo\/2012\/08\/granada-parada-con-alhambra-al-fondo\/\" target=\"_blank\">Cerveza Alhambra<\/a><\/p>\n<p><a href=\"http:\/\/www.granadablogs.com\/pateandoelmundo\/2012\/08\/prometheus\/\" target=\"_blank\">Prometheus<\/a><\/p>\n<p><a href=\"http:\/\/www.granadablogs.com\/pateandoelmundo\/2012\/08\/la-ciudad-de-los-ojos-tristes\/\" target=\"_blank\">La ciudad de los ojos grises<\/a><\/p>\n<p><a href=\"http:\/\/www.granadablogs.com\/pateandoelmundo\/2012\/08\/dejarse-ir\/\" target=\"_blank\">Dejarse ir<\/a><\/p>\n<p><a href=\"http:\/\/www.granadablogs.com\/pateandoelmundo\/2012\/08\/de-dioses-y-hombres\/\" target=\"_blank\">De dioses y hombres<\/a><\/p>\n<p><a href=\"http:\/\/www.granadablogs.com\/pateandoelmundo\/2012\/08\/garabatos-digitales-y-nuevas-tendencias-en-salobrena\/\" target=\"_blank\">Garabatos y Nuevas Tendencias en Salobre\u00f1a<\/a><\/p>\n<p><a href=\"http:\/\/www.granadablogs.com\/pateandoelmundo\/2012\/08\/la-mano-invisible\/\" target=\"_blank\">La mano invisible<\/a><\/p>\n<p><a href=\"http:\/\/www.granadablogs.com\/pateandoelmundo\/2012\/08\/%C2%A1a-correr-la-mema-media-maraton-granada-2012\/\" target=\"_blank\">Media Marat\u00f3n de Granada 2012<\/a><\/p>\n<p><a href=\"http:\/\/www.granadablogs.com\/pateandoelmundo\/2012\/08\/vuelve-el-tirano\/\" target=\"_blank\">Vuelve el Tirano<\/a><\/p>\n<p><a href=\"http:\/\/www.granadablogs.com\/pateandoelmundo\/2012\/08\/referentes-literarios-de-la-politica-espanola\/\" target=\"_blank\">A\u00f1ejas referencias literarias de los pol\u00edticos de hoy<\/a><\/p>\n<p>Veamos, adem\u00e1s, los anteriores 14 de agosto: <a href=\"http:\/\/www.granadablogs.com\/pateandoelmundo\/2008\/08\/14\/\" target=\"_blank\">2008<\/a>, <a href=\"http:\/\/www.granadablogs.com\/pateandoelmundo\/2009\/08\/14\/\" target=\"_blank\">2009<\/a>, <a href=\"http:\/\/www.granadablogs.com\/pateandoelmundo\/2010\/08\/14\/\" target=\"_blank\">2010<\/a> y <a href=\"http:\/\/www.granadablogs.com\/pateandoelmundo\/2011\/08\/14\/\" target=\"_blank\">2011<\/a>.<\/p>\n","protected":false},"excerpt":{"rendered":"<p>Hace un par de a\u00f1os me traje de Semana Negra un libro enorme, perturbador e impresionante; radicalmente moderno, global, contempor\u00e1neo y anticipador. Se llamaba \u201cBuda Blues\u201d y su autor, el colombiano Mario Mendoza, me impresion\u00f3 por la hondura de su mirada y la serena tranquilidad de su rostro. La sensaci\u00f3n de la reci\u00e9n terminada cita [&hellip;]<\/p>\n","protected":false},"author":1,"featured_media":0,"comment_status":"open","ping_status":"open","sticky":false,"template":"","format":"standard","meta":{"jetpack_post_was_ever_published":false,"_jetpack_newsletter_access":"","_jetpack_dont_email_post_to_subs":false,"_jetpack_newsletter_tier_id":0,"_jetpack_memberships_contains_paywalled_content":false,"_jetpack_memberships_contains_paid_content":false,"footnotes":""},"categories":[9,28],"tags":[6986,7099,7101,6904,1821,1837,49,7103,7102,7100,28,5088],"class_list":["post-12084","post","type-post","status-publish","format-standard","hentry","category-literarios","category-semana-negra","tag-cenital","tag-distopias","tag-ecoaldea","tag-emilio-bueso","tag-fin-del-mundo","tag-joder","tag-libros","tag-literatura-especulativa","tag-mundo-futuro","tag-se-acaba-el-mundo","tag-semana-negra","tag-semana-negra-2012"],"jetpack_featured_media_url":"","jetpack_sharing_enabled":true,"_links":{"self":[{"href":"https:\/\/www.granadablogs.com\/pateandoelmundo\/wp-json\/wp\/v2\/posts\/12084","targetHints":{"allow":["GET"]}}],"collection":[{"href":"https:\/\/www.granadablogs.com\/pateandoelmundo\/wp-json\/wp\/v2\/posts"}],"about":[{"href":"https:\/\/www.granadablogs.com\/pateandoelmundo\/wp-json\/wp\/v2\/types\/post"}],"author":[{"embeddable":true,"href":"https:\/\/www.granadablogs.com\/pateandoelmundo\/wp-json\/wp\/v2\/users\/1"}],"replies":[{"embeddable":true,"href":"https:\/\/www.granadablogs.com\/pateandoelmundo\/wp-json\/wp\/v2\/comments?post=12084"}],"version-history":[{"count":6,"href":"https:\/\/www.granadablogs.com\/pateandoelmundo\/wp-json\/wp\/v2\/posts\/12084\/revisions"}],"predecessor-version":[{"id":12090,"href":"https:\/\/www.granadablogs.com\/pateandoelmundo\/wp-json\/wp\/v2\/posts\/12084\/revisions\/12090"}],"wp:attachment":[{"href":"https:\/\/www.granadablogs.com\/pateandoelmundo\/wp-json\/wp\/v2\/media?parent=12084"}],"wp:term":[{"taxonomy":"category","embeddable":true,"href":"https:\/\/www.granadablogs.com\/pateandoelmundo\/wp-json\/wp\/v2\/categories?post=12084"},{"taxonomy":"post_tag","embeddable":true,"href":"https:\/\/www.granadablogs.com\/pateandoelmundo\/wp-json\/wp\/v2\/tags?post=12084"}],"curies":[{"name":"wp","href":"https:\/\/api.w.org\/{rel}","templated":true}]}}