{"id":11923,"date":"2012-07-31T19:08:25","date_gmt":"2012-07-31T18:08:25","guid":{"rendered":"http:\/\/www.granadablogs.com\/pateandoelmundo\/?p=11923"},"modified":"2012-07-31T19:08:25","modified_gmt":"2012-07-31T18:08:25","slug":"postpositos-veraniegos","status":"publish","type":"post","link":"https:\/\/www.granadablogs.com\/pateandoelmundo\/postpositos-veraniegos\/","title":{"rendered":"Postp\u00f3sitos veraniegos"},"content":{"rendered":"<p style=\"text-align: justify;\">El gran Barrera (alguna vez me enterar\u00e9 de la raz\u00f3n por la que en IDEAL, los apellidos son el nombre de guerra) est\u00e1 inmerso en una labor tit\u00e1nica, este verano. Uno de esos retos solo aptos para tipos hom\u00e9ricos y de car\u00e1cter: escribirse 50 posts seguidos, en verano, uno diario.<\/p>\n<p style=\"text-align: justify;\">\n<p style=\"text-align: justify;\">Ah\u00ed.<\/p>\n<p style=\"text-align: justify;\">\n<p style=\"text-align: justify;\">Con un par.<\/p>\n<p style=\"text-align: justify;\">\n<p style=\"text-align: justify;\">No perdona ni a las C\u00e1rmenes, ni el d\u00eda de la Virgen, ni Santiago Cierra Espa\u00f1a, la final de la Eurocopa o la inauguraci\u00f3n de las Olimpiadas.<\/p>\n<p style=\"text-align: justify;\">\n<p style=\"text-align: justify;\">Un d\u00eda s\u00ed y otro tambi\u00e9n, Barrera escribe su post veraniego, en una de esas bit\u00e1coras de obligado seguimiento: <a href=\"http:\/\/granadablogs.com\/cableados\/\" target=\"_blank\">Cableados<\/a>.<\/p>\n<p style=\"text-align: justify;\">\n<p style=\"text-align: justify;\">Inspirado por el Maestro Barrera, pero ostensiblemente m\u00e1s modesto, y dado que vamos a pasar aqu\u00ed, al pie del ca\u00f1\u00f3n, todo agosto enterito, de cabo a rabo, de principio a fin, de 1 a 31\u2026 \u00a1vamos a tratar de publicar un post diario, incluyendo s\u00e1bados, domingos y fines de semana!<\/p>\n<p style=\"text-align: justify;\">\n<p style=\"text-align: justify;\">Una entrada diaria que, al margen de la actualidad, las citas, la opini\u00f3n, los cuentos, los relatos y las mamandurrias varias (adoro esa palabra) sirva para recomendar un libro, un disco, un tebeo, un concierto, una pel\u00edcula, una exposici\u00f3n, una obra de teatro, un documental o una serie.<\/p>\n<p style=\"text-align: justify;\">\n<p style=\"text-align: justify;\">Porque los cansinos somos as\u00ed.<\/p>\n<p style=\"text-align: justify;\">\n<p style=\"text-align: justify;\">Y los cansinos, al menos este Cansino Hist\u00f3rico, no va a cejar en su empe\u00f1o de reivindicar a la Cultura como Arma de Transformaci\u00f3n Masiva y Herramienta de Generaci\u00f3n de Riqueza Mental, Intelectual, Emocional y Material. (Leer, sin ir m\u00e1s lejos, <a href=\"http:\/\/www.granadablogs.com\/pateandoelmundo\/2012\/07\/en-clave-domestica\/\" target=\"_blank\">este art\u00edculo en IDEAL<\/a>, de la semana pasada)<\/p>\n<p style=\"text-align: justify;\">\n<p style=\"text-align: justify;\">Est\u00e9is o no por aqu\u00ed, and\u00e9is de vacaciones o sig\u00e1is currando; dado que con los Smartphones, las Tabletas, los Notebook y dem\u00e1s gadgets tecnol\u00f3gicos de \u00faltima generaci\u00f3n se est\u00e1 permanente on line y conectados; espero vuestros consejos, propuestas y recomendaciones.<\/p>\n<p style=\"text-align: justify;\">\n<p style=\"text-align: justify;\">Que en verano hace un calor del carajo, pero que eso no es motivo para congelar a las neuronas bajo el aire acondicionado o para ahogarlas en Sangr\u00eda de Autor. Que no todo van a ser Gin Tonics de tonalidades afrutadas en el verano de la Re-Crisis, \u00bfno?<\/p>\n<p style=\"text-align: justify;\">\n<p style=\"text-align: justify;\">Pues venga.<\/p>\n<p style=\"text-align: justify;\">\n<p style=\"text-align: justify;\">Ma\u00f1ana, el primer aPostado, aunque hoy ya subimos <a href=\"http:\/\/www.granadablogs.com\/pateandoelmundo\/2012\/07\/el-escondite-de-grisha\/\" target=\"_blank\">uno<\/a>, que enlaza con otros tres&#8230;<\/p>\n<p style=\"text-align: justify;\">\n<p style=\"text-align: justify;\">Jes\u00fas <strong><em>agostando<\/em><\/strong> Lens<\/p>\n<p style=\"text-align: justify;\">\n<p style=\"text-align: justify;\">PD.- En <a href=\"http:\/\/www.granadablogs.com\/pateandoelmundo\/2008\/07\/31\/\">2008<\/a>, <a href=\"http:\/\/www.granadablogs.com\/pateandoelmundo\/2009\/07\/31\/\">2009<\/a>, <a href=\"http:\/\/www.granadablogs.com\/pateandoelmundo\/2010\/07\/31\/\">2010<\/a> y <a href=\"http:\/\/www.granadablogs.com\/pateandoelmundo\/2011\/07\/31\/\">2011<\/a> estar\u00edamos m\u00e1s dispersos. Pero, \u00a1hay que ver si public\u00e1bamos!<\/p>\n","protected":false},"excerpt":{"rendered":"<p>El gran Barrera (alguna vez me enterar\u00e9 de la raz\u00f3n por la que en IDEAL, los apellidos son el nombre de guerra) est\u00e1 inmerso en una labor tit\u00e1nica, este verano. Uno de esos retos solo aptos para tipos hom\u00e9ricos y de car\u00e1cter: escribirse 50 posts seguidos, en verano, uno diario. Ah\u00ed. Con un par. No [&hellip;]<\/p>\n","protected":false},"author":1,"featured_media":0,"comment_status":"open","ping_status":"open","sticky":false,"template":"","format":"standard","meta":{"jetpack_post_was_ever_published":false,"_jetpack_newsletter_access":"","_jetpack_dont_email_post_to_subs":false,"_jetpack_newsletter_tier_id":0,"_jetpack_memberships_contains_paywalled_content":false,"_jetpack_memberships_contains_paid_content":false,"footnotes":""},"categories":[9],"tags":[7004,7005,7001,6999,645,7000,7002,7003],"class_list":["post-11923","post","type-post","status-publish","format-standard","hentry","category-literarios","tag-aposteando","tag-apostear","tag-blog-barrera","tag-cableados","tag-escribir","tag-javier-barrera","tag-postear-en-agosto","tag-postpositos"],"jetpack_featured_media_url":"","jetpack_sharing_enabled":true,"_links":{"self":[{"href":"https:\/\/www.granadablogs.com\/pateandoelmundo\/wp-json\/wp\/v2\/posts\/11923","targetHints":{"allow":["GET"]}}],"collection":[{"href":"https:\/\/www.granadablogs.com\/pateandoelmundo\/wp-json\/wp\/v2\/posts"}],"about":[{"href":"https:\/\/www.granadablogs.com\/pateandoelmundo\/wp-json\/wp\/v2\/types\/post"}],"author":[{"embeddable":true,"href":"https:\/\/www.granadablogs.com\/pateandoelmundo\/wp-json\/wp\/v2\/users\/1"}],"replies":[{"embeddable":true,"href":"https:\/\/www.granadablogs.com\/pateandoelmundo\/wp-json\/wp\/v2\/comments?post=11923"}],"version-history":[{"count":1,"href":"https:\/\/www.granadablogs.com\/pateandoelmundo\/wp-json\/wp\/v2\/posts\/11923\/revisions"}],"predecessor-version":[{"id":11924,"href":"https:\/\/www.granadablogs.com\/pateandoelmundo\/wp-json\/wp\/v2\/posts\/11923\/revisions\/11924"}],"wp:attachment":[{"href":"https:\/\/www.granadablogs.com\/pateandoelmundo\/wp-json\/wp\/v2\/media?parent=11923"}],"wp:term":[{"taxonomy":"category","embeddable":true,"href":"https:\/\/www.granadablogs.com\/pateandoelmundo\/wp-json\/wp\/v2\/categories?post=11923"},{"taxonomy":"post_tag","embeddable":true,"href":"https:\/\/www.granadablogs.com\/pateandoelmundo\/wp-json\/wp\/v2\/tags?post=11923"}],"curies":[{"name":"wp","href":"https:\/\/api.w.org\/{rel}","templated":true}]}}