{"id":11834,"date":"2012-07-19T17:21:34","date_gmt":"2012-07-19T16:21:34","guid":{"rendered":"http:\/\/www.granadablogs.com\/pateandoelmundo\/?p=11834"},"modified":"2012-07-19T18:06:11","modified_gmt":"2012-07-19T17:06:11","slug":"va-por-ti-ernest","status":"publish","type":"post","link":"https:\/\/www.granadablogs.com\/pateandoelmundo\/va-por-ti-ernest\/","title":{"rendered":"Va por ti, Ernest"},"content":{"rendered":"<p style=\"text-align: justify;\">\n<p style=\"text-align: justify;\">\n<p style=\"text-align: justify;\">Para la <a href=\"http:\/\/www.granadablogs.com\/pateandoelmundo\/2012\/06\/gangs-of-grangijon\/\" target=\"_blank\">presentaci\u00f3n en Madrid de \u201cCaf\u00e9-Bar Cinema\u201d<\/a>, Fernando Mar\u00edas (cuya excepcional <a href=\"http:\/\/www.granadablogs.com\/pateandoelmundo\/2010\/07\/todo-el-amor-y-casi-toda-la-muerte\/\" target=\"_blank\">\u00abTodo el amor y casi toda la muerte\u00bb<\/a> ya est\u00e1 en bolsillo) nos sugiri\u00f3 a Javier M\u00e1rquez y a m\u00ed que rindi\u00e9ramos homenaje a los protagonistas de \u201cAbierto hasta el amanecer\u201d, una de las grandes pel\u00edculas familiares de la historia del cine, de visi\u00f3n obligatoria todas las Navidades, incluso por delante de \u201cQu\u00e9 bello es vivir\u201d.<\/p>\n<p style=\"text-align: justify;\">\n<figure id=\"attachment_11835\" aria-describedby=\"caption-attachment-11835\" style=\"width: 300px\" class=\"wp-caption aligncenter\"><a href=\"http:\/\/www.granadablogs.com\/pateandoelmundo\/wp-content\/uploads\/2012\/07\/Borgnine-Laura-3.jpg\"><img loading=\"lazy\" decoding=\"async\" class=\"size-medium wp-image-11835\" title=\"Lens, Mar\u00edas y M\u00e1rquez\" src=\"http:\/\/www.granadablogs.com\/pateandoelmundo\/wp-content\/uploads\/2012\/07\/Borgnine-Laura-3-300x131.jpg\" alt=\"\" width=\"300\" height=\"131\" srcset=\"https:\/\/www.granadablogs.com\/pateandoelmundo\/wp-content\/uploads\/2012\/07\/Borgnine-Laura-3-300x131.jpg 300w, https:\/\/www.granadablogs.com\/pateandoelmundo\/wp-content\/uploads\/2012\/07\/Borgnine-Laura-3.jpg 960w\" sizes=\"auto, (max-width: 300px) 100vw, 300px\" \/><\/a><figcaption id=\"caption-attachment-11835\" class=\"wp-caption-text\">Foto de Laura Mu\u00f1oz<\/figcaption><\/figure>\n<p style=\"text-align: justify;\">Con nuestros trajes negros, camisa blanca y gafas de sol; \u00e9ramos los trasuntos perfectos de George Clooney y el psic\u00f3pata de Quentin Tarantino.<\/p>\n<p style=\"text-align: justify;\">\n<figure id=\"attachment_11836\" aria-describedby=\"caption-attachment-11836\" style=\"width: 300px\" class=\"wp-caption aligncenter\"><a href=\"http:\/\/www.granadablogs.com\/pateandoelmundo\/wp-content\/uploads\/2012\/07\/Borgnine-Laura-2.jpg\"><img loading=\"lazy\" decoding=\"async\" class=\"size-medium wp-image-11836\" title=\"Lens, Mar\u00edas &amp; M\u00e1rquez\" src=\"http:\/\/www.granadablogs.com\/pateandoelmundo\/wp-content\/uploads\/2012\/07\/Borgnine-Laura-2-300x66.jpg\" alt=\"\" width=\"300\" height=\"66\" srcset=\"https:\/\/www.granadablogs.com\/pateandoelmundo\/wp-content\/uploads\/2012\/07\/Borgnine-Laura-2-300x66.jpg 300w, https:\/\/www.granadablogs.com\/pateandoelmundo\/wp-content\/uploads\/2012\/07\/Borgnine-Laura-2.jpg 960w\" sizes=\"auto, (max-width: 300px) 100vw, 300px\" \/><\/a><figcaption id=\"caption-attachment-11836\" class=\"wp-caption-text\">Foto de Laura Mu\u00f1oz<\/figcaption><\/figure>\n<p style=\"text-align: justify;\">Dado que <a href=\"http:\/\/www.granadablogs.com\/pateandoelmundo\/2012\/06\/negros-criminales-y-felices\/\" target=\"_blank\">la experiencia sali\u00f3 bien<\/a>, decidimos que, en Semana Negra, har\u00edamos una presentaci\u00f3n parecida, aunque cambiamos el traje negro y la camisa blanca por un h\u00edbrido adaptado al verano gijon\u00e9s y al desenfado semanero: camisa rigurosamente negra y, por supuesto, las imprescindibles gafas de sol oscuras, marca de la f\u00e1brica.<\/p>\n<p style=\"text-align: justify;\">\n<p style=\"text-align: justify;\">Y en esas est\u00e1bamos, preparando las presentaciones cruzadas tanto de \u201cCaf\u00e9-Bar Cinema\u201d como de la \u00faltima novela de M\u00e1rquez, la genial e imprescindible <a href=\"http:\/\/www.granadablogs.com\/pateandoelmundo\/2012\/01\/letal-como-un-solo-de-charlie-parker\/\" target=\"_blank\">\u201cLetal como un solo de Charlie Parker\u201d<\/a>, viendo qu\u00e9 golpes de efecto pod\u00edamos dar; cuando Internet transmiti\u00f3 la mala noticia: hab\u00eda muerto Ernest Borgnine.<\/p>\n<p style=\"text-align: justify;\">\n<p style=\"text-align: justify;\">Feo como \u00e9l solo, duro como solo la cara de algunos pol\u00edticos puede serla, Borgnine fue uno de esos secundarios de lujo que, cuando tuvo un rol principal en \u201cMarty\u201d, gan\u00f3 el Oscar por un papel parad\u00f3jicamente tierno y vulnerable.<\/p>\n<p style=\"text-align: justify;\"><a href=\"http:\/\/www.granadablogs.com\/pateandoelmundo\/wp-content\/uploads\/2012\/07\/0000002.jpg\"><img loading=\"lazy\" decoding=\"async\" class=\"aligncenter size-medium wp-image-11837\" title=\"Ernest Borgnine\" src=\"http:\/\/www.granadablogs.com\/pateandoelmundo\/wp-content\/uploads\/2012\/07\/0000002-300x168.jpg\" alt=\"\" width=\"300\" height=\"168\" srcset=\"https:\/\/www.granadablogs.com\/pateandoelmundo\/wp-content\/uploads\/2012\/07\/0000002-300x168.jpg 300w, https:\/\/www.granadablogs.com\/pateandoelmundo\/wp-content\/uploads\/2012\/07\/0000002.jpg 630w\" sizes=\"auto, (max-width: 300px) 100vw, 300px\" \/><\/a><\/p>\n<p style=\"text-align: justify;\">\u00c9l, el gran Ernest pele\u00f3n y pendenciero que le buscaba las cosquillas a Spencer Tracy en \u201cConspiraci\u00f3n de silencio\u201d.<\/p>\n<p style=\"text-align: justify;\">\n<p style=\"text-align: justify;\">\u00c9l, ese Borgnine que, con Warren Oates, William Holden y Ben Johnson, conformaba aquel memorable cuarteto de \u201cGrupo salvaje\u201d, del que era el \u00faltimo superviviente de la memorable y reverenciada pel\u00edcula de Peckinpah, al que <a href=\"http:\/\/www.granadablogs.com\/pateandoelmundo\/2011\/02\/dialogos-de-amor-y-muerte\/\" target=\"_blank\">igualmente idolatramos<\/a>.<\/p>\n<p style=\"text-align: justify;\"><a href=\"http:\/\/www.granadablogs.com\/pateandoelmundo\/wp-content\/uploads\/2012\/07\/Borgnine-Grupo-Salvaje.gif\"><img loading=\"lazy\" decoding=\"async\" class=\"aligncenter size-medium wp-image-11838\" title=\"Borgnine Grupo Salvaje\" src=\"http:\/\/www.granadablogs.com\/pateandoelmundo\/wp-content\/uploads\/2012\/07\/Borgnine-Grupo-Salvaje-300x214.gif\" alt=\"\" width=\"300\" height=\"214\" srcset=\"https:\/\/www.granadablogs.com\/pateandoelmundo\/wp-content\/uploads\/2012\/07\/Borgnine-Grupo-Salvaje-300x214.gif 300w, https:\/\/www.granadablogs.com\/pateandoelmundo\/wp-content\/uploads\/2012\/07\/Borgnine-Grupo-Salvaje.gif 580w\" sizes=\"auto, (max-width: 300px) 100vw, 300px\" \/><\/a><\/p>\n<p style=\"text-align: justify;\">\u00c9l, el (pen)\u00faltimo hombre vivo, acaba de dejarnos.<\/p>\n<p style=\"text-align: justify;\">\n<p style=\"text-align: justify;\">Fernando, Javier y yo convinimos en que nuestras presentaciones ya no pod\u00edan tener nada de humor\u00edstico o simp\u00e1tico, sino que ten\u00edamos que convertirlas en un encendido y sincero homenaje al genial actor, uno de nuestros \u00eddolos.<\/p>\n<p style=\"text-align: justify;\">\n<p style=\"text-align: justify;\">Cuando los asistentes a la presentaci\u00f3n de \u201cLetal como un solo de Charlie Parker\u201d se encontraron con las dos estampas siguientes, no entend\u00edan nada.<\/p>\n<p style=\"text-align: justify;\">\n<figure id=\"attachment_11839\" aria-describedby=\"caption-attachment-11839\" style=\"width: 300px\" class=\"wp-caption aligncenter\"><a href=\"http:\/\/www.granadablogs.com\/pateandoelmundo\/wp-content\/uploads\/2012\/07\/Borgnine-Ribeiro2.jpg\"><img loading=\"lazy\" decoding=\"async\" class=\"size-medium wp-image-11839\" title=\"Homenaje a Ernest Borgnine Semana Negra\" src=\"http:\/\/www.granadablogs.com\/pateandoelmundo\/wp-content\/uploads\/2012\/07\/Borgnine-Ribeiro2-300x127.jpg\" alt=\"\" width=\"300\" height=\"127\" srcset=\"https:\/\/www.granadablogs.com\/pateandoelmundo\/wp-content\/uploads\/2012\/07\/Borgnine-Ribeiro2-300x127.jpg 300w, https:\/\/www.granadablogs.com\/pateandoelmundo\/wp-content\/uploads\/2012\/07\/Borgnine-Ribeiro2.jpg 960w\" sizes=\"auto, (max-width: 300px) 100vw, 300px\" \/><\/a><figcaption id=\"caption-attachment-11839\" class=\"wp-caption-text\">Foto de Jos\u00e9 Manuel Ribeiro<\/figcaption><\/figure>\n<p style=\"text-align: justify;\">\n<figure id=\"attachment_11840\" aria-describedby=\"caption-attachment-11840\" style=\"width: 300px\" class=\"wp-caption aligncenter\"><a href=\"http:\/\/www.granadablogs.com\/pateandoelmundo\/wp-content\/uploads\/2012\/07\/Borgnine-Ribeiro.jpg\"><img loading=\"lazy\" decoding=\"async\" class=\"size-medium wp-image-11840\" title=\"Homenaje a Borgnine Semana Negra\" src=\"http:\/\/www.granadablogs.com\/pateandoelmundo\/wp-content\/uploads\/2012\/07\/Borgnine-Ribeiro-300x150.jpg\" alt=\"\" width=\"300\" height=\"150\" srcset=\"https:\/\/www.granadablogs.com\/pateandoelmundo\/wp-content\/uploads\/2012\/07\/Borgnine-Ribeiro-300x150.jpg 300w, https:\/\/www.granadablogs.com\/pateandoelmundo\/wp-content\/uploads\/2012\/07\/Borgnine-Ribeiro.jpg 960w\" sizes=\"auto, (max-width: 300px) 100vw, 300px\" \/><\/a><figcaption id=\"caption-attachment-11840\" class=\"wp-caption-text\">Foto de Jos\u00e9 Manuel Ribeiro<\/figcaption><\/figure>\n<p style=\"text-align: justify;\">\u00bfPor qu\u00e9, tres vasos de leche sobre la mesa?<\/p>\n<p style=\"text-align: justify;\">\n<p style=\"text-align: justify;\">\u00bfPor qu\u00e9, tres tipos de metro noventa de altura vest\u00edan de luto?<\/p>\n<p style=\"text-align: justify;\">\n<p style=\"text-align: justify;\">\u00bfPor qu\u00e9, uno de ellos (yo, en este caso) se manten\u00eda serio, mudo y en actitud reverencial?<\/p>\n<p style=\"text-align: justify;\">\n<p style=\"text-align: justify;\">Lo del vaso de leche lo desvelar\u00edamos m\u00e1s adelante, en la presentaci\u00f3n de \u201cCaf\u00e9-Bar Cinema\u201d. La raz\u00f3n de mi mudez e impavidez, sin embargo, s\u00ed fue explicada en ese momento: estaba representando a un minuto de silencio viviente. Un minuto de silencio que se prolong\u00f3 durante todo el tiempo que dur\u00f3 la fant\u00e1stica conversaci\u00f3n entre Javier y Fernando.  Un minuto de silencio viviente que fue igualmente representado por Javier mientras Fernando y yo habl\u00e1bamos de cine y de bares, caf\u00e9s, clubes, cantinas y\u2026 saloones.<\/p>\n<p style=\"text-align: justify;\">\n<figure id=\"attachment_11841\" aria-describedby=\"caption-attachment-11841\" style=\"width: 300px\" class=\"wp-caption aligncenter\"><a href=\"http:\/\/www.granadablogs.com\/pateandoelmundo\/wp-content\/uploads\/2012\/07\/Borgnine-Ribeiro3.jpg\"><img loading=\"lazy\" decoding=\"async\" class=\"size-medium wp-image-11841\" title=\"Homenaje a Borgnine Semana Negra\" src=\"http:\/\/www.granadablogs.com\/pateandoelmundo\/wp-content\/uploads\/2012\/07\/Borgnine-Ribeiro3-300x240.jpg\" alt=\"\" width=\"300\" height=\"240\" srcset=\"https:\/\/www.granadablogs.com\/pateandoelmundo\/wp-content\/uploads\/2012\/07\/Borgnine-Ribeiro3-300x240.jpg 300w, https:\/\/www.granadablogs.com\/pateandoelmundo\/wp-content\/uploads\/2012\/07\/Borgnine-Ribeiro3.jpg 960w\" sizes=\"auto, (max-width: 300px) 100vw, 300px\" \/><\/a><figcaption id=\"caption-attachment-11841\" class=\"wp-caption-text\">Foto de Jos\u00e9 Manuel Ribeiro<\/figcaption><\/figure>\n<p style=\"text-align: justify;\">\u00a1Ay, el saloon y el western! \u00a1C\u00f3mo se beb\u00edan los rudos vaqueros aquellos whiskeys, de un solo trago\u2026! Sin embargo, hay una pel\u00edcula en la que uno de los personajes, uno de esos pistoleros duros y aguerridos, no beb\u00eda whiskey. Ni tequila. Ni siquiera cerveza. Siempre ped\u00eda una bebida tan improbable, en un saloon, como un vaso de leche. Pero es que \u201cViena\u2019s\u201d no era un local en absoluto convencional.<\/p>\n<p style=\"text-align: justify;\">\n<p style=\"text-align: justify;\">Ni que decir tiene que el bebedor de leche era Ernest Borgnine y que la pel\u00edcula, \u201cJohnny Guitar\u201d, ocupa un hueco muy especial entre los locales de \u201cCaf\u00e9-Bar Cinema\u201d.<\/p>\n<p style=\"text-align: justify;\">\n<p style=\"text-align: justify;\">Nuestro sentido homenaje a Ernest Borgnine culminar\u00eda a la ca\u00edda de la tarde, frente al Cant\u00e1brico, con una \u00edntima interpretaci\u00f3n por parte de la versi\u00f3n de c\u00e1mara de Rock and Books (Javier M\u00e1rquez y Paco G\u00f3mez Escribano, a falta de Pedro de Paz) de la canci\u00f3n \u201cLa golondrina\u201d, que sonaba en una de las escenas m\u00e1s sublimes y melanc\u00f3licas de la historia del cine, cuando los componentes del Grupo Salvaje abandonan el pueblo mexicano que les ha cobijado y parten sobre sus caballos, al paso, despidi\u00e9ndose de sus anfitriones y dirigi\u00e9ndose a una muerte segura, con aplomo, dignidad y entereza.<\/p>\n<p><object classid=\"clsid:d27cdb6e-ae6d-11cf-96b8-444553540000\" width=\"420\" height=\"315\" codebase=\"http:\/\/download.macromedia.com\/pub\/shockwave\/cabs\/flash\/swflash.cab#version=6,0,40,0\"><param name=\"allowFullScreen\" value=\"true\" \/><param name=\"allowscriptaccess\" value=\"always\" \/><param name=\"src\" value=\"http:\/\/www.youtube.com\/v\/GjqkHULSOtw?version=3&amp;hl=es_ES\" \/><param name=\"allowfullscreen\" value=\"true\" \/><\/object><\/p>\n<p style=\"text-align: justify;\">\n<p style=\"text-align: justify;\">No fuimos muchos, apenas una decena, los afortunados que tuvimos la oportunidad de ver a la golondrina que nos sobrevolaba y part\u00eda hacia el interior del mar, llev\u00e1ndose con ella los aplausos y el mensaje: <strong><em>\u201c\u00a1Va por ti, Ernest!\u201d<\/em><\/strong>, que restall\u00f3 aquel lunes, cuando el d\u00eda ya tocaba a su fin\u2026<\/p>\n<p style=\"text-align: justify;\">\n<figure id=\"attachment_11842\" aria-describedby=\"caption-attachment-11842\" style=\"width: 300px\" class=\"wp-caption aligncenter\"><a href=\"http:\/\/www.granadablogs.com\/pateandoelmundo\/wp-content\/uploads\/2012\/07\/Borgnine-Ribeiro5.jpg\"><img loading=\"lazy\" decoding=\"async\" class=\"size-medium wp-image-11842\" title=\"Homenaje a Borgnine Semana Negra\" src=\"http:\/\/www.granadablogs.com\/pateandoelmundo\/wp-content\/uploads\/2012\/07\/Borgnine-Ribeiro5-300x272.jpg\" alt=\"\" width=\"300\" height=\"272\" srcset=\"https:\/\/www.granadablogs.com\/pateandoelmundo\/wp-content\/uploads\/2012\/07\/Borgnine-Ribeiro5-300x272.jpg 300w, https:\/\/www.granadablogs.com\/pateandoelmundo\/wp-content\/uploads\/2012\/07\/Borgnine-Ribeiro5.jpg 960w\" sizes=\"auto, (max-width: 300px) 100vw, 300px\" \/><\/a><figcaption id=\"caption-attachment-11842\" class=\"wp-caption-text\">Foto de Jos\u00e9 Manuel Ribeiro<\/figcaption><\/figure>\n<figure id=\"attachment_11843\" aria-describedby=\"caption-attachment-11843\" style=\"width: 300px\" class=\"wp-caption aligncenter\"><a href=\"http:\/\/www.granadablogs.com\/pateandoelmundo\/wp-content\/uploads\/2012\/07\/Borgnine-Laura.jpg\"><img loading=\"lazy\" decoding=\"async\" class=\"size-medium wp-image-11843\" title=\"Homenaje a Ernest Borgnine\" src=\"http:\/\/www.granadablogs.com\/pateandoelmundo\/wp-content\/uploads\/2012\/07\/Borgnine-Laura-300x111.jpg\" alt=\"\" width=\"300\" height=\"111\" srcset=\"https:\/\/www.granadablogs.com\/pateandoelmundo\/wp-content\/uploads\/2012\/07\/Borgnine-Laura-300x111.jpg 300w, https:\/\/www.granadablogs.com\/pateandoelmundo\/wp-content\/uploads\/2012\/07\/Borgnine-Laura.jpg 960w\" sizes=\"auto, (max-width: 300px) 100vw, 300px\" \/><\/a><figcaption id=\"caption-attachment-11843\" class=\"wp-caption-text\">Foto de Laura Mu\u00f1oz<\/figcaption><\/figure>\n<figure id=\"attachment_11844\" aria-describedby=\"caption-attachment-11844\" style=\"width: 300px\" class=\"wp-caption aligncenter\"><a href=\"http:\/\/www.granadablogs.com\/pateandoelmundo\/wp-content\/uploads\/2012\/07\/Borgnine-Ribeiro4.jpg\"><img loading=\"lazy\" decoding=\"async\" class=\"size-medium wp-image-11844\" title=\"Rock and Books Borgnine\" src=\"http:\/\/www.granadablogs.com\/pateandoelmundo\/wp-content\/uploads\/2012\/07\/Borgnine-Ribeiro4-300x261.jpg\" alt=\"\" width=\"300\" height=\"261\" srcset=\"https:\/\/www.granadablogs.com\/pateandoelmundo\/wp-content\/uploads\/2012\/07\/Borgnine-Ribeiro4-300x261.jpg 300w, https:\/\/www.granadablogs.com\/pateandoelmundo\/wp-content\/uploads\/2012\/07\/Borgnine-Ribeiro4.jpg 960w\" sizes=\"auto, (max-width: 300px) 100vw, 300px\" \/><\/a><figcaption id=\"caption-attachment-11844\" class=\"wp-caption-text\">Foto de Jos\u00e9 Manuel Ribeiro<\/figcaption><\/figure>\n<p style=\"text-align: justify;\">Jes\u00fas <strong><em>borgniano<\/em><\/strong> Lens<\/p>\n<p style=\"text-align: justify;\">\n<p style=\"text-align: justify;\">PD.- Nos se\u00f1ala Fernando Mar\u00edas, en su muro, que es necesario tener cuidado con los Diez Negritos, por cuenta de esa pen\u00faltima foto, sombreros al viento:<\/p>\n<p style=\"text-align: justify;\">\n<p style=\"text-align: justify;\"><strong><em>El acto menos multidinario de la Semana Negra fue protagonizado por una golondrina invisible que, sin embargo, todos los presentes supimos ver: Juan Guinot, Fernando Mar\u00edas, Pablo Batalla, Juan Miguel Aguilera, Martin Roberts, Santiago Gamboa, Marcelo Luj\u00e1n, Paco G\u00f3mez Escribano, una dama cuya identidad acaso nunca conoceremos, Javier M\u00e1rquez S\u00e1nchez y Jes\u00fas Lens (foto, claro est\u00e1, de Laura Mu\u00f1oz). El n\u00famero de los presentes, exactamente diez excluyendo a la dama, la fot\u00f3grafa y la golondrina, permite comprendernos como la versi\u00f3n viva de una de las m\u00e1s famosas novelas criminales. Y me pregunto: si ahora comenz\u00e1ramos a morir uno a uno de formas misteriosas\u2026 \u00bfQui\u00e9n de nosotros ser\u00eda el asesino?<\/em><\/strong><\/p>\n<p style=\"text-align: justify;\">\n<p style=\"text-align: justify;\">\u00a1Ah\u00ed queda eso!<\/p>\n<p style=\"text-align: justify;\">\n<p style=\"text-align: justify;\">Veamos los 19 de julio de <a href=\"http:\/\/www.granadablogs.com\/pateandoelmundo\/2008\/07\/19\/\">2008<\/a>, <a href=\"http:\/\/www.granadablogs.com\/pateandoelmundo\/2009\/07\/19\/\">2009<\/a>, <a href=\"http:\/\/www.granadablogs.com\/pateandoelmundo\/2010\/07\/19\/\">2010<\/a> y <a href=\"http:\/\/www.granadablogs.com\/pateandoelmundo\/2011\/07\/19\/\">2011<\/a> lo que publicamos en este vuestro Blog&#8230;<\/p>\n","protected":false},"excerpt":{"rendered":"<p>Para la presentaci\u00f3n en Madrid de \u201cCaf\u00e9-Bar Cinema\u201d, Fernando Mar\u00edas (cuya excepcional \u00abTodo el amor y casi toda la muerte\u00bb ya est\u00e1 en bolsillo) nos sugiri\u00f3 a Javier M\u00e1rquez y a m\u00ed que rindi\u00e9ramos homenaje a los protagonistas de \u201cAbierto hasta el amanecer\u201d, una de las grandes pel\u00edculas familiares de la historia del cine, de [&hellip;]<\/p>\n","protected":false},"author":1,"featured_media":0,"comment_status":"open","ping_status":"open","sticky":false,"template":"","format":"standard","meta":{"jetpack_post_was_ever_published":false,"_jetpack_newsletter_access":"","_jetpack_dont_email_post_to_subs":false,"_jetpack_newsletter_tier_id":0,"_jetpack_memberships_contains_paywalled_content":false,"_jetpack_memberships_contains_paid_content":false,"footnotes":""},"categories":[2536,10],"tags":[10,6916,1449,6917,6919,6918,6920,6921,5088],"class_list":["post-11834","post","type-post","status-publish","format-standard","hentry","category-cafe-bar-cinema","category-cine","tag-cine","tag-ernest-borgnine","tag-fernando-marias","tag-homenaje-borgnine-semana-negra","tag-jose-manuel-ribeiro-feliu","tag-laura-munoz-hermida","tag-lens-marias-marquez","tag-rock-and-books","tag-semana-negra-2012"],"jetpack_featured_media_url":"","jetpack_sharing_enabled":true,"_links":{"self":[{"href":"https:\/\/www.granadablogs.com\/pateandoelmundo\/wp-json\/wp\/v2\/posts\/11834","targetHints":{"allow":["GET"]}}],"collection":[{"href":"https:\/\/www.granadablogs.com\/pateandoelmundo\/wp-json\/wp\/v2\/posts"}],"about":[{"href":"https:\/\/www.granadablogs.com\/pateandoelmundo\/wp-json\/wp\/v2\/types\/post"}],"author":[{"embeddable":true,"href":"https:\/\/www.granadablogs.com\/pateandoelmundo\/wp-json\/wp\/v2\/users\/1"}],"replies":[{"embeddable":true,"href":"https:\/\/www.granadablogs.com\/pateandoelmundo\/wp-json\/wp\/v2\/comments?post=11834"}],"version-history":[{"count":8,"href":"https:\/\/www.granadablogs.com\/pateandoelmundo\/wp-json\/wp\/v2\/posts\/11834\/revisions"}],"predecessor-version":[{"id":11846,"href":"https:\/\/www.granadablogs.com\/pateandoelmundo\/wp-json\/wp\/v2\/posts\/11834\/revisions\/11846"}],"wp:attachment":[{"href":"https:\/\/www.granadablogs.com\/pateandoelmundo\/wp-json\/wp\/v2\/media?parent=11834"}],"wp:term":[{"taxonomy":"category","embeddable":true,"href":"https:\/\/www.granadablogs.com\/pateandoelmundo\/wp-json\/wp\/v2\/categories?post=11834"},{"taxonomy":"post_tag","embeddable":true,"href":"https:\/\/www.granadablogs.com\/pateandoelmundo\/wp-json\/wp\/v2\/tags?post=11834"}],"curies":[{"name":"wp","href":"https:\/\/api.w.org\/{rel}","templated":true}]}}