{"id":11497,"date":"2012-05-25T08:51:47","date_gmt":"2012-05-25T07:51:47","guid":{"rendered":"http:\/\/www.granadablogs.com\/pateandoelmundo\/?p=11497"},"modified":"2012-05-25T17:52:25","modified_gmt":"2012-05-25T16:52:25","slug":"hoy-es-el-dia-de-africa","status":"publish","type":"post","link":"https:\/\/www.granadablogs.com\/pateandoelmundo\/hoy-es-el-dia-de-africa\/","title":{"rendered":"Hoy es el D\u00eda de \u00c1frica"},"content":{"rendered":"<p style=\"text-align: justify;\">Hoy, 25 de mayo, se celebra el D\u00eda de \u00c1frica.<\/p>\n<p style=\"text-align: center;\"><a href=\"http:\/\/www.granadablogs.com\/pateandoelmundo\/wp-content\/uploads\/2012\/05\/Caf\u00e9-para-todos3.jpg\"><img loading=\"lazy\" decoding=\"async\" class=\"size-medium wp-image-11498  aligncenter\" title=\"D\u00eda de \u00c1frica\" src=\"http:\/\/www.granadablogs.com\/pateandoelmundo\/wp-content\/uploads\/2012\/05\/Caf\u00e9-para-todos3-273x300.jpg\" alt=\"\" width=\"273\" height=\"300\" srcset=\"https:\/\/www.granadablogs.com\/pateandoelmundo\/wp-content\/uploads\/2012\/05\/Caf\u00e9-para-todos3-273x300.jpg 273w, https:\/\/www.granadablogs.com\/pateandoelmundo\/wp-content\/uploads\/2012\/05\/Caf\u00e9-para-todos3-932x1024.jpg 932w, https:\/\/www.granadablogs.com\/pateandoelmundo\/wp-content\/uploads\/2012\/05\/Caf\u00e9-para-todos3.jpg 959w\" sizes=\"auto, (max-width: 273px) 100vw, 273px\" \/><\/a><\/p>\n<p style=\"text-align: justify;\">Para celebrarlo, arrancamos con un extracto (que a m\u00ed ya me hace babear) del nuevo libro de Javier Reverte, que vuelve a \u00c1frica y que se titula \u201cColinas que arden, lagos de fuego\u201d:<\/p>\n<p style=\"text-align: justify;\"><strong>\u201cVolver a las colinas, las praderas, los bosques y los lagos del este de \u00c1frica, despu\u00e9s de varios a\u00f1os de ausencia, acelera los latidos del coraz\u00f3n y renueva los fluidos del esp\u00edritu. Adem\u00e1s de eso, recorrer a pie alguno de sus senderos, igual que lo hicieron los antiguos exploradores, resulta tan emocionante como diferente a otro tipo de viaje. Camin\u00e1ndola, se percibe mejor la esencia de \u00c1frica, que no es otra que la esencia misma de la palabra <em>aventura<\/em>.\u201d<\/strong><\/p>\n<p style=\"text-align: center;\"><a href=\"http:\/\/www.granadablogs.com\/pateandoelmundo\/wp-content\/uploads\/2012\/05\/Colinas-que-arden-lagos-de-fuego-Javier-Reverte.jpg\"><\/a><\/p>\n<p style=\"text-align: center;\"><a href=\"http:\/\/www.granadablogs.com\/pateandoelmundo\/wp-content\/uploads\/2012\/05\/Colinas-que-arden-lagos-de-fuego-Javier-Reverte1.jpg\"><img loading=\"lazy\" decoding=\"async\" class=\"aligncenter size-medium wp-image-11503\" title=\"Colinas que arden, lagos de fuego\" src=\"http:\/\/www.granadablogs.com\/pateandoelmundo\/wp-content\/uploads\/2012\/05\/Colinas-que-arden-lagos-de-fuego-Javier-Reverte1-194x300.jpg\" alt=\"\" width=\"194\" height=\"300\" srcset=\"https:\/\/www.granadablogs.com\/pateandoelmundo\/wp-content\/uploads\/2012\/05\/Colinas-que-arden-lagos-de-fuego-Javier-Reverte1-194x300.jpg 194w, https:\/\/www.granadablogs.com\/pateandoelmundo\/wp-content\/uploads\/2012\/05\/Colinas-que-arden-lagos-de-fuego-Javier-Reverte1.jpg 650w\" sizes=\"auto, (max-width: 194px) 100vw, 194px\" \/><\/a><\/p>\n<p style=\"text-align: justify;\">\u00a1Feliz D\u00eda de \u00c1frica!<\/p>\n<p style=\"text-align: center;\"><a href=\"http:\/\/www.granadablogs.com\/pateandoelmundo\/wp-content\/uploads\/2012\/05\/Cafe-Bar-Cinema-Presentaci\u00f3n21.jpg\"><img loading=\"lazy\" decoding=\"async\" class=\"size-medium wp-image-11500  aligncenter\" title=\"D\u00eda de \u00c1frica\" src=\"http:\/\/www.granadablogs.com\/pateandoelmundo\/wp-content\/uploads\/2012\/05\/Cafe-Bar-Cinema-Presentaci\u00f3n21-300x200.jpg\" alt=\"\" width=\"300\" height=\"200\" srcset=\"https:\/\/www.granadablogs.com\/pateandoelmundo\/wp-content\/uploads\/2012\/05\/Cafe-Bar-Cinema-Presentaci\u00f3n21-300x200.jpg 300w, https:\/\/www.granadablogs.com\/pateandoelmundo\/wp-content\/uploads\/2012\/05\/Cafe-Bar-Cinema-Presentaci\u00f3n21.jpg 450w\" sizes=\"auto, (max-width: 300px) 100vw, 300px\" \/><\/a><\/p>\n<p style=\"text-align: justify;\">\u00a1Salud!<\/p>\n<p style=\"text-align: justify;\">Jes\u00fas <strong><em>africanista<\/em><\/strong> Lens<\/p>\n<p style=\"text-align: justify;\">\n<p style=\"text-align: justify;\">A ver los 25 de mayo de <a href=\"http:\/\/www.granadablogs.com\/pateandoelmundo\/2008\/05\/25\/\">2008<\/a>, <a href=\"http:\/\/www.granadablogs.com\/pateandoelmundo\/2009\/05\/25\/\">2009<\/a>, <a href=\"http:\/\/www.granadablogs.com\/pateandoelmundo\/2010\/05\/25\/\">2009<\/a> y <a href=\"http:\/\/www.granadablogs.com\/pateandoelmundo\/2011\/05\/25\/\">2010<\/a><\/p>\n","protected":false},"excerpt":{"rendered":"<p>Hoy, 25 de mayo, se celebra el D\u00eda de \u00c1frica. Para celebrarlo, arrancamos con un extracto (que a m\u00ed ya me hace babear) del nuevo libro de Javier Reverte, que vuelve a \u00c1frica y que se titula \u201cColinas que arden, lagos de fuego\u201d: \u201cVolver a las colinas, las praderas, los bosques y los lagos del [&hellip;]<\/p>\n","protected":false},"author":1,"featured_media":0,"comment_status":"open","ping_status":"open","sticky":false,"template":"","format":"standard","meta":{"jetpack_post_was_ever_published":false,"_jetpack_newsletter_access":"","_jetpack_dont_email_post_to_subs":false,"_jetpack_newsletter_tier_id":0,"_jetpack_memberships_contains_paywalled_content":false,"_jetpack_memberships_contains_paid_content":false,"footnotes":""},"categories":[36,9,24,16],"tags":[6706,36,6707,6705,1124,4886,6708,24],"class_list":["post-11497","post","type-post","status-publish","format-standard","hentry","category-africa","category-literarios","category-viajes","category-viajes-africa","tag-25-mayo-africa","tag-africa","tag-colinas-que-arden-lagos-de-fuego","tag-dia-de-africa","tag-javier-reverte","tag-javier-reverte-africa","tag-nuevo-libro-javier-reverte","tag-viajes"],"jetpack_featured_media_url":"","jetpack_sharing_enabled":true,"_links":{"self":[{"href":"https:\/\/www.granadablogs.com\/pateandoelmundo\/wp-json\/wp\/v2\/posts\/11497","targetHints":{"allow":["GET"]}}],"collection":[{"href":"https:\/\/www.granadablogs.com\/pateandoelmundo\/wp-json\/wp\/v2\/posts"}],"about":[{"href":"https:\/\/www.granadablogs.com\/pateandoelmundo\/wp-json\/wp\/v2\/types\/post"}],"author":[{"embeddable":true,"href":"https:\/\/www.granadablogs.com\/pateandoelmundo\/wp-json\/wp\/v2\/users\/1"}],"replies":[{"embeddable":true,"href":"https:\/\/www.granadablogs.com\/pateandoelmundo\/wp-json\/wp\/v2\/comments?post=11497"}],"version-history":[{"count":4,"href":"https:\/\/www.granadablogs.com\/pateandoelmundo\/wp-json\/wp\/v2\/posts\/11497\/revisions"}],"predecessor-version":[{"id":11502,"href":"https:\/\/www.granadablogs.com\/pateandoelmundo\/wp-json\/wp\/v2\/posts\/11497\/revisions\/11502"}],"wp:attachment":[{"href":"https:\/\/www.granadablogs.com\/pateandoelmundo\/wp-json\/wp\/v2\/media?parent=11497"}],"wp:term":[{"taxonomy":"category","embeddable":true,"href":"https:\/\/www.granadablogs.com\/pateandoelmundo\/wp-json\/wp\/v2\/categories?post=11497"},{"taxonomy":"post_tag","embeddable":true,"href":"https:\/\/www.granadablogs.com\/pateandoelmundo\/wp-json\/wp\/v2\/tags?post=11497"}],"curies":[{"name":"wp","href":"https:\/\/api.w.org\/{rel}","templated":true}]}}