{"id":11385,"date":"2012-05-09T17:12:57","date_gmt":"2012-05-09T16:12:57","guid":{"rendered":"http:\/\/www.granadablogs.com\/pateandoelmundo\/?p=11385"},"modified":"2012-05-12T12:22:50","modified_gmt":"2012-05-12T11:22:50","slug":"diccionario-de-nueva-york","status":"publish","type":"post","link":"https:\/\/www.granadablogs.com\/pateandoelmundo\/diccionario-de-nueva-york\/","title":{"rendered":"Diccionario de Nueva York"},"content":{"rendered":"<p style=\"text-align: justify;\">Piensa en algo ceniciento, pl\u00fambeo y cansino hasta el hartazgo. Piensa en uno de esos momentos en que has sentido sobre tus hombros el peso \u00edntegro del planeta tierra, con todo lo que contiene.<\/p>\n<p style=\"text-align: justify;\">Piensa, sin ir m\u00e1s lejos, que est\u00e1s en un pueblo de la meseta castellana, un domingo de mitad de agosto, a las cinco de la tarde, a pleno sol y sin nada que hacer.<\/p>\n<p style=\"text-align: justify;\">Pues siento mucho decirlo, pero cada vez que cog\u00eda en mis manos el \u201cDiccionario de Nueva York\u201d de Alfonso Armada, me sent\u00eda un poco as\u00ed.<\/p>\n<p style=\"text-align: center;\"><a href=\"http:\/\/www.granadablogs.com\/pateandoelmundo\/wp-content\/uploads\/2012\/05\/Animales-12.jpg\"><img loading=\"lazy\" decoding=\"async\" class=\"size-medium wp-image-11386  aligncenter\" title=\"Diccionario de Nueva York\" src=\"http:\/\/www.granadablogs.com\/pateandoelmundo\/wp-content\/uploads\/2012\/05\/Animales-12-191x300.jpg\" alt=\"\" width=\"191\" height=\"300\" srcset=\"https:\/\/www.granadablogs.com\/pateandoelmundo\/wp-content\/uploads\/2012\/05\/Animales-12-191x300.jpg 191w, https:\/\/www.granadablogs.com\/pateandoelmundo\/wp-content\/uploads\/2012\/05\/Animales-12.jpg 650w\" sizes=\"auto, (max-width: 191px) 100vw, 191px\" \/><\/a><\/p>\n<p style=\"text-align: justify;\">Antes de viajar a Nueva York, hace unas semanas, aprovech\u00e9 para ver algunas pel\u00edculas y leer determinados libros con la Gran Manzana como protagonista. Ya comentamos <a href=\"http:\/\/www.granadablogs.com\/pateandoelmundo\/2012\/03\/lugares-que-no-quiero-compartir-con-nadie\/\" target=\"_blank\">el gozo y la felicidad de leer lo \u00faltimo de Elvira Lindo<\/a>, por ejemplo. Y aunque he esperado un tiempo, dej\u00e1ndolo reposar, llega el momento de ajustar cuentas con este Diccionario de Nueva York, publicado por Ediciones Pen\u00ednsula.<\/p>\n<p style=\"text-align: justify;\">Que el 11-S marc\u00f3 un antes y un despu\u00e9s en nuestra vida est\u00e1 claro. Que el impacto, en Estados Unidos en general y en Nueva York en particular, tuvo que ser absolutamente brutal y desolador tampoco admitir\u00e1 ninguna duda.<\/p>\n<p style=\"text-align: justify;\">Pero que Alfonso Armada trufe buena parte de las entradas que componen este Diccionario con la ausencia de las Torres, convierte su lectura, por momentos, en algo insoportable.<\/p>\n<p style=\"text-align: justify;\">A ver. Que Alfonso Armada es un tit\u00e1n escribiendo, no admite discusi\u00f3n. Y que es un periodista de raza, curtido y fogueado; tampoco. Que tiene una cultura tan vasta como enciclop\u00e9dica es una verdad del tama\u00f1o de una catedral g\u00f3tica. Y que su correspondencia con S\u00e1nchez-Ter\u00e1n entre \u00c1frica y Nueva York en el suplemento de peri\u00f3dicos como IDEAL era absolutamente imprescindible; tampoco puede haber nadie que ose dudarlo.<\/p>\n<p style=\"text-align: justify;\">Pero este Diccionario de la ciudad de los rascacielos, a\u00fan con momentos deslumbrantes, mayormente da mucha pena. Pena, no en el sentido ir\u00f3nico o lastimero del t\u00e9rmino, sino en el tradicional del diccionario de la lengua, en su segunda acepci\u00f3n: \u201caflicci\u00f3n, tristeza\u201d.<\/p>\n<p style=\"text-align: justify;\">Hondas, profundas, terribles y destrozadoras. Aflicci\u00f3n, pena, tristeza y desconsuelo.<\/p>\n<p style=\"text-align: center;\"><a href=\"http:\/\/www.granadablogs.com\/pateandoelmundo\/wp-content\/uploads\/2012\/05\/Boicot.jpg\"><img loading=\"lazy\" decoding=\"async\" class=\"size-medium wp-image-11387  aligncenter\" title=\"Zona Cero\" src=\"http:\/\/www.granadablogs.com\/pateandoelmundo\/wp-content\/uploads\/2012\/05\/Boicot-300x225.jpg\" alt=\"\" width=\"300\" height=\"225\" srcset=\"https:\/\/www.granadablogs.com\/pateandoelmundo\/wp-content\/uploads\/2012\/05\/Boicot-300x225.jpg 300w, https:\/\/www.granadablogs.com\/pateandoelmundo\/wp-content\/uploads\/2012\/05\/Boicot.jpg 590w\" sizes=\"auto, (max-width: 300px) 100vw, 300px\" \/><\/a><\/p>\n<p style=\"text-align: justify;\">Un libro es, por supuesto, de su autor. Y \u201cDiccionario de Nueva York\u201d es un gran libro. El libro de Alfonso Armada. Pero no puedo hacerlo m\u00edo, como lector.<\/p>\n<p style=\"text-align: justify;\">No quiero.<\/p>\n<p style=\"text-align: justify;\">Al menos, no ahora.<\/p>\n<p style=\"text-align: justify;\">En mi viaje a Nueva York buscaba mitolog\u00eda. Y la he encontrado. A raudales. Es cierto que estuvimos en la Zona Cero y en el Memorial que recuerda a los 3.000 muertos de las Torres Gemelas. Y que imponen e impactan.<\/p>\n<p style=\"text-align: justify;\">Pero Nueva York es otro mont\u00f3n de cosas. Y \u00e9sas eran las que yo quer\u00eda disfrutar, vivir y experimentar.<\/p>\n<p style=\"text-align: justify;\">Justo en el avi\u00f3n, volando hacia la Gran Manzana, le\u00ed el texto de un articulista espa\u00f1ol all\u00ed radicado y que hablaba de la hostilidad de la ciudad y la frialdad de sus habitantes. Que, incluso, hab\u00eda personas que daban peque\u00f1os golpes de forma voluntaria a los pasajeros del metro o del autob\u00fas para tener la ocasi\u00f3n de disculparse y entablar contacto humano con sus semejantes.<\/p>\n<p style=\"text-align: justify;\">\u00a1Por favor!<\/p>\n<p style=\"text-align: justify;\">Sean falsas, sean ensayadas o sean interesadas, Nueva York est\u00e1 repleta de buenas palabras, sonrisas y expresiones de \u00e1nimo. \u00bfSilencio y hostilidad? \u00a1Menos cuentos, Caperucito!<\/p>\n<p style=\"text-align: justify;\">Lo siento, pero no. Mi Nueva York, en estos d\u00edas como turista, ni ha sido hostil ni se me ha mostrado angustiosa y pesarosa; triste y hundida.<\/p>\n<p style=\"text-align: center;\"><a href=\"http:\/\/www.granadablogs.com\/pateandoelmundo\/wp-content\/uploads\/2012\/05\/Caf\u00e9-para-todos.jpg\"><img loading=\"lazy\" decoding=\"async\" class=\"size-medium wp-image-11388  aligncenter\" title=\"Nueva York\" src=\"http:\/\/www.granadablogs.com\/pateandoelmundo\/wp-content\/uploads\/2012\/05\/Caf\u00e9-para-todos-300x200.jpg\" alt=\"\" width=\"300\" height=\"200\" srcset=\"https:\/\/www.granadablogs.com\/pateandoelmundo\/wp-content\/uploads\/2012\/05\/Caf\u00e9-para-todos-300x200.jpg 300w, https:\/\/www.granadablogs.com\/pateandoelmundo\/wp-content\/uploads\/2012\/05\/Caf\u00e9-para-todos.jpg 500w\" sizes=\"auto, (max-width: 300px) 100vw, 300px\" \/><\/a><\/p>\n<p style=\"text-align: justify;\">Quiz\u00e1, en otro momento, en otro contexto, habr\u00eda disfrutado de la dimensi\u00f3n humana, casi espiritual, del \u201cDiccionario en Nueva York\u201d de Armada. Sin embargo y en los derechos que me amparan como lector, proclamo que buscaba leer una versi\u00f3n espa\u00f1ola de \u201cNueva York era una fiesta\u201d y, en este libro, no lo encontr\u00e9.<\/p>\n<p style=\"text-align: justify;\">Jes\u00fas Lens Espinosa de los Monteros.<\/p>\n<p style=\"text-align: justify;\">\n<p style=\"text-align: justify;\">A ver en anteriores 9 de mayo&#8230; <a href=\"http:\/\/www.granadablogs.com\/pateandoelmundo\/2008\/05\/09\/\">2008<\/a>, <a href=\"http:\/\/www.granadablogs.com\/pateandoelmundo\/2009\/05\/09\/\">2009<\/a>, <a href=\"http:\/\/www.granadablogs.com\/pateandoelmundo\/2010\/05\/09\/\">2010<\/a> y <a href=\"http:\/\/www.granadablogs.com\/pateandoelmundo\/2011\/05\/09\/\">2011<\/a><\/p>\n","protected":false},"excerpt":{"rendered":"<p>Piensa en algo ceniciento, pl\u00fambeo y cansino hasta el hartazgo. Piensa en uno de esos momentos en que has sentido sobre tus hombros el peso \u00edntegro del planeta tierra, con todo lo que contiene. Piensa, sin ir m\u00e1s lejos, que est\u00e1s en un pueblo de la meseta castellana, un domingo de mitad de agosto, a [&hellip;]<\/p>\n","protected":false},"author":1,"featured_media":0,"comment_status":"open","ping_status":"open","sticky":false,"template":"","format":"standard","meta":{"jetpack_post_was_ever_published":false,"_jetpack_newsletter_access":"","_jetpack_dont_email_post_to_subs":false,"_jetpack_newsletter_tier_id":0,"_jetpack_memberships_contains_paywalled_content":false,"_jetpack_memberships_contains_paid_content":false,"footnotes":""},"categories":[9,24],"tags":[6620,6179,1888,2246,6621,24,6622],"class_list":["post-11385","post","type-post","status-publish","format-standard","hentry","category-literarios","category-viajes","tag-alfonso-armada","tag-diccionario-de-nueva-york","tag-elvira-lindo","tag-nueva-york","tag-torres-gemelas","tag-viajes","tag-zona-cero"],"jetpack_featured_media_url":"","jetpack_sharing_enabled":true,"_links":{"self":[{"href":"https:\/\/www.granadablogs.com\/pateandoelmundo\/wp-json\/wp\/v2\/posts\/11385","targetHints":{"allow":["GET"]}}],"collection":[{"href":"https:\/\/www.granadablogs.com\/pateandoelmundo\/wp-json\/wp\/v2\/posts"}],"about":[{"href":"https:\/\/www.granadablogs.com\/pateandoelmundo\/wp-json\/wp\/v2\/types\/post"}],"author":[{"embeddable":true,"href":"https:\/\/www.granadablogs.com\/pateandoelmundo\/wp-json\/wp\/v2\/users\/1"}],"replies":[{"embeddable":true,"href":"https:\/\/www.granadablogs.com\/pateandoelmundo\/wp-json\/wp\/v2\/comments?post=11385"}],"version-history":[{"count":3,"href":"https:\/\/www.granadablogs.com\/pateandoelmundo\/wp-json\/wp\/v2\/posts\/11385\/revisions"}],"predecessor-version":[{"id":11416,"href":"https:\/\/www.granadablogs.com\/pateandoelmundo\/wp-json\/wp\/v2\/posts\/11385\/revisions\/11416"}],"wp:attachment":[{"href":"https:\/\/www.granadablogs.com\/pateandoelmundo\/wp-json\/wp\/v2\/media?parent=11385"}],"wp:term":[{"taxonomy":"category","embeddable":true,"href":"https:\/\/www.granadablogs.com\/pateandoelmundo\/wp-json\/wp\/v2\/categories?post=11385"},{"taxonomy":"post_tag","embeddable":true,"href":"https:\/\/www.granadablogs.com\/pateandoelmundo\/wp-json\/wp\/v2\/tags?post=11385"}],"curies":[{"name":"wp","href":"https:\/\/api.w.org\/{rel}","templated":true}]}}