{"id":11264,"date":"2012-04-25T09:41:22","date_gmt":"2012-04-25T08:41:22","guid":{"rendered":"http:\/\/www.granadablogs.com\/pateandoelmundo\/?p=11264"},"modified":"2012-04-25T09:42:45","modified_gmt":"2012-04-25T08:42:45","slug":"una-ventana-para-pilar-ortiz","status":"publish","type":"post","link":"https:\/\/www.granadablogs.com\/pateandoelmundo\/una-ventana-para-pilar-ortiz\/","title":{"rendered":"Una Ventana para Pilar Ortiz"},"content":{"rendered":"<p style=\"text-align: justify;\"><strong><em>Hoy, a las 18 horas, en la Sala de Exposiciones de CajaGRANADA en Puerta Real, tengo el orgullo, la satisfacci\u00f3n y el placer de acompa\u00f1ar el libro \u201cVentanas Veredas\u201d, de mi amiga Pilar Ortiz, en la Feria del Libro de Granada y en cuya <a href=\"http:\/\/pilarortiztorres.wordpress.com\/\" target=\"_blank\">p\u00e1gina web <\/a>podr\u00e9is ver buena parte de su extraordinario trabajo pict\u00f3rico. Un libro precioso y preciado, primorosamente editado por Dauro ediciones.<\/em><\/strong><\/p>\n<p style=\"text-align: justify;\"><strong><em>Os adelanto el texto que, con todo cari\u00f1o, escrib\u00ed para ese libro, precioso, que os recomiendo vivamente.<\/em><\/strong><\/p>\n<p style=\"text-align: justify;\">Una ventana, cerrada, preserva el calor y la intimidad. Abierta, la misma ventana permite ventilar y airear una estancia, posibilitando a sus moradores que se asomen a ver lo que hay fuera. Una ventana abierta deja que lleguen los olores transportados por la brisa, los ruidos y los sonidos de la calle, la luz del sol.<\/p>\n<p style=\"text-align: center;\"><a href=\"http:\/\/www.granadablogs.com\/pateandoelmundo\/wp-content\/uploads\/2012\/04\/205.jpg\"><img loading=\"lazy\" decoding=\"async\" class=\"size-medium wp-image-11265  aligncenter\" title=\"Ventanas veredas\" src=\"http:\/\/www.granadablogs.com\/pateandoelmundo\/wp-content\/uploads\/2012\/04\/205-300x224.jpg\" alt=\"\" width=\"300\" height=\"224\" srcset=\"https:\/\/www.granadablogs.com\/pateandoelmundo\/wp-content\/uploads\/2012\/04\/205-300x224.jpg 300w, https:\/\/www.granadablogs.com\/pateandoelmundo\/wp-content\/uploads\/2012\/04\/205.jpg 600w\" sizes=\"auto, (max-width: 300px) 100vw, 300px\" \/><\/a><\/p>\n<p style=\"text-align: justify;\">Y, desde luego, si hay una ventana que cumple con ese prop\u00f3sito es la que tienes delante. Una ventana dise\u00f1ada y pensada para abrirse a tres continentes y permitir que, a su trav\u00e9s, se comuniquen \u00c1frica, Am\u00e9rica y Europa.<\/p>\n<p style=\"text-align: justify;\">Una ventana abierta en un pueblo canario, Ag\u00fcimes, en el que durante diez d\u00edas de julio se encuentran y conviven las artes, las m\u00fasicas, la magia y el teatro de decenas de pa\u00edses cuyas fronteras se ven estrechadas gracias al Festival del Sur-Encuentro Teatral Tres Continentes.<\/p>\n<p style=\"text-align: justify;\">Esta ventana, pintada por Pilar para que sirviera como cartel de una de las ediciones m\u00e1s recientes del ya veterano Festival, tiene una simbolog\u00eda especial, trayendo ecos de libertad, interculturalidad y felicidad.<\/p>\n<p style=\"text-align: justify;\">Una ventana que permite asomarse a la creatividad y descubrir la alquimia de la palabra, sea cantada, recitada o declamada. Una ventana a trav\u00e9s de la que se comunican las distintas culturas que comparten el oc\u00e9ano Atl\u00e1ntico y que nos permiten descubrir lo que ocurre ah\u00ed fuera. Fuera de nuestras confortables fronteras, aunque sea en estos tiempos de crisis.<\/p>\n<p style=\"text-align: justify;\">Lo que m\u00e1s me gusta de esta ventana de Pilar es que no s\u00f3lo invita a asomarse para ver la vida pasar, sino que te provoca para lanzarte al vac\u00edo, para involucrarte en lo que ocurre abajo, fuera de sus dominios, para sumergirte en las tempestuosas aguas de un Atl\u00e1ntico que terminar\u00e1 desembocando en la playa de Arinaga, en esas Canarias c\u00e1lidas y acogedoras en las que nos sentimos como en casa, sea cual sea el pasaporte que hayamos utilizado para arribar a las Islas Afortunadas.<\/p>\n<p style=\"text-align: center;\"><a href=\"http:\/\/www.granadablogs.com\/pateandoelmundo\/wp-content\/uploads\/2012\/04\/Boicot3.jpg\"><img loading=\"lazy\" decoding=\"async\" class=\"size-full wp-image-11266  aligncenter\" title=\"Cartel Pilar Ortiz Ag\u00fcimes\" src=\"http:\/\/www.granadablogs.com\/pateandoelmundo\/wp-content\/uploads\/2012\/04\/Boicot3.jpg\" alt=\"\" width=\"244\" height=\"320\" srcset=\"https:\/\/www.granadablogs.com\/pateandoelmundo\/wp-content\/uploads\/2012\/04\/Boicot3.jpg 244w, https:\/\/www.granadablogs.com\/pateandoelmundo\/wp-content\/uploads\/2012\/04\/Boicot3-228x300.jpg 228w\" sizes=\"auto, (max-width: 244px) 100vw, 244px\" \/><\/a><\/p>\n<p style=\"text-align: justify;\">Una ventana que es una invitaci\u00f3n a la enso\u00f1aci\u00f3n y al recuerdo, pero tambi\u00e9n al trazado de nuevos planes, a la imaginaci\u00f3n m\u00e1s fantasiosa y a los pensamientos m\u00e1s peregrinos.<\/p>\n<p style=\"text-align: justify;\">Porque Pilar, a trav\u00e9s de esta ventana, pinta la libertad.<\/p>\n<p style=\"text-align: justify;\">Jes\u00fas Lens Espinosa de los Monteros.<\/p>\n","protected":false},"excerpt":{"rendered":"<p>Hoy, a las 18 horas, en la Sala de Exposiciones de CajaGRANADA en Puerta Real, tengo el orgullo, la satisfacci\u00f3n y el placer de acompa\u00f1ar el libro \u201cVentanas Veredas\u201d, de mi amiga Pilar Ortiz, en la Feria del Libro de Granada y en cuya p\u00e1gina web podr\u00e9is ver buena parte de su extraordinario trabajo pict\u00f3rico. [&hellip;]<\/p>\n","protected":false},"author":1,"featured_media":0,"comment_status":"open","ping_status":"open","sticky":false,"template":"","format":"standard","meta":{"jetpack_post_was_ever_published":false,"_jetpack_newsletter_access":"","_jetpack_dont_email_post_to_subs":false,"_jetpack_newsletter_tier_id":0,"_jetpack_memberships_contains_paywalled_content":false,"_jetpack_memberships_contains_paid_content":false,"footnotes":""},"categories":[33],"tags":[666,33,2782,6533,6534,49,6530,812,6532,6531],"class_list":["post-11264","post","type-post","status-publish","format-standard","hentry","category-arte","tag-aguimes","tag-arte","tag-feria-del-libro-granada","tag-lens-feria-libro","tag-libro-de-artista","tag-libros","tag-pilar-ortiz","tag-pintura","tag-presentacion-pilar-ortiz","tag-ventanas-veredas"],"jetpack_featured_media_url":"","jetpack_sharing_enabled":true,"_links":{"self":[{"href":"https:\/\/www.granadablogs.com\/pateandoelmundo\/wp-json\/wp\/v2\/posts\/11264","targetHints":{"allow":["GET"]}}],"collection":[{"href":"https:\/\/www.granadablogs.com\/pateandoelmundo\/wp-json\/wp\/v2\/posts"}],"about":[{"href":"https:\/\/www.granadablogs.com\/pateandoelmundo\/wp-json\/wp\/v2\/types\/post"}],"author":[{"embeddable":true,"href":"https:\/\/www.granadablogs.com\/pateandoelmundo\/wp-json\/wp\/v2\/users\/1"}],"replies":[{"embeddable":true,"href":"https:\/\/www.granadablogs.com\/pateandoelmundo\/wp-json\/wp\/v2\/comments?post=11264"}],"version-history":[{"count":2,"href":"https:\/\/www.granadablogs.com\/pateandoelmundo\/wp-json\/wp\/v2\/posts\/11264\/revisions"}],"predecessor-version":[{"id":11268,"href":"https:\/\/www.granadablogs.com\/pateandoelmundo\/wp-json\/wp\/v2\/posts\/11264\/revisions\/11268"}],"wp:attachment":[{"href":"https:\/\/www.granadablogs.com\/pateandoelmundo\/wp-json\/wp\/v2\/media?parent=11264"}],"wp:term":[{"taxonomy":"category","embeddable":true,"href":"https:\/\/www.granadablogs.com\/pateandoelmundo\/wp-json\/wp\/v2\/categories?post=11264"},{"taxonomy":"post_tag","embeddable":true,"href":"https:\/\/www.granadablogs.com\/pateandoelmundo\/wp-json\/wp\/v2\/tags?post=11264"}],"curies":[{"name":"wp","href":"https:\/\/api.w.org\/{rel}","templated":true}]}}