{"id":11072,"date":"2012-03-29T23:00:02","date_gmt":"2012-03-29T22:00:02","guid":{"rendered":"http:\/\/www.granadablogs.com\/pateandoelmundo\/?p=11072"},"modified":"2012-03-29T19:13:16","modified_gmt":"2012-03-29T18:13:16","slug":"ver-o-no-ver-luck-esa-es-la-cuestion","status":"publish","type":"post","link":"https:\/\/www.granadablogs.com\/pateandoelmundo\/ver-o-no-ver-luck-esa-es-la-cuestion\/","title":{"rendered":"Ver o no ver \u00abLuck\u00bb. Esa es la cuesti\u00f3n"},"content":{"rendered":"<p style=\"text-align: justify;\">Y con \u201cMad Men\u201d pasa lo mismo, aunque sea distinto. Si le\u00e9is la prensa, ver\u00e9is que no deja de hablarse de la vuelta de la serie de los publicistas chiflados de Madison Avenue, del nuevo Don Draper, del maravilloso episodio doble con que arranc\u00f3 la nueva temporada\u2026<\/p>\n<p style=\"text-align: justify;\">\n<p style=\"text-align: justify;\">Vale. Muy bien. \u00bfY? Porque hasta el 20 de mayo no lo veremos en Espa\u00f1a. Y eso, si tienes en Canal +.<\/p>\n<p style=\"text-align: justify;\">\n<p style=\"text-align: justify;\">\u00bfTiene sentido este desprop\u00f3sito? Porque a m\u00ed me est\u00e1n dando unas ganas de mandar a la mierda mis principios antifilibusteros\u2026<\/p>\n<p style=\"text-align: justify;\"><a href=\"http:\/\/www.granadablogs.com\/pateandoelmundo\/wp-content\/uploads\/2012\/03\/0aa6.jpg\"><img loading=\"lazy\" decoding=\"async\" class=\"aligncenter size-full wp-image-11073\" title=\"Luck Michael Mann\" src=\"http:\/\/www.granadablogs.com\/pateandoelmundo\/wp-content\/uploads\/2012\/03\/0aa6.jpg\" alt=\"\" width=\"298\" height=\"400\" srcset=\"https:\/\/www.granadablogs.com\/pateandoelmundo\/wp-content\/uploads\/2012\/03\/0aa6.jpg 298w, https:\/\/www.granadablogs.com\/pateandoelmundo\/wp-content\/uploads\/2012\/03\/0aa6-223x300.jpg 223w\" sizes=\"auto, (max-width: 298px) 100vw, 298px\" \/><\/a><\/p>\n<p style=\"text-align: justify;\">Entremos en el caso de la extraordinaria \u201cLuck\u201d, <a href=\"http:\/\/ocio.laopiniondemalaga.es\/tv\/criticas\/ver-o-ver-luck-nws65941.html\" target=\"_blank\">que comentamos en La Opini\u00f3n<\/a>, a ver qu\u00e9 os parece.<\/p>\n<p style=\"text-align: justify;\">\n<p style=\"text-align: justify;\">Jes\u00fas telemosqueado Lens<\/p>\n<p style=\"text-align: justify;\">\n<p style=\"text-align: justify;\">\u00bfY los 29 de marzo anteriores? <a href=\"http:\/\/www.granadablogs.com\/pateandoelmundo\/2008\/03\/29\/\">2008<\/a>, <a href=\"http:\/\/www.granadablogs.com\/pateandoelmundo\/2009\/03\/29\/\">2009<\/a>, <a href=\"http:\/\/www.granadablogs.com\/pateandoelmundo\/2010\/03\/29\/\">2010<\/a> y <a href=\"http:\/\/www.granadablogs.com\/pateandoelmundo\/2011\/03\/29\/\">2011<\/a><\/p>\n","protected":false},"excerpt":{"rendered":"<p>Y con \u201cMad Men\u201d pasa lo mismo, aunque sea distinto. Si le\u00e9is la prensa, ver\u00e9is que no deja de hablarse de la vuelta de la serie de los publicistas chiflados de Madison Avenue, del nuevo Don Draper, del maravilloso episodio doble con que arranc\u00f3 la nueva temporada\u2026 Vale. Muy bien. \u00bfY? Porque hasta el 20 [&hellip;]<\/p>\n","protected":false},"author":1,"featured_media":0,"comment_status":"open","ping_status":"open","sticky":false,"template":"","format":"standard","meta":{"jetpack_post_was_ever_published":false,"_jetpack_newsletter_access":"","_jetpack_dont_email_post_to_subs":false,"_jetpack_newsletter_tier_id":0,"_jetpack_memberships_contains_paywalled_content":false,"_jetpack_memberships_contains_paid_content":false,"footnotes":""},"categories":[12],"tags":[6392,6393,6241,6247,348,6391,131,12],"class_list":["post-11072","post","type-post","status-publish","format-standard","hentry","category-television","tag-david-milch","tag-dustin-hoffman","tag-luck","tag-luck-michael-mann","tag-mad-men","tag-nueva-temporada-mad-men","tag-series","tag-television"],"jetpack_featured_media_url":"","jetpack_sharing_enabled":true,"_links":{"self":[{"href":"https:\/\/www.granadablogs.com\/pateandoelmundo\/wp-json\/wp\/v2\/posts\/11072","targetHints":{"allow":["GET"]}}],"collection":[{"href":"https:\/\/www.granadablogs.com\/pateandoelmundo\/wp-json\/wp\/v2\/posts"}],"about":[{"href":"https:\/\/www.granadablogs.com\/pateandoelmundo\/wp-json\/wp\/v2\/types\/post"}],"author":[{"embeddable":true,"href":"https:\/\/www.granadablogs.com\/pateandoelmundo\/wp-json\/wp\/v2\/users\/1"}],"replies":[{"embeddable":true,"href":"https:\/\/www.granadablogs.com\/pateandoelmundo\/wp-json\/wp\/v2\/comments?post=11072"}],"version-history":[{"count":2,"href":"https:\/\/www.granadablogs.com\/pateandoelmundo\/wp-json\/wp\/v2\/posts\/11072\/revisions"}],"predecessor-version":[{"id":11075,"href":"https:\/\/www.granadablogs.com\/pateandoelmundo\/wp-json\/wp\/v2\/posts\/11072\/revisions\/11075"}],"wp:attachment":[{"href":"https:\/\/www.granadablogs.com\/pateandoelmundo\/wp-json\/wp\/v2\/media?parent=11072"}],"wp:term":[{"taxonomy":"category","embeddable":true,"href":"https:\/\/www.granadablogs.com\/pateandoelmundo\/wp-json\/wp\/v2\/categories?post=11072"},{"taxonomy":"post_tag","embeddable":true,"href":"https:\/\/www.granadablogs.com\/pateandoelmundo\/wp-json\/wp\/v2\/tags?post=11072"}],"curies":[{"name":"wp","href":"https:\/\/api.w.org\/{rel}","templated":true}]}}