{"id":11060,"date":"2012-03-28T16:25:34","date_gmt":"2012-03-28T15:25:34","guid":{"rendered":"http:\/\/www.granadablogs.com\/pateandoelmundo\/?p=11060"},"modified":"2012-03-28T16:30:10","modified_gmt":"2012-03-28T15:30:10","slug":"adolf","status":"publish","type":"post","link":"https:\/\/www.granadablogs.com\/pateandoelmundo\/adolf\/","title":{"rendered":"Adolf"},"content":{"rendered":"<p style=\"text-align: justify;\">Este a\u00f1o, que a\u00fan no ha consumido su primer trimestre, est\u00e1 siendo poco activo, desde el punto de vista lector. Lo reconozco. Estoy escribiendo mucho y el trabajo resulta muy absorbente as\u00ed que, excepci\u00f3n hecha de alg\u00fan s\u00e1bado largo con tiempo por delante y poca agilidad en los dedos para darle a la tecla, solo leo antes de irme a dormir, lo que, en realidad, es muy poco, demasiado poco, apenas nada.<\/p>\n<p style=\"text-align: justify;\">\n<p style=\"text-align: justify;\">Pero es que, adem\u00e1s, este a\u00f1o, los Reyes fueron Majos y me regalaron una barbaridad, un desaf\u00edo llamado \u201cAdolf\u201d, un tebeo de Osamu Tezuka que publica Planeta en dos tomos de 600 p\u00e1ginas\u2026 cada uno.<\/p>\n<p style=\"text-align: justify;\"><a href=\"http:\/\/www.granadablogs.com\/pateandoelmundo\/wp-content\/uploads\/2012\/03\/Aniversario-El-Padrino36.jpg\"><img loading=\"lazy\" decoding=\"async\" class=\"aligncenter size-full wp-image-11062\" title=\"Adolf Tezuka\" src=\"http:\/\/www.granadablogs.com\/pateandoelmundo\/wp-content\/uploads\/2012\/03\/Aniversario-El-Padrino36.jpg\" alt=\"\" width=\"198\" height=\"320\" srcset=\"https:\/\/www.granadablogs.com\/pateandoelmundo\/wp-content\/uploads\/2012\/03\/Aniversario-El-Padrino36.jpg 198w, https:\/\/www.granadablogs.com\/pateandoelmundo\/wp-content\/uploads\/2012\/03\/Aniversario-El-Padrino36-185x300.jpg 185w\" sizes=\"auto, (max-width: 198px) 100vw, 198px\" \/><\/a><\/p>\n<p style=\"text-align: justify;\">\n<p style=\"text-align: justify;\">A\u00fan ol\u00eda a sudor de camello y al regio aroma del incienso que acompa\u00f1a a los Reyes cuando ya estaba yo enfrascado en las primeras p\u00e1ginas de la historia de Adolf, entre la Alemania nazi y el Jap\u00f3n imperial.<\/p>\n<p style=\"text-align: justify;\">\n<p style=\"text-align: justify;\">Y ah\u00ed permanec\u00ed, sumergido, d\u00edas y d\u00edas, sufriendo, disfrutando y vibrando con la historia cruzada de tres personas llamadas Adolf, cuyas vidas se desarrollan en los crueles y complicados a\u00f1os 30 y 40 del pasado siglo.<\/p>\n<p style=\"text-align: justify;\">\n<p style=\"text-align: justify;\">Todo comienza durante la celebraci\u00f3n de los Juegos Ol\u00edmpicos de Berl\u00edn, cuando los nazis ya estaban en el poder. Y discurre a lo largo de los a\u00f1os siguientes, hasta el final de la II Guerra Mundial.<\/p>\n<p style=\"text-align: justify;\">\n<p style=\"text-align: justify;\">Tratar de resumir una historia de 1.200 p\u00e1ginas en este pu\u00f1ado de palabras es tan ocioso como gratuito. Solo diremos que si este monumento gr\u00e1fico cayera en manos de I\u00f1\u00e1rritu, el director de \u201cBabel\u201d, se ver\u00eda irrefrenablemente obligado a filmarlo ya que caer\u00eda seducido por ese efecto mariposa que, de Jap\u00f3n a Alemania, pasando por Rusia y Polonia, conecta a todos los seres humanos en menos de los famosos seis grados de separaci\u00f3n.<\/p>\n<p style=\"text-align: justify;\"><a href=\"http:\/\/www.granadablogs.com\/pateandoelmundo\/wp-content\/uploads\/2012\/03\/0000001.jpg\"><img loading=\"lazy\" decoding=\"async\" class=\"aligncenter size-full wp-image-11063\" title=\"Adolf Tezuka\" src=\"http:\/\/www.granadablogs.com\/pateandoelmundo\/wp-content\/uploads\/2012\/03\/0000001.jpg\" alt=\"\" width=\"400\" height=\"261\" srcset=\"https:\/\/www.granadablogs.com\/pateandoelmundo\/wp-content\/uploads\/2012\/03\/0000001.jpg 400w, https:\/\/www.granadablogs.com\/pateandoelmundo\/wp-content\/uploads\/2012\/03\/0000001-300x195.jpg 300w\" sizes=\"auto, (max-width: 400px) 100vw, 400px\" \/><\/a><\/p>\n<p style=\"text-align: justify;\">\n<p style=\"text-align: justify;\">Lealtades, venganzas, obsesiones, amistades, amores imposibles, amores azarosos, miedo y determinaci\u00f3n. Junto con peleas, persecuciones, palizas, huidas y viajes. Esas son solo algunas de las mimbres con que se construye una novela gr\u00e1fica de un largu\u00edsimo alcance en la que tenemos referencias hist\u00f3ricas y pol\u00edticas de dos pa\u00edses y dos culturas que son anatema.<\/p>\n<p style=\"text-align: justify;\">\n<p style=\"text-align: justify;\">Que el fascismo engendra monstruos es algo que la historia y el arte nos han mostrado cientos de veces. Pero que tambi\u00e9n tienen sus contradicciones, lo sabemos algo menos. Que en el Jap\u00f3n imperial vivieran comunidades jud\u00edas, por ejemplo, y que desempe\u00f1aran un importante papel en el descubrimiento de uno de los secretos que, de haberse sabido antes, habr\u00edan hecho tambalear al Tercer Reich; es de lo m\u00e1s interesante.<\/p>\n<p style=\"text-align: justify;\">\n<p style=\"text-align: justify;\">Lo que pasa es que, me temo, esta rese\u00f1a es como predicar en el desierto. Si eres aficionado a los c\u00f3mics, seguro que sabes infinitamente m\u00e1s que yo de Osamu Tezaka y que te conoces el \u201cAdolf\u201d de pe a pa.<\/p>\n<p style=\"text-align: justify;\">\n<p style=\"text-align: justify;\">Y, si no eres comiquero, si los tebeos no est\u00e1n entre tus lecturas habituales, ser\u00e1 complicado animarte a que le metas mano a las 1.200 p\u00e1ginas de este Manga, por impresionante que sea.<\/p>\n<p style=\"text-align: justify;\">\n<p style=\"text-align: justify;\">As\u00ed que, lo dejamos aqu\u00ed.<\/p>\n<p style=\"text-align: justify;\">\n<p style=\"text-align: justify;\">Balance final: si quieres pasarte unas cuantas semanas absorbido por una narraci\u00f3n fascinante, larga, densa y completa; ni lo dudes: l\u00e1nzate de cabeza a compartir tu tiempo con los tres Adolf de Tezuka.<\/p>\n<p style=\"text-align: justify;\"><a href=\"http:\/\/www.granadablogs.com\/pateandoelmundo\/wp-content\/uploads\/2012\/03\/0aa5.jpg\"><img loading=\"lazy\" decoding=\"async\" class=\"aligncenter size-full wp-image-11065\" title=\"Adolf Tezuka\" src=\"http:\/\/www.granadablogs.com\/pateandoelmundo\/wp-content\/uploads\/2012\/03\/0aa5.jpg\" alt=\"\" width=\"320\" height=\"228\" srcset=\"https:\/\/www.granadablogs.com\/pateandoelmundo\/wp-content\/uploads\/2012\/03\/0aa5.jpg 320w, https:\/\/www.granadablogs.com\/pateandoelmundo\/wp-content\/uploads\/2012\/03\/0aa5-300x213.jpg 300w\" sizes=\"auto, (max-width: 320px) 100vw, 320px\" \/><\/a><\/p>\n<p style=\"text-align: justify;\">\n<p style=\"text-align: justify;\">\u00a1No te arrepentir\u00e1s!<\/p>\n<p style=\"text-align: justify;\">\n<p style=\"text-align: justify;\">Jes\u00fas Lens<\/p>\n<p style=\"text-align: justify;\">\n<p style=\"text-align: justify;\">Veamos, en anteriores 28 de marzo, qu\u00e9 blogue\u00e1bamos: <a href=\"http:\/\/www.granadablogs.com\/pateandoelmundo\/2008\/03\/28\/\">2008<\/a>, <a href=\"http:\/\/www.granadablogs.com\/pateandoelmundo\/2009\/03\/28\/\">2009<\/a>, <a href=\"http:\/\/www.granadablogs.com\/pateandoelmundo\/2010\/03\/28\/\">2010<\/a> y <a href=\"http:\/\/www.granadablogs.com\/pateandoelmundo\/2011\/03\/28\/\">2011<\/a><\/p>\n","protected":false},"excerpt":{"rendered":"<p>Este a\u00f1o, que a\u00fan no ha consumido su primer trimestre, est\u00e1 siendo poco activo, desde el punto de vista lector. Lo reconozco. Estoy escribiendo mucho y el trabajo resulta muy absorbente as\u00ed que, excepci\u00f3n hecha de alg\u00fan s\u00e1bado largo con tiempo por delante y poca agilidad en los dedos para darle a la tecla, solo [&hellip;]<\/p>\n","protected":false},"author":1,"featured_media":0,"comment_status":"open","ping_status":"open","sticky":false,"template":"","format":"standard","meta":{"jetpack_post_was_ever_published":false,"_jetpack_newsletter_access":"","_jetpack_dont_email_post_to_subs":false,"_jetpack_newsletter_tier_id":0,"_jetpack_memberships_contains_paywalled_content":false,"_jetpack_memberships_contains_paid_content":false,"footnotes":""},"categories":[19],"tags":[6384,6386,631,6387,6385,5452],"class_list":["post-11060","post","type-post","status-publish","format-standard","hentry","category-tebeos","tag-adolf","tag-adolf-tezuka","tag-comic","tag-manga","tag-osamu-tezuka","tag-tebeo"],"jetpack_featured_media_url":"","jetpack_sharing_enabled":true,"_links":{"self":[{"href":"https:\/\/www.granadablogs.com\/pateandoelmundo\/wp-json\/wp\/v2\/posts\/11060","targetHints":{"allow":["GET"]}}],"collection":[{"href":"https:\/\/www.granadablogs.com\/pateandoelmundo\/wp-json\/wp\/v2\/posts"}],"about":[{"href":"https:\/\/www.granadablogs.com\/pateandoelmundo\/wp-json\/wp\/v2\/types\/post"}],"author":[{"embeddable":true,"href":"https:\/\/www.granadablogs.com\/pateandoelmundo\/wp-json\/wp\/v2\/users\/1"}],"replies":[{"embeddable":true,"href":"https:\/\/www.granadablogs.com\/pateandoelmundo\/wp-json\/wp\/v2\/comments?post=11060"}],"version-history":[{"count":4,"href":"https:\/\/www.granadablogs.com\/pateandoelmundo\/wp-json\/wp\/v2\/posts\/11060\/revisions"}],"predecessor-version":[{"id":11064,"href":"https:\/\/www.granadablogs.com\/pateandoelmundo\/wp-json\/wp\/v2\/posts\/11060\/revisions\/11064"}],"wp:attachment":[{"href":"https:\/\/www.granadablogs.com\/pateandoelmundo\/wp-json\/wp\/v2\/media?parent=11060"}],"wp:term":[{"taxonomy":"category","embeddable":true,"href":"https:\/\/www.granadablogs.com\/pateandoelmundo\/wp-json\/wp\/v2\/categories?post=11060"},{"taxonomy":"post_tag","embeddable":true,"href":"https:\/\/www.granadablogs.com\/pateandoelmundo\/wp-json\/wp\/v2\/tags?post=11060"}],"curies":[{"name":"wp","href":"https:\/\/api.w.org\/{rel}","templated":true}]}}