{"id":11042,"date":"2012-03-25T20:10:40","date_gmt":"2012-03-25T19:10:40","guid":{"rendered":"http:\/\/www.granadablogs.com\/pateandoelmundo\/?p=11042"},"modified":"2012-03-25T20:10:40","modified_gmt":"2012-03-25T19:10:40","slug":"%c2%a1soy-tendencia","status":"publish","type":"post","link":"https:\/\/www.granadablogs.com\/pateandoelmundo\/%c2%a1soy-tendencia\/","title":{"rendered":"\u00a1Soy tendencia!"},"content":{"rendered":"<p style=\"text-align: justify;\">Si vestir con ch\u00e1ndal se ha convertido en tendencia y yo visto con ch\u00e1ndal, la cosa est\u00e1 clara: <strong><em>\u00a1soy tendencia!<\/em><\/strong><\/p>\n<p style=\"text-align: justify;\">\n<p style=\"text-align: justify;\">Me encantaba el estudio de los silogismos en la asignatura de filosof\u00eda, ya que permit\u00edan llegar a conclusiones tan peregrinas como la de que yo, el tipo m\u00e1s desastrado de este mundo y de otros universos, conocidos o por conocer, me haya convertido en punta de lanza del estilismo internacional.<\/p>\n<p style=\"text-align: justify;\">\n<p style=\"text-align: justify;\">Es domingo por la tarde y vengo de votar. Lo he hecho vestido con un ch\u00e1ndal. O, mejor dicho, con dos, ya que llevaba los pantalones de uno y la parte de arriba de otro. \u00a1Para que ve\u00e1is que yo, esto del chandalismo, me lo tomo muy en serio!<\/p>\n<p style=\"text-align: justify;\">\n<p style=\"text-align: justify;\">S\u00e9 que algunos, y algunas, est\u00e1is pensando que esto es impresentable. Y mucho que lo siento, pero es as\u00ed: yo, los fines de semana, salgo a la calle en ch\u00e1ndal. Y no porque vaya a hacer deporte, que conste.<\/p>\n<p style=\"text-align: justify;\">\n<p style=\"text-align: justify;\">Y aqu\u00ed entramos en materia. Porque uno de los errores m\u00e1s habituales en que se incurre, cuando se habla del ch\u00e1ndal, es pensar que se trata de una prenda deportiva. Y no, oiga. Para nada. En absoluto. El que sostiene semejante pendejada es que no ha hecho deporte en su pajolera vida.<\/p>\n<p style=\"text-align: justify;\">\n<p style=\"text-align: justify;\">\u00bfHabr\u00e1 algo m\u00e1s pat\u00e9tico que alguien intentando jugar al baloncesto, al f\u00fatbol o tan siquiera, alguien que sale a correr en ch\u00e1ndal? \u00a1Por favor! Eso s\u00ed que es una cutrez de consideraciones siderales. Se corre en pantalones cortos y camiseta. T\u00e9cnica, a ser posible. Recuerdo una vez, en mi primera Media Marat\u00f3n de Motril, que llev\u00e9 una camiseta de algod\u00f3n y casi me ahogo en su interior\u2026 Pero \u00e9sa es otra historia.<\/p>\n<p style=\"text-align: justify;\">\n<p style=\"text-align: justify;\">O se pone uno unas mallas, una licra. Pero hacer deporte en ch\u00e1ndal\u2026 \u00a1por favor! Mantener esa teor\u00eda es igual que sostener que unos vaqueros son unos pantalones usados por rudos mozos de campo para marcar reses y cabalgar en territorio abierto.<\/p>\n<p style=\"text-align: justify;\">\n<p style=\"text-align: justify;\">El chandalismo, por m\u00e1s que les pese a los estilistas, cada vez ir\u00e1 teniendo m\u00e1s auge y predicamento. Porque ponerse un ch\u00e1ndal es toda una declaraci\u00f3n de principios. Es como ir los viernes a la oficina con Chinos, pero mejor. Quitarte el traje al final de una jornada de trabajo y cambiarlo por el ch\u00e1ndal de toda la vida, es mandarle a tu cuerpo y a tu mente el mensaje de que se acab\u00f3. Se acab\u00f3 el currelo, la tensi\u00f3n y los nervios. Al menos, por un rato, por unas horas.<\/p>\n<p style=\"text-align: justify;\">\n<p style=\"text-align: justify;\">Vestir un ch\u00e1ndal es sin\u00f3nimo de actitud relajada, pero activa. Y eso, hay gente que no lo soporta.<\/p>\n<p style=\"text-align: justify;\">\n<p style=\"text-align: justify;\">Por eso, cuando llega el fin de semana y salgo de casa para hacer tareas puramente dom\u00e9sticas como comprar el peri\u00f3dico o desayunar en El Madero, me quiero seguir sintiendo igual de relajado y tranquilo que en mi hogar. Y activo. As\u00ed que, me pongo el ch\u00e1ndal. Y punto. Porque el ch\u00e1ndal manda mensajes: estoy relajado, estoy tranquilo. Pero me muevo.<\/p>\n<p style=\"text-align: justify;\">\n<p style=\"text-align: justify;\">Es verdad que, est\u00e9ticamente hablando, hay gente a la que el ch\u00e1ndal la mata. Pero tambi\u00e9n es verdad que se ve cada adefesio por ah\u00ed que, sin necesidad de vestir un ch\u00e1ndal, obliga a mirar hacia otro lado para no hacerse da\u00f1o en la vista.<\/p>\n<p style=\"text-align: justify;\">\n<p style=\"text-align: justify;\">\u00bfEs hortera, salir de casa con ch\u00e1ndal! Quiz\u00e1, pero yo creo que los Soprano, en realidad, lo que hac\u00edan era matar figuradamente a sus padres mafiosos quit\u00e1ndose esos trajes de enterrador y vistiendo como la gente normal de sus barrios, bloques y entorno. Menos tonter\u00eda y m\u00e1s cotidianeidad.<\/p>\n<p style=\"text-align: justify;\">\n<p style=\"text-align: justify;\">En fin. Que lo siento mucho por los guapos, pijos y cools requeteguays. Pero que, hoy, <strong><em>soy tendencia<\/em><\/strong> y el chandalismo cotiza al alza.<\/p>\n<p style=\"text-align: justify;\">\n<p style=\"text-align: justify;\">\u00bfY las elecciones?<\/p>\n<p style=\"text-align: justify;\">\n<p style=\"text-align: justify;\">Bien, gracias.<\/p>\n<p style=\"text-align: justify;\">\n<p style=\"text-align: justify;\">Ya hablamos.<\/p>\n<p style=\"text-align: justify;\">\n<p style=\"text-align: justify;\">Jes\u00fas <strong><em>tendencias<\/em><\/strong> Lens<\/p>\n<p style=\"text-align: justify;\">\n<p style=\"text-align: justify;\">Veamos si los anteriores 25 est\u00e1bamos tan de moda: <a href=\"http:\/\/www.granadablogs.com\/pateandoelmundo\/2008\/03\/25\/\">2008<\/a>, <a href=\"http:\/\/www.granadablogs.com\/pateandoelmundo\/2009\/03\/25\/\">2009<\/a>, <a href=\"http:\/\/www.granadablogs.com\/pateandoelmundo\/2010\/03\/25\/\">2010<\/a> y <a href=\"http:\/\/www.granadablogs.com\/pateandoelmundo\/2011\/03\/25\/\">2011<\/a><\/p>\n","protected":false},"excerpt":{"rendered":"<p>Si vestir con ch\u00e1ndal se ha convertido en tendencia y yo visto con ch\u00e1ndal, la cosa est\u00e1 clara: \u00a1soy tendencia! Me encantaba el estudio de los silogismos en la asignatura de filosof\u00eda, ya que permit\u00edan llegar a conclusiones tan peregrinas como la de que yo, el tipo m\u00e1s desastrado de este mundo y de otros [&hellip;]<\/p>\n","protected":false},"author":1,"featured_media":0,"comment_status":"open","ping_status":"open","sticky":false,"template":"","format":"standard","meta":{"jetpack_post_was_ever_published":false,"_jetpack_newsletter_access":"","_jetpack_dont_email_post_to_subs":false,"_jetpack_newsletter_tier_id":0,"_jetpack_memberships_contains_paywalled_content":false,"_jetpack_memberships_contains_paid_content":false,"footnotes":""},"categories":[6],"tags":[6366,6367,3220,6369,6368,6370,6365],"class_list":["post-11042","post","type-post","status-publish","format-standard","hentry","category-opinion","tag-chandal","tag-chandalismo","tag-cool","tag-guay","tag-jesus-lens-tendencia","tag-pijos-en-chandal","tag-soy-tendencia"],"jetpack_featured_media_url":"","jetpack_sharing_enabled":true,"_links":{"self":[{"href":"https:\/\/www.granadablogs.com\/pateandoelmundo\/wp-json\/wp\/v2\/posts\/11042","targetHints":{"allow":["GET"]}}],"collection":[{"href":"https:\/\/www.granadablogs.com\/pateandoelmundo\/wp-json\/wp\/v2\/posts"}],"about":[{"href":"https:\/\/www.granadablogs.com\/pateandoelmundo\/wp-json\/wp\/v2\/types\/post"}],"author":[{"embeddable":true,"href":"https:\/\/www.granadablogs.com\/pateandoelmundo\/wp-json\/wp\/v2\/users\/1"}],"replies":[{"embeddable":true,"href":"https:\/\/www.granadablogs.com\/pateandoelmundo\/wp-json\/wp\/v2\/comments?post=11042"}],"version-history":[{"count":2,"href":"https:\/\/www.granadablogs.com\/pateandoelmundo\/wp-json\/wp\/v2\/posts\/11042\/revisions"}],"predecessor-version":[{"id":11044,"href":"https:\/\/www.granadablogs.com\/pateandoelmundo\/wp-json\/wp\/v2\/posts\/11042\/revisions\/11044"}],"wp:attachment":[{"href":"https:\/\/www.granadablogs.com\/pateandoelmundo\/wp-json\/wp\/v2\/media?parent=11042"}],"wp:term":[{"taxonomy":"category","embeddable":true,"href":"https:\/\/www.granadablogs.com\/pateandoelmundo\/wp-json\/wp\/v2\/categories?post=11042"},{"taxonomy":"post_tag","embeddable":true,"href":"https:\/\/www.granadablogs.com\/pateandoelmundo\/wp-json\/wp\/v2\/tags?post=11042"}],"curies":[{"name":"wp","href":"https:\/\/api.w.org\/{rel}","templated":true}]}}