{"id":11020,"date":"2012-03-20T21:13:44","date_gmt":"2012-03-20T20:13:44","guid":{"rendered":"http:\/\/www.granadablogs.com\/pateandoelmundo\/?p=11020"},"modified":"2012-03-20T21:13:44","modified_gmt":"2012-03-20T20:13:44","slug":"lugares-que-no-quiero-compartir-con-nadie","status":"publish","type":"post","link":"https:\/\/www.granadablogs.com\/pateandoelmundo\/lugares-que-no-quiero-compartir-con-nadie\/","title":{"rendered":"Lugares que no quiero compartir con nadie"},"content":{"rendered":"<p style=\"text-align: justify;\">Coincido, al 100%, con mi querido Colin Bertholet: \u00a1nos encanta Elvira Lindo!<\/p>\n<p style=\"text-align: justify;\">\n<p style=\"text-align: justify;\">Es verdad que, en cen\u00e1culos intelectuales, puede no quedar bien cuando decimos que, de El Pa\u00eds, lo que escribe Elvira es de lo que m\u00e1s nos gusta. Pero nos da igual no pasar por intelectuales. Su columna en la contraportada y, sobre todo, su cr\u00f3nica en el suplemento de los domingos, son algo sencillamente maravilloso.<\/p>\n<p style=\"text-align: justify;\">\n<p style=\"text-align: justify;\">Con Elvira se da la paradoja, adem\u00e1s, de que es pareja de un peso pesado de las letras espa\u00f1olas, Antonio Mu\u00f1oz Molina. Y, como en este pa\u00eds llevamos el guerracivilismo impreso en nuestro ADN, parece que tengamos que estar obligados a tomar partido: o Elvira, o Antonio; para no parecer fr\u00edvolos o demod\u00e9.<\/p>\n<p style=\"text-align: justify;\"><a href=\"http:\/\/www.granadablogs.com\/pateandoelmundo\/wp-content\/uploads\/2012\/03\/0aa4.jpg\"><img loading=\"lazy\" decoding=\"async\" class=\"aligncenter size-medium wp-image-11021\" title=\"Elvira Mu\u00f1oz-Lindo Molina\" src=\"http:\/\/www.granadablogs.com\/pateandoelmundo\/wp-content\/uploads\/2012\/03\/0aa4-300x196.jpg\" alt=\"\" width=\"300\" height=\"196\" srcset=\"https:\/\/www.granadablogs.com\/pateandoelmundo\/wp-content\/uploads\/2012\/03\/0aa4-300x196.jpg 300w, https:\/\/www.granadablogs.com\/pateandoelmundo\/wp-content\/uploads\/2012\/03\/0aa4.jpg 500w\" sizes=\"auto, (max-width: 300px) 100vw, 300px\" \/><\/a><\/p>\n<p style=\"text-align: justify;\">Reconozco que, de Babelia, lo que nunca dejo de leer es el art\u00edculo de Antonio Mu\u00f1oz Molina. <a href=\"http:\/\/cultura.elpais.com\/cultura\/2012\/03\/07\/actualidad\/1331123175_099339.html\" target=\"_blank\">\u00c9ste<\/a>, por ejemplo, sobre los contadores de historias, me parece una joya absolutamente incomparable. Y, sin embargo, no puedo con sus novelas. De hecho, ya no lo intento.<\/p>\n<p style=\"text-align: justify;\">\n<p style=\"text-align: justify;\">Pero Elvira\u2026 \u00a1ay, Elvira! Qu\u00e9 o\u00eddo tiene la condenada. Y qu\u00e9 talento para reproducir lo que oye y ve por ah\u00ed. Y para contar lo que le parecen las cosas y lo que piensa, m\u00e1s all\u00e1 de etiquetas, correcci\u00f3n pol\u00edtica o poses intelectuales.<\/p>\n<p style=\"text-align: justify;\">\n<p style=\"text-align: justify;\">Frescura. Ese es el calificativo que siempre le aplico a los art\u00edculos de Lindo. Frescura que se contrapone al espesor de otros muchos autores convencidos de que, cuanto m\u00e1s denso hagan un art\u00edculo, m\u00e1s calado y tendr\u00e1 y mejor recibido ser\u00e1 por los \u00bflectores?<\/p>\n<p style=\"text-align: justify;\">\n<p style=\"text-align: justify;\">Para m\u00ed, que de la lucha contra el aburrimiento hago bandera, Elvira Lindo es una de las figuras que m\u00e1s me gusta reivindicar. Y, claro, y\u00e9ndonos a Nueva York unos d\u00edas, no pod\u00eda dejar pasar la ocasi\u00f3n de leer \u201cLugares que no quiero compartir con nadie\u201d, una no gu\u00eda tur\u00edstica o de viajes que, sin embargo, resulta de lo m\u00e1s atractivo e interesante para cualquier persona que tenga curiosidad por una ciudad que podr\u00eda ser la Capital del Mundo.<\/p>\n<p style=\"text-align: justify;\"><a href=\"http:\/\/www.granadablogs.com\/pateandoelmundo\/wp-content\/uploads\/2012\/03\/09i.jpg\"><img loading=\"lazy\" decoding=\"async\" class=\"aligncenter size-medium wp-image-11022\" title=\"Lugares que no quiero compartir con nadie\" src=\"http:\/\/www.granadablogs.com\/pateandoelmundo\/wp-content\/uploads\/2012\/03\/09i-175x300.jpg\" alt=\"\" width=\"175\" height=\"300\" srcset=\"https:\/\/www.granadablogs.com\/pateandoelmundo\/wp-content\/uploads\/2012\/03\/09i-175x300.jpg 175w, https:\/\/www.granadablogs.com\/pateandoelmundo\/wp-content\/uploads\/2012\/03\/09i.jpg 300w\" sizes=\"auto, (max-width: 175px) 100vw, 175px\" \/><\/a><\/p>\n<p style=\"text-align: justify;\">\u00a1Todos conocemos Nueva York! Salvo alg\u00fan marciano que no lea, no escuche m\u00fasica o no vea pel\u00edculas o series de televisi\u00f3n; todos los dem\u00e1s tenemos una idea de Nueva York, aunque no hayamos estado nunca all\u00ed ni tengamos el m\u00e1s m\u00ednimo inter\u00e9s o intenci\u00f3n de cruzar el charco para conocerla.<\/p>\n<p style=\"text-align: justify;\">\n<p style=\"text-align: justify;\">Y justo eso es lo que hace Elvira Lindo en un libro que se devora en dos sentadas: contar \u201csu\u201d Nueva York. El Nueva York que ella transita, camina, sufre y disfruta. El suyo y el de nadie m\u00e1s. Ni siquiera el de Antonio. Porque cada uno tenemos nuestra idea, nuestra imagen, nuestro sentir neoyorquino.<\/p>\n<p style=\"text-align: justify;\">\n<p style=\"text-align: justify;\">Un libro, dec\u00edamos, que se lee en un pisp\u00e1s. Por ligero. En el mejor sentido de la expresi\u00f3n. Por fresco. Por alegre, divertido e ilustrativo. Y por \u00fatil. Que ya he entresacado algunas direcciones imprescindibles para la Semana Santa. Eso s\u00ed, si me cruzo con Elvira o Antonio en alguno de ellos, prometo ser absolutamente discreto y no molestar, para no provocar una discusi\u00f3n marital del tipo:<\/p>\n<p style=\"text-align: justify;\">\n<p style=\"text-align: justify;\"><strong><em>&#8211;\tMira que te lo dije. \u00a1Que no descubras nuestros lugares favoritos a los extra\u00f1os! Que luego vienen y nos hacen la vida imposible.<\/em><\/strong><\/p>\n<p style=\"text-align: justify;\">\n<p style=\"text-align: justify;\">No. Palabrita de ni\u00f1o Jes\u00fas. Si nos cruzamos en el \u201cSmoke\u201d, en el Fiorello o en el Absolute Bagels, seremos muy discretos y no molestaremos.<\/p>\n<p style=\"text-align: justify;\"><a href=\"http:\/\/www.granadablogs.com\/pateandoelmundo\/wp-content\/uploads\/2012\/03\/Aniversario-El-Padrino31.jpg\"><img loading=\"lazy\" decoding=\"async\" class=\"aligncenter size-medium wp-image-11023\" title=\"Smoke jazz club\" src=\"http:\/\/www.granadablogs.com\/pateandoelmundo\/wp-content\/uploads\/2012\/03\/Aniversario-El-Padrino31-300x199.jpg\" alt=\"\" width=\"300\" height=\"199\" srcset=\"https:\/\/www.granadablogs.com\/pateandoelmundo\/wp-content\/uploads\/2012\/03\/Aniversario-El-Padrino31-300x199.jpg 300w, https:\/\/www.granadablogs.com\/pateandoelmundo\/wp-content\/uploads\/2012\/03\/Aniversario-El-Padrino31.jpg 500w\" sizes=\"auto, (max-width: 300px) 100vw, 300px\" \/><\/a><\/p>\n<p style=\"text-align: justify;\">Un libro que, por supuesto, no es solo un directorio de lugares, sino un repaso por lo que supone vivir en Nueva York para dos extranjeros. Elvira aprovecha para ajustar algunas cuentas, para hablar del Cervantes y para comentar algunos episodios controvertidos de su vida entre lo p\u00fablico y lo privado.<\/p>\n<p style=\"text-align: justify;\">\n<p style=\"text-align: justify;\">Un libro muy recomendable que, adem\u00e1s de ser una declaraci\u00f3n de amor a una ciudad, es una declaraci\u00f3n de amor a una persona. Y a todo lo que la rodea.<\/p>\n<p style=\"text-align: justify;\">\n<p style=\"text-align: justify;\">Si quieres leer doscientas frescas, ilustrativas y divertidas p\u00e1ginas sobre NYC, \u201cLugares que no quiero compartir con nadie\u201d es tu libro. Si te gustan los ensayos para los que, antes de leer, tienes que armarte con un cortafierros que te permita abrirte paso entre sus p\u00e1ginas, olv\u00eddalo.<\/p>\n<p style=\"text-align: justify;\">\n<p style=\"text-align: justify;\">Jes\u00fas Lens<\/p>\n<p style=\"text-align: justify;\">\n<p style=\"text-align: justify;\">A ver, los anteriores 20 de marzo: <a href=\"http:\/\/www.granadablogs.com\/pateandoelmundo\/2008\/03\/20\/\">2008<\/a>, <a href=\"http:\/\/www.granadablogs.com\/pateandoelmundo\/2009\/03\/20\/\">2009<\/a>, <a href=\"http:\/\/www.granadablogs.com\/pateandoelmundo\/2010\/03\/20\/\">2010<\/a> y <a href=\"http:\/\/www.granadablogs.com\/pateandoelmundo\/2011\/03\/20\/\">2011<\/a>.<\/p>\n","protected":false},"excerpt":{"rendered":"<p>Coincido, al 100%, con mi querido Colin Bertholet: \u00a1nos encanta Elvira Lindo! Es verdad que, en cen\u00e1culos intelectuales, puede no quedar bien cuando decimos que, de El Pa\u00eds, lo que escribe Elvira es de lo que m\u00e1s nos gusta. Pero nos da igual no pasar por intelectuales. Su columna en la contraportada y, sobre todo, [&hellip;]<\/p>\n","protected":false},"author":1,"featured_media":0,"comment_status":"open","ping_status":"open","sticky":false,"template":"","format":"standard","meta":{"jetpack_post_was_ever_published":false,"_jetpack_newsletter_access":"","_jetpack_dont_email_post_to_subs":false,"_jetpack_newsletter_tier_id":0,"_jetpack_memberships_contains_paywalled_content":false,"_jetpack_memberships_contains_paid_content":false,"footnotes":""},"categories":[9,24],"tags":[4207,1888,6350,49,6178,2246,6249,6349,6351],"class_list":["post-11020","post","type-post","status-publish","format-standard","hentry","category-literarios","category-viajes","tag-antonio-munoz-molina","tag-elvira-lindo","tag-fiorellos","tag-libros","tag-lugares-que-no-quiero-compartir-con-nadie","tag-nueva-york","tag-nyc","tag-smoke-jazz-cafe","tag-viajes-nueva-york"],"jetpack_featured_media_url":"","jetpack_sharing_enabled":true,"_links":{"self":[{"href":"https:\/\/www.granadablogs.com\/pateandoelmundo\/wp-json\/wp\/v2\/posts\/11020","targetHints":{"allow":["GET"]}}],"collection":[{"href":"https:\/\/www.granadablogs.com\/pateandoelmundo\/wp-json\/wp\/v2\/posts"}],"about":[{"href":"https:\/\/www.granadablogs.com\/pateandoelmundo\/wp-json\/wp\/v2\/types\/post"}],"author":[{"embeddable":true,"href":"https:\/\/www.granadablogs.com\/pateandoelmundo\/wp-json\/wp\/v2\/users\/1"}],"replies":[{"embeddable":true,"href":"https:\/\/www.granadablogs.com\/pateandoelmundo\/wp-json\/wp\/v2\/comments?post=11020"}],"version-history":[{"count":1,"href":"https:\/\/www.granadablogs.com\/pateandoelmundo\/wp-json\/wp\/v2\/posts\/11020\/revisions"}],"predecessor-version":[{"id":11024,"href":"https:\/\/www.granadablogs.com\/pateandoelmundo\/wp-json\/wp\/v2\/posts\/11020\/revisions\/11024"}],"wp:attachment":[{"href":"https:\/\/www.granadablogs.com\/pateandoelmundo\/wp-json\/wp\/v2\/media?parent=11020"}],"wp:term":[{"taxonomy":"category","embeddable":true,"href":"https:\/\/www.granadablogs.com\/pateandoelmundo\/wp-json\/wp\/v2\/categories?post=11020"},{"taxonomy":"post_tag","embeddable":true,"href":"https:\/\/www.granadablogs.com\/pateandoelmundo\/wp-json\/wp\/v2\/tags?post=11020"}],"curies":[{"name":"wp","href":"https:\/\/api.w.org\/{rel}","templated":true}]}}