{"id":10858,"date":"2012-02-26T11:01:26","date_gmt":"2012-02-26T10:01:26","guid":{"rendered":"http:\/\/www.granadablogs.com\/pateandoelmundo\/?p=10858"},"modified":"2012-02-26T11:04:14","modified_gmt":"2012-02-26T10:04:14","slug":"y-confucio-se-quedo-sin-respuesta-2","status":"publish","type":"post","link":"https:\/\/www.granadablogs.com\/pateandoelmundo\/y-confucio-se-quedo-sin-respuesta-2\/","title":{"rendered":"Y Confucio se qued\u00f3 sin respuesta&#8230;"},"content":{"rendered":"<p style=\"text-align: justify;\">Tras levantarse, Confucio se dio la vuelta y mir\u00f3, con sorpresa, que su deposici\u00f3n era clar\u00edsima e inequ\u00edvocamente verde.<\/p>\n<p style=\"text-align: justify;\">\n<p style=\"text-align: justify;\"><strong><em>&#8211;\t\u00bfPor qu\u00e9, si anoche no cen\u00e9 espinacas?<\/em><\/strong><\/p>\n<p style=\"text-align: justify;\">\n<p style=\"text-align: justify;\">Era lo malo de ser Confucio: si \u00e9l no ten\u00eda la respuesta, \u00bfqui\u00e9n?<\/p>\n<p style=\"text-align: justify;\">\n<p style=\"text-align: justify;\">Y aquel d\u00eda, cavilando, cavilando sobre su deposici\u00f3n, el Maestro no fue capaz de dejar ninguna perla de sabidur\u00eda que invitara a la reflexi\u00f3n, milenios despu\u00e9s, a los amantes de los Caf\u00e9s y a los pertinaces seguidores de la Escuela Filos\u00f3fica del Sobre de Az\u00facar.<\/p>\n<p style=\"text-align: justify;\">\n<p style=\"text-align: justify;\">Jes\u00fas Lens<\/p>\n<p style=\"text-align: justify;\">\n<p style=\"text-align: justify;\">Imagino que, en a\u00f1os anteriores, estuvimos menos escatol\u00f3gicos: <a href=\"http:\/\/www.granadablogs.com\/pateandoelmundo\/2008\/02\/26\/\">2008<\/a>, <a href=\"http:\/\/www.granadablogs.com\/pateandoelmundo\/2009\/02\/26\/\">2009<\/a>, <a href=\"http:\/\/www.granadablogs.com\/pateandoelmundo\/2010\/02\/26\/\">2010<\/a> y <a href=\"http:\/\/www.granadablogs.com\/pateandoelmundo\/2010\/02\/26\/\">2011<\/a>.<\/p>\n","protected":false},"excerpt":{"rendered":"<p>Tras levantarse, Confucio se dio la vuelta y mir\u00f3, con sorpresa, que su deposici\u00f3n era clar\u00edsima e inequ\u00edvocamente verde. &#8211; \u00bfPor qu\u00e9, si anoche no cen\u00e9 espinacas? Era lo malo de ser Confucio: si \u00e9l no ten\u00eda la respuesta, \u00bfqui\u00e9n? Y aquel d\u00eda, cavilando, cavilando sobre su deposici\u00f3n, el Maestro no fue capaz de dejar [&hellip;]<\/p>\n","protected":false},"author":1,"featured_media":0,"comment_status":"open","ping_status":"open","sticky":false,"template":"","format":"standard","meta":{"jetpack_post_was_ever_published":false,"_jetpack_newsletter_access":"","_jetpack_dont_email_post_to_subs":false,"_jetpack_newsletter_tier_id":0,"_jetpack_memberships_contains_paywalled_content":false,"_jetpack_memberships_contains_paid_content":false,"footnotes":""},"categories":[31],"tags":[1810,6227,31,6228],"class_list":["post-10858","post","type-post","status-publish","format-standard","hentry","category-relatos","tag-confucio","tag-filosofia","tag-relatos","tag-respuesta"],"jetpack_featured_media_url":"","jetpack_sharing_enabled":true,"_links":{"self":[{"href":"https:\/\/www.granadablogs.com\/pateandoelmundo\/wp-json\/wp\/v2\/posts\/10858","targetHints":{"allow":["GET"]}}],"collection":[{"href":"https:\/\/www.granadablogs.com\/pateandoelmundo\/wp-json\/wp\/v2\/posts"}],"about":[{"href":"https:\/\/www.granadablogs.com\/pateandoelmundo\/wp-json\/wp\/v2\/types\/post"}],"author":[{"embeddable":true,"href":"https:\/\/www.granadablogs.com\/pateandoelmundo\/wp-json\/wp\/v2\/users\/1"}],"replies":[{"embeddable":true,"href":"https:\/\/www.granadablogs.com\/pateandoelmundo\/wp-json\/wp\/v2\/comments?post=10858"}],"version-history":[{"count":4,"href":"https:\/\/www.granadablogs.com\/pateandoelmundo\/wp-json\/wp\/v2\/posts\/10858\/revisions"}],"predecessor-version":[{"id":10861,"href":"https:\/\/www.granadablogs.com\/pateandoelmundo\/wp-json\/wp\/v2\/posts\/10858\/revisions\/10861"}],"wp:attachment":[{"href":"https:\/\/www.granadablogs.com\/pateandoelmundo\/wp-json\/wp\/v2\/media?parent=10858"}],"wp:term":[{"taxonomy":"category","embeddable":true,"href":"https:\/\/www.granadablogs.com\/pateandoelmundo\/wp-json\/wp\/v2\/categories?post=10858"},{"taxonomy":"post_tag","embeddable":true,"href":"https:\/\/www.granadablogs.com\/pateandoelmundo\/wp-json\/wp\/v2\/tags?post=10858"}],"curies":[{"name":"wp","href":"https:\/\/api.w.org\/{rel}","templated":true}]}}