{"id":9906,"date":"2019-01-09T17:42:04","date_gmt":"2019-01-09T15:42:04","guid":{"rendered":"https:\/\/www.granadablogs.com\/juezcalatayud\/?p=9906"},"modified":"2019-01-09T17:42:04","modified_gmt":"2019-01-09T15:42:04","slug":"un-menor-reconoce-que-le-pego-fuego-a-una-persona-que-dormia-en-al-calle","status":"publish","type":"post","link":"https:\/\/www.granadablogs.com\/juezcalatayud\/2019\/01\/un-menor-reconoce-que-le-pego-fuego-a-una-persona-que-dormia-en-al-calle\/","title":{"rendered":"Un menor reconoce que le peg\u00f3 fuego a una persona que dorm\u00eda en al calle"},"content":{"rendered":"<p>&nbsp;<\/p>\n<figure id=\"attachment_9908\" aria-describedby=\"caption-attachment-9908\" style=\"width: 575px\" class=\"wp-caption aligncenter\"><img loading=\"lazy\" decoding=\"async\" class=\"wp-image-9908 size-full\" src=\"https:\/\/www.granadablogs.com\/juezcalatayud\/wp-content\/uploads\/2019\/01\/Indigente.jpg\" alt=\"\" width=\"575\" height=\"323\" srcset=\"https:\/\/www.granadablogs.com\/juezcalatayud\/wp-content\/uploads\/2019\/01\/Indigente.jpg 575w, https:\/\/www.granadablogs.com\/juezcalatayud\/wp-content\/uploads\/2019\/01\/Indigente-300x169.jpg 300w\" sizes=\"auto, (max-width: 575px) 100vw, 575px\" \/><figcaption id=\"caption-attachment-9908\" class=\"wp-caption-text\">elcorreo.com<\/figcaption><\/figure>\n<p>Hola, soy Carlos Mor\u00e1n, el compa\u00f1ero de blog de don Emilio. Aqu\u00ed os dejamos una historia muy triste que, milagrosamente, no acab\u00f3 en tragedia. Ocurri\u00f3 en una poblaci\u00f3n de Granada.<\/p>\n<p>\u00abQuien juega con fuego puede quemarse&#8230; o quemar a otros. Un adolescente ha aceptado una condena de un a\u00f1o de encierro en un correccional y seis meses m\u00e1s de libertad vigilada por haber prendido fuego a un hombre que dorm\u00eda en una plaza p\u00fablica de una localidad de la Costa granadina. Afortunadamente, unos vecinos que presenciaron el incidente despertaron a la v\u00edctima, que, al parecer, viv\u00eda en la calle cuando ocurri\u00f3 el suceso, y la cosa no pas\u00f3 a mayores. Con todo, las llamas llegaron a abrasar parte del cabello del perjudicado, as\u00ed que la r\u00e1pida intervenci\u00f3n de los testigos fue providencial.<\/p>\n<p>El menor se acerc\u00f3 hasta la v\u00edctima y, con sigilo, pero sin disimulo, arrug\u00f3 unos papeles y puso dos montoncitos de papel junto a la cabeza y los pies del damnificado. Luego les peg\u00f3 fuego. Las llamas prendieron en el macuto del hombre y saltaron a su pelo, que qued\u00f3 chamuscado\u00bb.<\/p>\n<p>La noticia completa est\u00e1 en:<\/p>\n<p><a href=\"https:\/\/www.ideal.es\/granada\/encierran-menor-pegarle-20190106201113-ntvo.html\">https:\/\/www.ideal.es\/granada\/encierran-menor-pegarle-20190106201113-ntvo.html<\/a><\/p>\n<p>&nbsp;<\/p>\n","protected":false},"excerpt":{"rendered":"<p>&nbsp; Hola, soy Carlos Mor\u00e1n, el compa\u00f1ero de blog de don Emilio. Aqu\u00ed os dejamos una historia muy triste que, milagrosamente, no acab\u00f3 en tragedia. Ocurri\u00f3 en una poblaci\u00f3n de Granada. \u00abQuien juega con fuego puede quemarse&#8230; o quemar a otros. Un adolescente ha aceptado una condena de un a\u00f1o de encierro en un correccional [&hellip;]<\/p>\n","protected":false},"author":3,"featured_media":0,"comment_status":"open","ping_status":"open","sticky":false,"template":"","format":"standard","meta":{"jetpack_post_was_ever_published":false,"_jetpack_newsletter_access":"","_jetpack_dont_email_post_to_subs":false,"_jetpack_newsletter_tier_id":0,"_jetpack_memberships_contains_paywalled_content":false,"_jetpack_memberships_contains_paid_content":false,"footnotes":""},"categories":[1],"tags":[575,1123],"class_list":["post-9906","post","type-post","status-publish","format-standard","hentry","category-blog","tag-quemar","tag-vagabundo"],"jetpack_featured_media_url":"","jetpack_shortlink":"https:\/\/wp.me\/p5fzW5-2zM","jetpack-related-posts":[],"jetpack_sharing_enabled":true,"_links":{"self":[{"href":"https:\/\/www.granadablogs.com\/juezcalatayud\/wp-json\/wp\/v2\/posts\/9906","targetHints":{"allow":["GET"]}}],"collection":[{"href":"https:\/\/www.granadablogs.com\/juezcalatayud\/wp-json\/wp\/v2\/posts"}],"about":[{"href":"https:\/\/www.granadablogs.com\/juezcalatayud\/wp-json\/wp\/v2\/types\/post"}],"author":[{"embeddable":true,"href":"https:\/\/www.granadablogs.com\/juezcalatayud\/wp-json\/wp\/v2\/users\/3"}],"replies":[{"embeddable":true,"href":"https:\/\/www.granadablogs.com\/juezcalatayud\/wp-json\/wp\/v2\/comments?post=9906"}],"version-history":[{"count":2,"href":"https:\/\/www.granadablogs.com\/juezcalatayud\/wp-json\/wp\/v2\/posts\/9906\/revisions"}],"predecessor-version":[{"id":9909,"href":"https:\/\/www.granadablogs.com\/juezcalatayud\/wp-json\/wp\/v2\/posts\/9906\/revisions\/9909"}],"wp:attachment":[{"href":"https:\/\/www.granadablogs.com\/juezcalatayud\/wp-json\/wp\/v2\/media?parent=9906"}],"wp:term":[{"taxonomy":"category","embeddable":true,"href":"https:\/\/www.granadablogs.com\/juezcalatayud\/wp-json\/wp\/v2\/categories?post=9906"},{"taxonomy":"post_tag","embeddable":true,"href":"https:\/\/www.granadablogs.com\/juezcalatayud\/wp-json\/wp\/v2\/tags?post=9906"}],"curies":[{"name":"wp","href":"https:\/\/api.w.org\/{rel}","templated":true}]}}