{"id":9889,"date":"2019-01-05T18:51:25","date_gmt":"2019-01-05T16:51:25","guid":{"rendered":"https:\/\/www.granadablogs.com\/juezcalatayud\/?p=9889"},"modified":"2019-01-05T18:51:25","modified_gmt":"2019-01-05T16:51:25","slug":"rey-mago-es-el-unico-oficio-por-el-que-dejaria-de-ser-juez-de-menores","status":"publish","type":"post","link":"https:\/\/www.granadablogs.com\/juezcalatayud\/2019\/01\/rey-mago-es-el-unico-oficio-por-el-que-dejaria-de-ser-juez-de-menores\/","title":{"rendered":"Rey Mago es el \u00fanico oficio por el que dejar\u00eda de ser juez de Menores"},"content":{"rendered":"<figure id=\"attachment_9891\" aria-describedby=\"caption-attachment-9891\" style=\"width: 644px\" class=\"wp-caption aligncenter\"><img loading=\"lazy\" decoding=\"async\" class=\"wp-image-9891 size-large\" src=\"https:\/\/www.granadablogs.com\/juezcalatayud\/wp-content\/uploads\/2019\/01\/Rey-Mago-gonzalez-molero-3-644x435.jpg\" alt=\"\" width=\"644\" height=\"435\" srcset=\"https:\/\/www.granadablogs.com\/juezcalatayud\/wp-content\/uploads\/2019\/01\/Rey-Mago-gonzalez-molero-3-644x435.jpg 644w, https:\/\/www.granadablogs.com\/juezcalatayud\/wp-content\/uploads\/2019\/01\/Rey-Mago-gonzalez-molero-3-300x202.jpg 300w, https:\/\/www.granadablogs.com\/juezcalatayud\/wp-content\/uploads\/2019\/01\/Rey-Mago-gonzalez-molero-3-768x518.jpg 768w\" sizes=\"auto, (max-width: 644px) 100vw, 644px\" \/><figcaption id=\"caption-attachment-9891\" class=\"wp-caption-text\">Don Emilio, a la izquierda, trabajando por un d\u00eda de Rey Mago en Granada en 1995, foto: Gonz\u00e1lez Molero.<\/figcaption><\/figure>\n<p>Buenas, soy Emilio Calatayud.\u00a0 El \u00fanico oficio por el que dejar\u00eda de ser juez de Menores ser\u00eda el de Rey Mago. En 1995, tuve la oportunidad de encarnar a uno de los tres magos en la Cabalgata de Granada y fue una experiencia que nunca olvidar\u00e9. L\u00e1stima que solo fueran unas pocas horas. No hay una profesi\u00f3n m\u00e1s importante que la de Rey Mago. Ni tampoco mejor. Por cierto, los Reyes Magos nunca traen nada malo a nadie. Y ah\u00ed lo dejo.<\/p>\n<p>Yo les he pedido a sus majestades que traigan salud, moderaci\u00f3n y sentido com\u00fan para todos, que falta nos hace.<\/p>\n<p>&nbsp;<\/p>\n","protected":false},"excerpt":{"rendered":"<p>Buenas, soy Emilio Calatayud.\u00a0 El \u00fanico oficio por el que dejar\u00eda de ser juez de Menores ser\u00eda el de Rey Mago. En 1995, tuve la oportunidad de encarnar a uno de los tres magos en la Cabalgata de Granada y fue una experiencia que nunca olvidar\u00e9. L\u00e1stima que solo fueran unas pocas horas. No hay [&hellip;]<\/p>\n","protected":false},"author":2,"featured_media":0,"comment_status":"open","ping_status":"open","sticky":false,"template":"","format":"standard","meta":{"jetpack_post_was_ever_published":false,"_jetpack_newsletter_access":"","_jetpack_dont_email_post_to_subs":false,"_jetpack_newsletter_tier_id":0,"_jetpack_memberships_contains_paywalled_content":false,"_jetpack_memberships_contains_paid_content":false,"footnotes":""},"categories":[1],"tags":[258],"class_list":["post-9889","post","type-post","status-publish","format-standard","hentry","category-blog","tag-reyes-magos"],"jetpack_featured_media_url":"","jetpack_shortlink":"https:\/\/wp.me\/p5fzW5-2zv","jetpack-related-posts":[],"jetpack_sharing_enabled":true,"_links":{"self":[{"href":"https:\/\/www.granadablogs.com\/juezcalatayud\/wp-json\/wp\/v2\/posts\/9889","targetHints":{"allow":["GET"]}}],"collection":[{"href":"https:\/\/www.granadablogs.com\/juezcalatayud\/wp-json\/wp\/v2\/posts"}],"about":[{"href":"https:\/\/www.granadablogs.com\/juezcalatayud\/wp-json\/wp\/v2\/types\/post"}],"author":[{"embeddable":true,"href":"https:\/\/www.granadablogs.com\/juezcalatayud\/wp-json\/wp\/v2\/users\/2"}],"replies":[{"embeddable":true,"href":"https:\/\/www.granadablogs.com\/juezcalatayud\/wp-json\/wp\/v2\/comments?post=9889"}],"version-history":[{"count":4,"href":"https:\/\/www.granadablogs.com\/juezcalatayud\/wp-json\/wp\/v2\/posts\/9889\/revisions"}],"predecessor-version":[{"id":9894,"href":"https:\/\/www.granadablogs.com\/juezcalatayud\/wp-json\/wp\/v2\/posts\/9889\/revisions\/9894"}],"wp:attachment":[{"href":"https:\/\/www.granadablogs.com\/juezcalatayud\/wp-json\/wp\/v2\/media?parent=9889"}],"wp:term":[{"taxonomy":"category","embeddable":true,"href":"https:\/\/www.granadablogs.com\/juezcalatayud\/wp-json\/wp\/v2\/categories?post=9889"},{"taxonomy":"post_tag","embeddable":true,"href":"https:\/\/www.granadablogs.com\/juezcalatayud\/wp-json\/wp\/v2\/tags?post=9889"}],"curies":[{"name":"wp","href":"https:\/\/api.w.org\/{rel}","templated":true}]}}