{"id":9779,"date":"2018-12-20T20:58:12","date_gmt":"2018-12-20T18:58:12","guid":{"rendered":"https:\/\/www.granadablogs.com\/juezcalatayud\/?p=9779"},"modified":"2018-12-20T20:58:12","modified_gmt":"2018-12-20T18:58:12","slug":"que-un-nino-pegue-al-maestro-no-son-gajes-del-oficio-o-es-que-van-a-incluir-en-magisterio-la-asignatura-de-defensa-personal","status":"publish","type":"post","link":"https:\/\/www.granadablogs.com\/juezcalatayud\/2018\/12\/que-un-nino-pegue-al-maestro-no-son-gajes-del-oficio-o-es-que-van-a-incluir-en-magisterio-la-asignatura-de-defensa-personal\/","title":{"rendered":"Que un ni\u00f1o pegue al maestro no son gajes del oficio, \u00bfo es que van a incluir en Magisterio la asignatura de defensa personal?"},"content":{"rendered":"<p>&nbsp;<\/p>\n<figure id=\"attachment_8048\" aria-describedby=\"caption-attachment-8048\" style=\"width: 644px\" class=\"wp-caption aligncenter\"><img loading=\"lazy\" decoding=\"async\" class=\"wp-image-8048 size-large\" src=\"https:\/\/www.granadablogs.com\/juezcalatayud\/wp-content\/uploads\/2018\/03\/Gafas-644x306.jpg\" alt=\"\" width=\"644\" height=\"306\" srcset=\"https:\/\/www.granadablogs.com\/juezcalatayud\/wp-content\/uploads\/2018\/03\/Gafas-644x306.jpg 644w, https:\/\/www.granadablogs.com\/juezcalatayud\/wp-content\/uploads\/2018\/03\/Gafas-300x143.jpg 300w, https:\/\/www.granadablogs.com\/juezcalatayud\/wp-content\/uploads\/2018\/03\/Gafas-768x365.jpg 768w, https:\/\/www.granadablogs.com\/juezcalatayud\/wp-content\/uploads\/2018\/03\/Gafas.jpg 984w\" sizes=\"auto, (max-width: 644px) 100vw, 644px\" \/><figcaption id=\"caption-attachment-8048\" class=\"wp-caption-text\">ideal.es<\/figcaption><\/figure>\n<p>Buenas, soy Emilio Calatayud. Que a un maestro le pegue un alumno, o los padres de un alumno, no son gajes del oficio, no es un \u00abriesgo inherente\u00bb a la profesi\u00f3n de docente. \u00bfO es que van a incluir una asignatura de defensa personal en la carrera de Magisterio? Si es as\u00ed, yo no me he enterado. Y espero que no hayamos llegado a ese punto.<\/p>\n<p>Lo digo porque recientemente la Junta de Andaluc\u00eda, parece que con el prop\u00f3sito de ahorrarse una indemnizaci\u00f3n, aleg\u00f3 que la agresi\u00f3n sufrida por un profesor era un \u00abriesgo inherente\u00bb al oficio de ense\u00f1ar. \u00a1Qu\u00e9 barbaridad! El derecho de defensa no lo admite todo. Seamos serios, por favor. Con ese tipo de argumentaciones nos cargamos la autoridad de los maestros y el respeto que merecen. Ense\u00f1ar es educar y no un cambo de batalla.<\/p>\n<p>&nbsp;<\/p>\n<p>&nbsp;<\/p>\n","protected":false},"excerpt":{"rendered":"<p>&nbsp; Buenas, soy Emilio Calatayud. Que a un maestro le pegue un alumno, o los padres de un alumno, no son gajes del oficio, no es un \u00abriesgo inherente\u00bb a la profesi\u00f3n de docente. \u00bfO es que van a incluir una asignatura de defensa personal en la carrera de Magisterio? Si es as\u00ed, yo no [&hellip;]<\/p>\n","protected":false},"author":2,"featured_media":0,"comment_status":"open","ping_status":"open","sticky":false,"template":"","format":"standard","meta":{"jetpack_post_was_ever_published":false,"_jetpack_newsletter_access":"","_jetpack_dont_email_post_to_subs":false,"_jetpack_newsletter_tier_id":0,"_jetpack_memberships_contains_paywalled_content":false,"_jetpack_memberships_contains_paid_content":false,"footnotes":""},"categories":[1],"tags":[80,81],"class_list":["post-9779","post","type-post","status-publish","format-standard","hentry","category-blog","tag-agresiones","tag-maestros"],"jetpack_featured_media_url":"","jetpack_shortlink":"https:\/\/wp.me\/p5fzW5-2xJ","jetpack-related-posts":[],"jetpack_sharing_enabled":true,"_links":{"self":[{"href":"https:\/\/www.granadablogs.com\/juezcalatayud\/wp-json\/wp\/v2\/posts\/9779","targetHints":{"allow":["GET"]}}],"collection":[{"href":"https:\/\/www.granadablogs.com\/juezcalatayud\/wp-json\/wp\/v2\/posts"}],"about":[{"href":"https:\/\/www.granadablogs.com\/juezcalatayud\/wp-json\/wp\/v2\/types\/post"}],"author":[{"embeddable":true,"href":"https:\/\/www.granadablogs.com\/juezcalatayud\/wp-json\/wp\/v2\/users\/2"}],"replies":[{"embeddable":true,"href":"https:\/\/www.granadablogs.com\/juezcalatayud\/wp-json\/wp\/v2\/comments?post=9779"}],"version-history":[{"count":8,"href":"https:\/\/www.granadablogs.com\/juezcalatayud\/wp-json\/wp\/v2\/posts\/9779\/revisions"}],"predecessor-version":[{"id":9787,"href":"https:\/\/www.granadablogs.com\/juezcalatayud\/wp-json\/wp\/v2\/posts\/9779\/revisions\/9787"}],"wp:attachment":[{"href":"https:\/\/www.granadablogs.com\/juezcalatayud\/wp-json\/wp\/v2\/media?parent=9779"}],"wp:term":[{"taxonomy":"category","embeddable":true,"href":"https:\/\/www.granadablogs.com\/juezcalatayud\/wp-json\/wp\/v2\/categories?post=9779"},{"taxonomy":"post_tag","embeddable":true,"href":"https:\/\/www.granadablogs.com\/juezcalatayud\/wp-json\/wp\/v2\/tags?post=9779"}],"curies":[{"name":"wp","href":"https:\/\/api.w.org\/{rel}","templated":true}]}}