{"id":9700,"date":"2018-12-09T21:36:16","date_gmt":"2018-12-09T19:36:16","guid":{"rendered":"https:\/\/www.granadablogs.com\/juezcalatayud\/?p=9700"},"modified":"2018-12-09T21:36:16","modified_gmt":"2018-12-09T19:36:16","slug":"prohibido-tirarse-pedos-prohibido-dar-voces-el-decalogo-de-ninos-de-educacion-especial-que-podian-aplicarse-los-politicos","status":"publish","type":"post","link":"https:\/\/www.granadablogs.com\/juezcalatayud\/2018\/12\/prohibido-tirarse-pedos-prohibido-dar-voces-el-decalogo-de-ninos-de-educacion-especial-que-podian-aplicarse-los-politicos\/","title":{"rendered":"\u00abProhibido tirarse pedos, prohibido dar voces&#8230;\u00bb, el dec\u00e1logo de ni\u00f1os de educaci\u00f3n especial que pod\u00edan aplicarse los pol\u00edticos"},"content":{"rendered":"<p>&nbsp;<\/p>\n<figure id=\"attachment_8783\" aria-describedby=\"caption-attachment-8783\" style=\"width: 624px\" class=\"wp-caption aligncenter\"><img loading=\"lazy\" decoding=\"async\" class=\"wp-image-8783 size-full\" src=\"https:\/\/www.granadablogs.com\/juezcalatayud\/wp-content\/uploads\/2018\/07\/cero-y-Emilio.jpg\" alt=\"\" width=\"624\" height=\"385\" srcset=\"https:\/\/www.granadablogs.com\/juezcalatayud\/wp-content\/uploads\/2018\/07\/cero-y-Emilio.jpg 624w, https:\/\/www.granadablogs.com\/juezcalatayud\/wp-content\/uploads\/2018\/07\/cero-y-Emilio-300x185.jpg 300w\" sizes=\"auto, (max-width: 624px) 100vw, 624px\" \/><figcaption id=\"caption-attachment-8783\" class=\"wp-caption-text\">ideal.es<\/figcaption><\/figure>\n<p>Buenas, soy Emilio Calatayud. Carlos le ha hecho una entrevista a mi amigo y vecino &#8216;Juanico&#8217;, que es profesor de educaci\u00f3n especial en un cole del Albaic\u00edn, nuestro barrio, que se llama Ave Mar\u00eda San Crist\u00f3bal. Pues resulta que los ni\u00f1os ten\u00edan pegado en clase un dec\u00e1logo de conducta que, por su inter\u00e9s, os transmito. En nuestra opini\u00f3n, deber\u00edan aplic\u00e1rselo los pol\u00edticos tambi\u00e9n. Deber\u00eda estar en los parlamentos auton\u00f3micos y en las Cortes. La educaci\u00f3n especial y la buena educaci\u00f3n van de la mano.<\/p>\n<p>Prohibido tirarse pedos en clase. (O en el Congreso, etc)<\/p>\n<p>Prohibido empujar en clase.\u00a0(O en el Congreso, etc)<\/p>\n<p>Prohibido tirar a alguien por la ventana de la clase.\u00a0(O del Congreso. etc)<\/p>\n<p>Prohibido dar voces en clase.(O en el Congreso, etc)<\/p>\n<p>Prohibido dar golpes en la mesa en clase.\u00a0(O en el esca\u00f1o del Congreso, etc)<\/p>\n<p>Prohibido hacer la peseta en clase.\u00a0(O en el Congreso, etc)<\/p>\n<p>Prohibido insultar y decir palabrotas en clase. (O en el Congreso, etc)<\/p>\n<p>Prohibido poner motes a los compa\u00f1eros\u00a0en clase. (O en el Congreso, etc)<\/p>\n<p>Quien quiera leer la entrevista con &#8216;Juanico&#8217; est\u00e1 aqu\u00ed. No os dejar\u00e1 indiferentes.<\/p>\n<p><a href=\"https:\/\/www.ideal.es\/granada\/chicos-educacion-especial-20181209213717-ntvo.html\">https:\/\/www.ideal.es\/granada\/chicos-educacion-especial-20181209213717-ntvo.html<\/a><\/p>\n","protected":false},"excerpt":{"rendered":"<p>&nbsp; Buenas, soy Emilio Calatayud. Carlos le ha hecho una entrevista a mi amigo y vecino &#8216;Juanico&#8217;, que es profesor de educaci\u00f3n especial en un cole del Albaic\u00edn, nuestro barrio, que se llama Ave Mar\u00eda San Crist\u00f3bal. Pues resulta que los ni\u00f1os ten\u00edan pegado en clase un dec\u00e1logo de conducta que, por su inter\u00e9s, os [&hellip;]<\/p>\n","protected":false},"author":2,"featured_media":0,"comment_status":"open","ping_status":"open","sticky":false,"template":"","format":"standard","meta":{"jetpack_post_was_ever_published":false,"_jetpack_newsletter_access":"","_jetpack_dont_email_post_to_subs":false,"_jetpack_newsletter_tier_id":0,"_jetpack_memberships_contains_paywalled_content":false,"_jetpack_memberships_contains_paid_content":false,"footnotes":""},"categories":[1],"tags":[105,2273,41],"class_list":["post-9700","post","type-post","status-publish","format-standard","hentry","category-blog","tag-educacion","tag-especial","tag-ninos"],"jetpack_featured_media_url":"","jetpack_shortlink":"https:\/\/wp.me\/p5fzW5-2ws","jetpack-related-posts":[],"jetpack_sharing_enabled":true,"_links":{"self":[{"href":"https:\/\/www.granadablogs.com\/juezcalatayud\/wp-json\/wp\/v2\/posts\/9700","targetHints":{"allow":["GET"]}}],"collection":[{"href":"https:\/\/www.granadablogs.com\/juezcalatayud\/wp-json\/wp\/v2\/posts"}],"about":[{"href":"https:\/\/www.granadablogs.com\/juezcalatayud\/wp-json\/wp\/v2\/types\/post"}],"author":[{"embeddable":true,"href":"https:\/\/www.granadablogs.com\/juezcalatayud\/wp-json\/wp\/v2\/users\/2"}],"replies":[{"embeddable":true,"href":"https:\/\/www.granadablogs.com\/juezcalatayud\/wp-json\/wp\/v2\/comments?post=9700"}],"version-history":[{"count":3,"href":"https:\/\/www.granadablogs.com\/juezcalatayud\/wp-json\/wp\/v2\/posts\/9700\/revisions"}],"predecessor-version":[{"id":9703,"href":"https:\/\/www.granadablogs.com\/juezcalatayud\/wp-json\/wp\/v2\/posts\/9700\/revisions\/9703"}],"wp:attachment":[{"href":"https:\/\/www.granadablogs.com\/juezcalatayud\/wp-json\/wp\/v2\/media?parent=9700"}],"wp:term":[{"taxonomy":"category","embeddable":true,"href":"https:\/\/www.granadablogs.com\/juezcalatayud\/wp-json\/wp\/v2\/categories?post=9700"},{"taxonomy":"post_tag","embeddable":true,"href":"https:\/\/www.granadablogs.com\/juezcalatayud\/wp-json\/wp\/v2\/tags?post=9700"}],"curies":[{"name":"wp","href":"https:\/\/api.w.org\/{rel}","templated":true}]}}