{"id":9664,"date":"2018-12-04T20:59:53","date_gmt":"2018-12-04T18:59:53","guid":{"rendered":"https:\/\/www.granadablogs.com\/juezcalatayud\/?p=9664"},"modified":"2018-12-04T20:59:53","modified_gmt":"2018-12-04T18:59:53","slug":"la-virtud-esta-en-el-termino-medio-si-vais-a-beber-con-moderacion-si-vais-a-discutir-con-moderacion-sobre-todo-si-es-de-politica","status":"publish","type":"post","link":"https:\/\/www.granadablogs.com\/juezcalatayud\/2018\/12\/la-virtud-esta-en-el-termino-medio-si-vais-a-beber-con-moderacion-si-vais-a-discutir-con-moderacion-sobre-todo-si-es-de-politica\/","title":{"rendered":"La virtud est\u00e1 en el t\u00e9rmino medio: si vais a beber, con moderaci\u00f3n; si vais a discutir, con moderaci\u00f3n, sobre todo, si es de pol\u00edtica"},"content":{"rendered":"<p>&nbsp;<\/p>\n<figure id=\"attachment_8817\" aria-describedby=\"caption-attachment-8817\" style=\"width: 620px\" class=\"wp-caption aligncenter\"><img loading=\"lazy\" decoding=\"async\" class=\"wp-image-8817 size-full\" src=\"https:\/\/www.granadablogs.com\/juezcalatayud\/wp-content\/uploads\/2018\/07\/Santiago.jpg\" alt=\"\" width=\"620\" height=\"349\" srcset=\"https:\/\/www.granadablogs.com\/juezcalatayud\/wp-content\/uploads\/2018\/07\/Santiago.jpg 620w, https:\/\/www.granadablogs.com\/juezcalatayud\/wp-content\/uploads\/2018\/07\/Santiago-300x169.jpg 300w\" sizes=\"auto, (max-width: 620px) 100vw, 620px\" \/><figcaption id=\"caption-attachment-8817\" class=\"wp-caption-text\">abc.es<\/figcaption><\/figure>\n<p>Buenas, soy Emilio Calatayud. La Navidad ya est\u00e1 aqu\u00ed y corren tiempos revueltos. Tenemos que tener m\u00e1s claro que nunca que la virtud est\u00e1 en el t\u00e9rmino medio, un consejo que hasta yo me salto de vez en cuando. Pero es que nadie es perfecto. Sea como fuere, si vais a beber, hacedlo con moderaci\u00f3n; si vais a comer, moderaci\u00f3n; si vais a re\u00f1ir o castigar a los hijos, moderaci\u00f3n; si vais a discutir, moderaci\u00f3n, sobre todo, si es de pol\u00edtica&#8230;<\/p>\n<p>Hay demasiado ruido y queremos escuchar los villancicos.<\/p>\n","protected":false},"excerpt":{"rendered":"<p>&nbsp; Buenas, soy Emilio Calatayud. La Navidad ya est\u00e1 aqu\u00ed y corren tiempos revueltos. Tenemos que tener m\u00e1s claro que nunca que la virtud est\u00e1 en el t\u00e9rmino medio, un consejo que hasta yo me salto de vez en cuando. Pero es que nadie es perfecto. Sea como fuere, si vais a beber, hacedlo con [&hellip;]<\/p>\n","protected":false},"author":2,"featured_media":0,"comment_status":"open","ping_status":"open","sticky":false,"template":"","format":"standard","meta":{"jetpack_post_was_ever_published":false,"_jetpack_newsletter_access":"","_jetpack_dont_email_post_to_subs":false,"_jetpack_newsletter_tier_id":0,"_jetpack_memberships_contains_paywalled_content":false,"_jetpack_memberships_contains_paid_content":false,"footnotes":""},"categories":[1],"tags":[2270,2269],"class_list":["post-9664","post","type-post","status-publish","format-standard","hentry","category-blog","tag-moderacion","tag-virtud"],"jetpack_featured_media_url":"","jetpack_shortlink":"https:\/\/wp.me\/p5fzW5-2vS","jetpack-related-posts":[],"jetpack_sharing_enabled":true,"_links":{"self":[{"href":"https:\/\/www.granadablogs.com\/juezcalatayud\/wp-json\/wp\/v2\/posts\/9664","targetHints":{"allow":["GET"]}}],"collection":[{"href":"https:\/\/www.granadablogs.com\/juezcalatayud\/wp-json\/wp\/v2\/posts"}],"about":[{"href":"https:\/\/www.granadablogs.com\/juezcalatayud\/wp-json\/wp\/v2\/types\/post"}],"author":[{"embeddable":true,"href":"https:\/\/www.granadablogs.com\/juezcalatayud\/wp-json\/wp\/v2\/users\/2"}],"replies":[{"embeddable":true,"href":"https:\/\/www.granadablogs.com\/juezcalatayud\/wp-json\/wp\/v2\/comments?post=9664"}],"version-history":[{"count":2,"href":"https:\/\/www.granadablogs.com\/juezcalatayud\/wp-json\/wp\/v2\/posts\/9664\/revisions"}],"predecessor-version":[{"id":9666,"href":"https:\/\/www.granadablogs.com\/juezcalatayud\/wp-json\/wp\/v2\/posts\/9664\/revisions\/9666"}],"wp:attachment":[{"href":"https:\/\/www.granadablogs.com\/juezcalatayud\/wp-json\/wp\/v2\/media?parent=9664"}],"wp:term":[{"taxonomy":"category","embeddable":true,"href":"https:\/\/www.granadablogs.com\/juezcalatayud\/wp-json\/wp\/v2\/categories?post=9664"},{"taxonomy":"post_tag","embeddable":true,"href":"https:\/\/www.granadablogs.com\/juezcalatayud\/wp-json\/wp\/v2\/tags?post=9664"}],"curies":[{"name":"wp","href":"https:\/\/api.w.org\/{rel}","templated":true}]}}