{"id":9656,"date":"2018-12-02T20:03:39","date_gmt":"2018-12-02T18:03:39","guid":{"rendered":"https:\/\/www.granadablogs.com\/juezcalatayud\/?p=9656"},"modified":"2018-12-02T20:03:39","modified_gmt":"2018-12-02T18:03:39","slug":"otra-historia-ejemplar-para-desmotivados-y-ninis-lo-que-mas-me-gusta-de-espana-es-que-puedo-ir-al-colegio","status":"publish","type":"post","link":"https:\/\/www.granadablogs.com\/juezcalatayud\/2018\/12\/otra-historia-ejemplar-para-desmotivados-y-ninis-lo-que-mas-me-gusta-de-espana-es-que-puedo-ir-al-colegio\/","title":{"rendered":"Otra historia ejemplar para desmotivados y &#8216;ninis&#8217;: \u00abLo que m\u00e1s me gusta de Espa\u00f1a es que puedo ir al colegio\u00bb"},"content":{"rendered":"<p><img loading=\"lazy\" decoding=\"async\" class=\"aligncenter wp-image-9176 size-full\" src=\"https:\/\/www.granadablogs.com\/juezcalatayud\/wp-content\/uploads\/2018\/09\/Corbata.jpg\" alt=\"\" width=\"620\" height=\"349\" srcset=\"https:\/\/www.granadablogs.com\/juezcalatayud\/wp-content\/uploads\/2018\/09\/Corbata.jpg 620w, https:\/\/www.granadablogs.com\/juezcalatayud\/wp-content\/uploads\/2018\/09\/Corbata-300x169.jpg 300w\" sizes=\"auto, (max-width: 620px) 100vw, 620px\" \/>Buenas, soy Emilio Calatayud. Ya os he contado alguna vez que tengo un amigo africano de trece a\u00f1os que cruz\u00f3 el desierto andando y el mar en patera para venirse a Espa\u00f1a, a &#8216;Gran\u00e1&#8217;. Cuando le preguntamos qu\u00e9 era lo que m\u00e1s le gustaba de estar aqu\u00ed, \u00e9l nos respondi\u00f3: \u00abLo que m\u00e1s me gusta de Espa\u00f1a es que puedo ir al colegio cuando me levanto por las ma\u00f1anas\u00bb. Mi amiguillo es de Guinea Conakry y nunca hab\u00eda ido al &#8216;cole&#8217;.<\/p>\n<p>Es otra historia ejemplar para desmotivados y &#8216;ninis&#8217;. Padres, haced sitio en la puerta de la nevera y colocad la frase del africanito para cuando vuestros hijos se pongan a remolonear.<\/p>\n<p>El relato completo de las aventuras del ni\u00f1o est\u00e1 aqu\u00ed:<\/p>\n<p><a href=\"https:\/\/www.ideal.es\/granada\/gusta-espana-puedo-20181202223307-ntvo.html\">https:\/\/www.ideal.es\/granada\/gusta-espana-puedo-20181202223307-ntvo.html<\/a><\/p>\n","protected":false},"excerpt":{"rendered":"<p>Buenas, soy Emilio Calatayud. Ya os he contado alguna vez que tengo un amigo africano de trece a\u00f1os que cruz\u00f3 el desierto andando y el mar en patera para venirse a Espa\u00f1a, a &#8216;Gran\u00e1&#8217;. Cuando le preguntamos qu\u00e9 era lo que m\u00e1s le gustaba de estar aqu\u00ed, \u00e9l nos respondi\u00f3: \u00abLo que m\u00e1s me gusta [&hellip;]<\/p>\n","protected":false},"author":2,"featured_media":0,"comment_status":"open","ping_status":"open","sticky":false,"template":"","format":"standard","meta":{"jetpack_post_was_ever_published":false,"_jetpack_newsletter_access":"","_jetpack_dont_email_post_to_subs":false,"_jetpack_newsletter_tier_id":0,"_jetpack_memberships_contains_paywalled_content":false,"_jetpack_memberships_contains_paid_content":false,"footnotes":""},"categories":[1],"tags":[2267,293,207],"class_list":["post-9656","post","type-post","status-publish","format-standard","hentry","category-blog","tag-africano","tag-colegio","tag-nino"],"jetpack_featured_media_url":"","jetpack_shortlink":"https:\/\/wp.me\/p5fzW5-2vK","jetpack-related-posts":[],"jetpack_sharing_enabled":true,"_links":{"self":[{"href":"https:\/\/www.granadablogs.com\/juezcalatayud\/wp-json\/wp\/v2\/posts\/9656","targetHints":{"allow":["GET"]}}],"collection":[{"href":"https:\/\/www.granadablogs.com\/juezcalatayud\/wp-json\/wp\/v2\/posts"}],"about":[{"href":"https:\/\/www.granadablogs.com\/juezcalatayud\/wp-json\/wp\/v2\/types\/post"}],"author":[{"embeddable":true,"href":"https:\/\/www.granadablogs.com\/juezcalatayud\/wp-json\/wp\/v2\/users\/2"}],"replies":[{"embeddable":true,"href":"https:\/\/www.granadablogs.com\/juezcalatayud\/wp-json\/wp\/v2\/comments?post=9656"}],"version-history":[{"count":3,"href":"https:\/\/www.granadablogs.com\/juezcalatayud\/wp-json\/wp\/v2\/posts\/9656\/revisions"}],"predecessor-version":[{"id":9659,"href":"https:\/\/www.granadablogs.com\/juezcalatayud\/wp-json\/wp\/v2\/posts\/9656\/revisions\/9659"}],"wp:attachment":[{"href":"https:\/\/www.granadablogs.com\/juezcalatayud\/wp-json\/wp\/v2\/media?parent=9656"}],"wp:term":[{"taxonomy":"category","embeddable":true,"href":"https:\/\/www.granadablogs.com\/juezcalatayud\/wp-json\/wp\/v2\/categories?post=9656"},{"taxonomy":"post_tag","embeddable":true,"href":"https:\/\/www.granadablogs.com\/juezcalatayud\/wp-json\/wp\/v2\/tags?post=9656"}],"curies":[{"name":"wp","href":"https:\/\/api.w.org\/{rel}","templated":true}]}}