{"id":9619,"date":"2018-11-27T22:11:11","date_gmt":"2018-11-27T20:11:11","guid":{"rendered":"https:\/\/www.granadablogs.com\/juezcalatayud\/?p=9619"},"modified":"2018-11-27T22:16:59","modified_gmt":"2018-11-27T20:16:59","slug":"el-dia-del-maestro-es-todos-los-dias-todos-los-dias-hay-que-respetar-su-autoridad","status":"publish","type":"post","link":"https:\/\/www.granadablogs.com\/juezcalatayud\/2018\/11\/el-dia-del-maestro-es-todos-los-dias-todos-los-dias-hay-que-respetar-su-autoridad\/","title":{"rendered":"El D\u00eda del Maestro es todos los d\u00edas, todos los d\u00edas hay que respetar su autoridad"},"content":{"rendered":"<p>&nbsp;<\/p>\n<figure id=\"attachment_8048\" aria-describedby=\"caption-attachment-8048\" style=\"width: 644px\" class=\"wp-caption aligncenter\"><img loading=\"lazy\" decoding=\"async\" class=\"wp-image-8048 size-large\" src=\"https:\/\/www.granadablogs.com\/juezcalatayud\/wp-content\/uploads\/2018\/03\/Gafas-644x306.jpg\" alt=\"\" width=\"644\" height=\"306\" srcset=\"https:\/\/www.granadablogs.com\/juezcalatayud\/wp-content\/uploads\/2018\/03\/Gafas-644x306.jpg 644w, https:\/\/www.granadablogs.com\/juezcalatayud\/wp-content\/uploads\/2018\/03\/Gafas-300x143.jpg 300w, https:\/\/www.granadablogs.com\/juezcalatayud\/wp-content\/uploads\/2018\/03\/Gafas-768x365.jpg 768w, https:\/\/www.granadablogs.com\/juezcalatayud\/wp-content\/uploads\/2018\/03\/Gafas.jpg 984w\" sizes=\"auto, (max-width: 644px) 100vw, 644px\" \/><figcaption id=\"caption-attachment-8048\" class=\"wp-caption-text\">ideal.es<\/figcaption><\/figure>\n<p>Buenas, llego un poco tarde, pero es que he estado pensando si escrib\u00eda o no sobre el D\u00eda del Maestro, que se celebra hoy. Dudaba porque para m\u00ed el D\u00eda del Maestro es todos los d\u00edas. Todos los d\u00edas hay que respetar la autoridad de los maestros. Eso es lo que hacen las sociedades maduras. Y la nuestra todav\u00eda no lo es del todo. Queda trabajo por hacer. Y no debe ser flor de un d\u00eda. De todas formas, felicidades. Y \u00e1nimo.<\/p>\n","protected":false},"excerpt":{"rendered":"<p>&nbsp; Buenas, llego un poco tarde, pero es que he estado pensando si escrib\u00eda o no sobre el D\u00eda del Maestro, que se celebra hoy. Dudaba porque para m\u00ed el D\u00eda del Maestro es todos los d\u00edas. Todos los d\u00edas hay que respetar la autoridad de los maestros. Eso es lo que hacen las sociedades [&hellip;]<\/p>\n","protected":false},"author":2,"featured_media":0,"comment_status":"open","ping_status":"open","sticky":false,"template":"","format":"standard","meta":{"jetpack_post_was_ever_published":false,"_jetpack_newsletter_access":"","_jetpack_dont_email_post_to_subs":false,"_jetpack_newsletter_tier_id":0,"_jetpack_memberships_contains_paywalled_content":false,"_jetpack_memberships_contains_paid_content":false,"footnotes":""},"categories":[1],"tags":[2266,624],"class_list":["post-9619","post","type-post","status-publish","format-standard","hentry","category-blog","tag-del-maestro","tag-dia"],"jetpack_featured_media_url":"","jetpack_shortlink":"https:\/\/wp.me\/p5fzW5-2v9","jetpack-related-posts":[],"jetpack_sharing_enabled":true,"_links":{"self":[{"href":"https:\/\/www.granadablogs.com\/juezcalatayud\/wp-json\/wp\/v2\/posts\/9619","targetHints":{"allow":["GET"]}}],"collection":[{"href":"https:\/\/www.granadablogs.com\/juezcalatayud\/wp-json\/wp\/v2\/posts"}],"about":[{"href":"https:\/\/www.granadablogs.com\/juezcalatayud\/wp-json\/wp\/v2\/types\/post"}],"author":[{"embeddable":true,"href":"https:\/\/www.granadablogs.com\/juezcalatayud\/wp-json\/wp\/v2\/users\/2"}],"replies":[{"embeddable":true,"href":"https:\/\/www.granadablogs.com\/juezcalatayud\/wp-json\/wp\/v2\/comments?post=9619"}],"version-history":[{"count":3,"href":"https:\/\/www.granadablogs.com\/juezcalatayud\/wp-json\/wp\/v2\/posts\/9619\/revisions"}],"predecessor-version":[{"id":9622,"href":"https:\/\/www.granadablogs.com\/juezcalatayud\/wp-json\/wp\/v2\/posts\/9619\/revisions\/9622"}],"wp:attachment":[{"href":"https:\/\/www.granadablogs.com\/juezcalatayud\/wp-json\/wp\/v2\/media?parent=9619"}],"wp:term":[{"taxonomy":"category","embeddable":true,"href":"https:\/\/www.granadablogs.com\/juezcalatayud\/wp-json\/wp\/v2\/categories?post=9619"},{"taxonomy":"post_tag","embeddable":true,"href":"https:\/\/www.granadablogs.com\/juezcalatayud\/wp-json\/wp\/v2\/tags?post=9619"}],"curies":[{"name":"wp","href":"https:\/\/api.w.org\/{rel}","templated":true}]}}