{"id":9614,"date":"2018-11-26T21:30:45","date_gmt":"2018-11-26T19:30:45","guid":{"rendered":"https:\/\/www.granadablogs.com\/juezcalatayud\/?p=9614"},"modified":"2018-11-26T21:30:45","modified_gmt":"2018-11-26T19:30:45","slug":"agradezco-a-mis-padres-que-me-espiasen-cuando-era-menor-para-que-no-la-liase-hasta-me-hacian-escuchas-telefonicas","status":"publish","type":"post","link":"https:\/\/www.granadablogs.com\/juezcalatayud\/2018\/11\/agradezco-a-mis-padres-que-me-espiasen-cuando-era-menor-para-que-no-la-liase-hasta-me-hacian-escuchas-telefonicas\/","title":{"rendered":"Agradezco a mis padres que me espiasen cuando era menor para que no la liase, hasta me hac\u00edan &#8216;escuchas telef\u00f3nicas&#8217;"},"content":{"rendered":"<p>&nbsp;<\/p>\n<figure id=\"attachment_9590\" aria-describedby=\"caption-attachment-9590\" style=\"width: 644px\" class=\"wp-caption aligncenter\"><img loading=\"lazy\" decoding=\"async\" class=\"wp-image-9590 size-large\" src=\"https:\/\/www.granadablogs.com\/juezcalatayud\/wp-content\/uploads\/2018\/11\/Jaen-y-Emilio-644x428.jpg\" alt=\"\" width=\"644\" height=\"428\" srcset=\"https:\/\/www.granadablogs.com\/juezcalatayud\/wp-content\/uploads\/2018\/11\/Jaen-y-Emilio-644x428.jpg 644w, https:\/\/www.granadablogs.com\/juezcalatayud\/wp-content\/uploads\/2018\/11\/Jaen-y-Emilio-300x200.jpg 300w, https:\/\/www.granadablogs.com\/juezcalatayud\/wp-content\/uploads\/2018\/11\/Jaen-y-Emilio-768x511.jpg 768w\" sizes=\"auto, (max-width: 644px) 100vw, 644px\" \/><figcaption id=\"caption-attachment-9590\" class=\"wp-caption-text\">Foto Juan de Dios Ortiz<\/figcaption><\/figure>\n<p>Buenas, soy Emilio Calatayud. Cuando era menor -y creo que despu\u00e9s tambi\u00e9n- mis padres espiaban mi intimidad, y la de mis hermanos, para que no la liase y yo se lo agradezco. Estoy convencido de que no eran los \u00fanicos que lo hac\u00edan. Es m\u00e1s, seguro que lo hac\u00edan la mayor\u00eda de los padres. Te registraban los bolsillos, la cartera del cole y los cajones. Y le\u00edan las cartas que mandabas o te mandaban. Incluso te hac\u00edan &#8216;escuchas telef\u00f3nicas&#8217;. En las casas sol\u00eda haber dos tel\u00e9fonos fijos, tipo g\u00f3ndola y tal, y mientras t\u00fa hablabas por uno, tus padres escuchaban por el otro.\u00a1Qu\u00e9 tiempos! No era una intromisi\u00f3n, era responsabilidad. La ley nos exige que respondamos por las trastadas que hacen nuestros hijos y tambi\u00e9n que los protejamos, luego tenemos derecho a vigilarlos. Es de caj\u00f3n. Y m\u00e1s ahora que cualquier menor tiene un m\u00f3vil con conexi\u00f3n a Internet que puede servir para cometer delitos o para ser v\u00edctima de delitos.<\/p>\n<p>&nbsp;<\/p>\n","protected":false},"excerpt":{"rendered":"<p>&nbsp; Buenas, soy Emilio Calatayud. Cuando era menor -y creo que despu\u00e9s tambi\u00e9n- mis padres espiaban mi intimidad, y la de mis hermanos, para que no la liase y yo se lo agradezco. Estoy convencido de que no eran los \u00fanicos que lo hac\u00edan. Es m\u00e1s, seguro que lo hac\u00edan la mayor\u00eda de los padres. [&hellip;]<\/p>\n","protected":false},"author":2,"featured_media":0,"comment_status":"open","ping_status":"open","sticky":false,"template":"","format":"standard","meta":{"jetpack_post_was_ever_published":false,"_jetpack_newsletter_access":"","_jetpack_dont_email_post_to_subs":false,"_jetpack_newsletter_tier_id":0,"_jetpack_memberships_contains_paywalled_content":false,"_jetpack_memberships_contains_paid_content":false,"footnotes":""},"categories":[1],"tags":[2264,2265],"class_list":["post-9614","post","type-post","status-publish","format-standard","hentry","category-blog","tag-escuchas","tag-telefonicas"],"jetpack_featured_media_url":"","jetpack_shortlink":"https:\/\/wp.me\/p5fzW5-2v4","jetpack-related-posts":[],"jetpack_sharing_enabled":true,"_links":{"self":[{"href":"https:\/\/www.granadablogs.com\/juezcalatayud\/wp-json\/wp\/v2\/posts\/9614","targetHints":{"allow":["GET"]}}],"collection":[{"href":"https:\/\/www.granadablogs.com\/juezcalatayud\/wp-json\/wp\/v2\/posts"}],"about":[{"href":"https:\/\/www.granadablogs.com\/juezcalatayud\/wp-json\/wp\/v2\/types\/post"}],"author":[{"embeddable":true,"href":"https:\/\/www.granadablogs.com\/juezcalatayud\/wp-json\/wp\/v2\/users\/2"}],"replies":[{"embeddable":true,"href":"https:\/\/www.granadablogs.com\/juezcalatayud\/wp-json\/wp\/v2\/comments?post=9614"}],"version-history":[{"count":4,"href":"https:\/\/www.granadablogs.com\/juezcalatayud\/wp-json\/wp\/v2\/posts\/9614\/revisions"}],"predecessor-version":[{"id":9618,"href":"https:\/\/www.granadablogs.com\/juezcalatayud\/wp-json\/wp\/v2\/posts\/9614\/revisions\/9618"}],"wp:attachment":[{"href":"https:\/\/www.granadablogs.com\/juezcalatayud\/wp-json\/wp\/v2\/media?parent=9614"}],"wp:term":[{"taxonomy":"category","embeddable":true,"href":"https:\/\/www.granadablogs.com\/juezcalatayud\/wp-json\/wp\/v2\/categories?post=9614"},{"taxonomy":"post_tag","embeddable":true,"href":"https:\/\/www.granadablogs.com\/juezcalatayud\/wp-json\/wp\/v2\/tags?post=9614"}],"curies":[{"name":"wp","href":"https:\/\/api.w.org\/{rel}","templated":true}]}}